{"id":662309,"date":"2026-09-03T01:40:09","date_gmt":"2026-09-03T01:40:09","guid":{"rendered":"https:\/\/www.europesays.com\/it\/662309\/"},"modified":"2026-09-03T01:40:09","modified_gmt":"2026-09-03T01:40:09","slug":"inter-akanji-ora-e-in-bilico-novita-verso-il-napoli-con-vista-champions","status":"publish","type":"post","link":"https:\/\/www.europesays.com\/it\/662309\/","title":{"rendered":"Inter, Akanji ora \u00e8 in bilico. Novit\u00e0 verso il Napoli con vista Champions"},"content":{"rendered":"<p>                                Lo svizzero \u00e8 in calo e sabato rischia il posto. Pronto Bisseck al centro con Pavard e Bastoni<\/p>\n<p class=\"paragraph\" spellcheck=\"true\">Il muro si riesce a tirare su facilmente, ma d\u2019altronde l\u2019Inter (tradotto: Cristian Chivu) al mercato chiedeva nuove certezze e una quantit\u00e0 ragionevole di alternative. E le ha avute. Missione compiuta. Allo stesso allenatore sono bastati gi\u00e0 i primi centottanta minuti della nuova stagione per appurare la bont\u00e0 di un reparto cos\u00ec ben nutrito. Ed ecco dunque che anche lo stakanovista di ferro Manuel Akanji pu\u00f2 \u201cconcedersi\u201d un momento di minor brillantezza. Proprio lui che ha chiuso la passata stagione da giocatore di movimento pi\u00f9 impiegato tra tutti i nerazzurri. All\u2019esordio col Monza, e poi anche a Cagliari, invece non \u00e8 riuscito a restare in campo per tutti e novanta i minuti. L\u2019inamovibile ha presto iniziato a provare una sensazione tutta nuova per lui da quando \u00e8 all\u2019Inter, ovvero quella della sostituzione. Ed entrambe le volte ha battuto il cinque a bordocampo e lasciato il posto all\u2019ex compagno di Manchester John Stones.\u00a0<\/p>\n<p>        momento no\u2014 \u00a0<\/p>\n<p class=\"paragraph\" spellcheck=\"true\">Per ora, insomma, sembra proprio un altro Akanji. Pi\u00f9 affaticato e incline a sbavature che l\u2019anno scorso non gli appartenevano. Insufficiente. Perch\u00e9 da uno come lui, arrivato l\u2019ultimo giorno del mercato estivo del 2025 e ufficializzato esattamente un anno fa, ci si aspetta sempre tanto. Qualit\u00e0, quantit\u00e0 e quella concentrazione che \u00e8 mancata tra il Monza (sul gol di Varela) e Cagliari (con l\u2019ammonizione rimediata dopo aver atterrato Maldini). Chivu in entrambe le gare si \u00e8 girato verso la panchina e ha cambiato il cuore svizzero della sua difesa capendo il momento no di quell\u2019elemento che la scorsa stagione, in A, \u00e8 stato sostituito per la prima volta soltanto alla 29esima giornata di campionato. Akanji dopo l\u2019ultima amichevole interista col Betis aveva affermato: &#8220;Non credo che ci vorr\u00e0 molto per tornare al 100%&#8221;. A tre giorni dal primo big match di questa nuova annata, per\u00f2, quella forma smagliante lo svizzero ancora non l\u2019ha ritrovata, questo \u00e8 sicuro. Altrettanto certo per\u00f2 \u00e8 che ad Appiano Gentile non \u00e8 scattato alcun allarme. Il miglior Akanji si rivedr\u00e0, ma intanto Chivu valuta le famose alternative, variazioni sul tema difesa che in un calendario sempre pi\u00f9 fitto si riproporranno pi\u00f9 volte, e per pi\u00f9 motivi, da qui a maggio\/giugno.\u00a0<\/p>\n<p>        come pu\u00f2 cambiare\u2014 \u00a0<\/p>\n<p class=\"paragraph\" spellcheck=\"true\">Il Napoli pu\u00f2 cos\u00ec diventare spartito per una nuova melodia da suonare davanti a Martinez. Tre giorni per studiare e alzare un nuovo muro. Magari composto da Benji Pavard, Yann Bisseck in mezzo e Alessandro Bastoni. Il francese sta vivendo la sua seconda vita interista dopo un\u2019estate con in mano una valigia che poi ha messo via con voglia e dedizione; il secondo \u00e8 in formissima, ha garantito solidit\u00e0 e si \u00e8 pure tolto lo sfizio di segnare un gol ai brianzoli al debutto; l\u2019azzurro infine non ha brillato e non ha deluso, c\u2019\u00e8 e vorr\u00e0 esserci sia a San Siro contro Allegri sia a Madrid contro il Real. Gi\u00e0, perch\u00e9 ora inizia quel periodo in cui si  inizia a vedere (e a ragionare) doppio. Tra la Serie A e l\u2019Europa. Come dire, vedi Napoli e poi&#8230; la Champions.<\/p>\n","protected":false},"excerpt":{"rendered":"Lo svizzero \u00e8 in calo e sabato rischia il posto. Pronto Bisseck al centro con Pavard e Bastoni&hellip;\n","protected":false},"author":3,"featured_media":637210,"comment_status":"","ping_status":"","sticky":false,"template":"","format":"standard","meta":{"footnotes":"","_share_on_mastodon":"0"},"categories":[1452],"tags":[226625,365077,365078,797,365079,365080,55649,365081,2901,19898,14753,6300,721,1969,2839,767,12440,1740,1976,8956,350,6041,1537,90,89,1412,3479,11121,4092,248,273,17298,12621,1739,245,244,577,10947,26783],"class_list":["post-662309","post","type-post","status-publish","format-standard","has-post-thumbnail","category-calcio","tag-affaticato","tag-affaticato-incline","tag-affaticato-incline-sbavature","tag-affermato","tag-affermato-credo","tag-affermato-credo-vorra","tag-akanji","tag-akanji-affaticato","tag-alternative","tag-bastoni","tag-bisseck","tag-cagliari","tag-calcio","tag-champions","tag-chivu","tag-difesa","tag-entrambe","tag-football","tag-gol","tag-inizia","tag-inter","tag-interista","tag-it","tag-italia","tag-italy","tag-mercato","tag-minuti","tag-monza","tag-muro","tag-napoli","tag-nuova","tag-pavard","tag-quantita","tag-soccer","tag-sport","tag-sports","tag-stagione","tag-svizzero","tag-vorra"],"share_on_mastodon":{"url":"https:\/\/pubeurope.com\/@it\/117204564194239096","error":""},"_links":{"self":[{"href":"https:\/\/www.europesays.com\/it\/wp-json\/wp\/v2\/posts\/662309","targetHints":{"allow":["GET"]}}],"collection":[{"href":"https:\/\/www.europesays.com\/it\/wp-json\/wp\/v2\/posts"}],"about":[{"href":"https:\/\/www.europesays.com\/it\/wp-json\/wp\/v2\/types\/post"}],"author":[{"embeddable":true,"href":"https:\/\/www.europesays.com\/it\/wp-json\/wp\/v2\/users\/3"}],"replies":[{"embeddable":true,"href":"https:\/\/www.europesays.com\/it\/wp-json\/wp\/v2\/comments?post=662309"}],"version-history":[{"count":0,"href":"https:\/\/www.europesays.com\/it\/wp-json\/wp\/v2\/posts\/662309\/revisions"}],"wp:featuredmedia":[{"embeddable":true,"href":"https:\/\/www.europesays.com\/it\/wp-json\/wp\/v2\/media\/637210"}],"wp:attachment":[{"href":"https:\/\/www.europesays.com\/it\/wp-json\/wp\/v2\/media?parent=662309"}],"wp:term":[{"taxonomy":"category","embeddable":true,"href":"https:\/\/www.europesays.com\/it\/wp-json\/wp\/v2\/categories?post=662309"},{"taxonomy":"post_tag","embeddable":true,"href":"https:\/\/www.europesays.com\/it\/wp-json\/wp\/v2\/tags?post=662309"}],"curies":[{"name":"wp","href":"https:\/\/api.w.org\/{rel}","templated":true}]}}