{"id":662332,"date":"2026-09-03T02:07:14","date_gmt":"2026-09-03T02:07:14","guid":{"rendered":"https:\/\/www.europesays.com\/it\/662332\/"},"modified":"2026-09-03T02:07:14","modified_gmt":"2026-09-03T02:07:14","slug":"rinnovo-pio-esposito-inter-perche-ha-fatto-un-contratto-di-sei-anni","status":"publish","type":"post","link":"https:\/\/www.europesays.com\/it\/662332\/","title":{"rendered":"Rinnovo Pio Esposito-Inter: perch\u00e9 ha fatto un contratto di sei anni"},"content":{"rendered":"<p>                                Mentre in buona parte degli altri campionati \u00e8 una prassi consolidata (Nico Williams, per esempio, ha rinnovato per 10 anni), quello di Esposito \u00e8 il primo in Italia<\/p>\n<p>            <a class=\"image is-50x50\" href=\"https:\/\/www.gazzetta.it\/redazione\/gregorio-spigno\/\" rel=\"nofollow noopener\" target=\"_blank\"><br \/>\n                <img decoding=\"async\" class=\"is-rounded\" src=\"https:\/\/www.europesays.com\/it\/wp-content\/uploads\/2025\/11\/gregorio_spigno_avatar.png\" alt=\"Gregorio Spigno\"\/><br \/>\n            <\/a><\/p>\n<p>Giornalista<\/p>\n<p>                    2 settembre &#8211; 17:54  &#8211; MILANO<\/p>\n<p class=\"paragraph\" spellcheck=\"true\">Solitamente, il rinnovo di un contratto rappresenta il primo capitolo di una nuova storia. Per\u00f2, nel caso di Pio Esposito, la storia \u00e8 gi\u00e0 stata scritta solo ponendo nero su bianco la firma sul prolungamento di contratto con l&#8217;Inter. Perch\u00e9 per la prima volta, in Italia, un calciatore sigla un rinnovo di pi\u00f9 di 5 anni. Precisamente di 6 nel caso dell&#8217;attaccante nerazzurro, fino al 30 giugno del 2032 (con sostanziale aumento dell&#8217;ingaggio). Una pratica mai vista n\u00e9 soprattutto utilizzata da nessuno nel nostro Paese, ma perch\u00e9 la societ\u00e0 nerazzurra ha potuto procedere? Merito di una nuova legge, approvata il 30 giugno 2025 con decreto n.96 dal titolo &#8220;Disposizioni urgenti per l&#8217;organizzazione e lo svolgimento di grandi eventi sportivi, nonch\u00e9 ulteriori disposizioni urgenti in materia di sport&#8221;, che ha prolungato da 5 a 8 anni la durata massima di un vincolo contrattuale tra le societ\u00e0 di calcio e i giocatori stessi. Nel vecchio testo del decreto legge c&#8217;era chiaramente scritto che &#8220;il contratto di lavoro subordinato sportivo pu\u00f2 contenere l&#8217;apposizione di un termine finale non superiore a cinque anni dalla data di inizio del rapporto&#8221;, mentre in quello attuale il termine &#8220;cinque&#8221; \u00e8 semplicemente stato sostituito da &#8220;otto&#8221;. E la ratio della legge \u00e8 semplice: garantire maggiore stabilit\u00e0 ai club, ormai aziende che fatturano centinaia di milioni.\u00a0<\/p>\n<p><a class=\"is-partner-link\" href=\"https:\/\/ad.doubleclick.net\/ddm\/trackclk\/N1792338.340088CAIRORCSMEDIAS.P.\/B28038690.452531709;dc_trk_aid=646241311;dc_trk_cid=173665161;dc_lat=;dc_rdid=;tag_for_child_directed_treatment=;tfua=;gdpr=%24%7BGDPR%7D;gdpr_consent=%24%7BGDPR_CONSENT_755%7D;ltd=;dc_tdv=1\" rel=\"nofollow noopener\" target=\"_blank\">Guarda tutte le partite di Serie A Enilive in esclusiva nei locali Sky! Trova il locale pi\u00f9 vicino a te.<\/a><\/p>\n<p>        come i fenomeni\u2014 \u00a0<\/p>\n<p class=\"paragraph\" spellcheck=\"true\">In gran parte di altri paesi dell&#8217;Unione Europea, e soprattutto negli altri campionati di calcio, questa metodologia \u00e8 ormai consolidata da tempo: l&#8217;anno scorso Nico Williams ha rinnovato con l&#8217;Athletic dal 2025 addirittura per 10 anni, fino al 2035; Mudryk approd\u00f2 al Chelsea firmano un accordo di 8 anni e mezzo, Enzo Fernandez (prima di trasferirsi al Manchester City) aveva con il Chelsea un accordo dal 2023 al 2032. Poi Haaland, Palmer, Wan-Bissaka, Pedro Neto, Caicedo, Sancet. Un metodo molto utilizzato soprattutto in Inghilterra ed in Spagna, specialmente da club come il Chelsea e l&#8217;Atletico Bilbao. Ma, almeno in Italia e per quanto riguarda i contratti di atleti professionisti,\u00a0l\u2019ammortamento dei costi di acquisizione non pu\u00f2 essere superiore a cinque esercizi finanziari. Quindi i costi dell&#8217;ingaggio di Pio verranno comunque spalmanti su cinque anni, nonostante il contratto di Esposito sia valido per sei.\u00a0\u00a0<\/p>\n<p class=\"is-copyright\">\u00a9 RIPRODUZIONE RISERVATA<\/p>\n","protected":false},"excerpt":{"rendered":"Mentre in buona parte degli altri campionati \u00e8 una prassi consolidata (Nico Williams, per esempio, ha rinnovato per&hellip;\n","protected":false},"author":3,"featured_media":662333,"comment_status":"","ping_status":"","sticky":false,"template":"","format":"standard","meta":{"footnotes":"","_share_on_mastodon":"0"},"categories":[1452],"tags":[579,721,15790,5368,631,554,31539,365089,365090,6693,3524,2582,19121,365091,7171,1740,1148,7183,1537,90,89,1207,4978,303074,7173,21730,1739,337,245,244],"class_list":["post-662332","post","type-post","status-publish","format-standard","has-post-thumbnail","category-calcio","tag-accordo","tag-calcio","tag-campionati","tag-chelsea","tag-cinque","tag-club","tag-consolidata","tag-consolidata-nico","tag-consolidata-nico-williams","tag-contratto","tag-costi","tag-decreto","tag-disposizioni","tag-disposizioni-urgenti","tag-esposito","tag-football","tag-giugno","tag-ingaggio","tag-it","tag-italia","tag-italy","tag-legge","tag-nico","tag-nico-williams","tag-pio","tag-rinnovo","tag-soccer","tag-soprattutto","tag-sport","tag-sports"],"share_on_mastodon":{"url":"https:\/\/pubeurope.com\/@it\/117204672048212033","error":""},"_links":{"self":[{"href":"https:\/\/www.europesays.com\/it\/wp-json\/wp\/v2\/posts\/662332","targetHints":{"allow":["GET"]}}],"collection":[{"href":"https:\/\/www.europesays.com\/it\/wp-json\/wp\/v2\/posts"}],"about":[{"href":"https:\/\/www.europesays.com\/it\/wp-json\/wp\/v2\/types\/post"}],"author":[{"embeddable":true,"href":"https:\/\/www.europesays.com\/it\/wp-json\/wp\/v2\/users\/3"}],"replies":[{"embeddable":true,"href":"https:\/\/www.europesays.com\/it\/wp-json\/wp\/v2\/comments?post=662332"}],"version-history":[{"count":0,"href":"https:\/\/www.europesays.com\/it\/wp-json\/wp\/v2\/posts\/662332\/revisions"}],"wp:featuredmedia":[{"embeddable":true,"href":"https:\/\/www.europesays.com\/it\/wp-json\/wp\/v2\/media\/662333"}],"wp:attachment":[{"href":"https:\/\/www.europesays.com\/it\/wp-json\/wp\/v2\/media?parent=662332"}],"wp:term":[{"taxonomy":"category","embeddable":true,"href":"https:\/\/www.europesays.com\/it\/wp-json\/wp\/v2\/categories?post=662332"},{"taxonomy":"post_tag","embeddable":true,"href":"https:\/\/www.europesays.com\/it\/wp-json\/wp\/v2\/tags?post=662332"}],"curies":[{"name":"wp","href":"https:\/\/api.w.org\/{rel}","templated":true}]}}