{"id":662379,"date":"2026-09-03T03:10:17","date_gmt":"2026-09-03T03:10:17","guid":{"rendered":"https:\/\/www.europesays.com\/it\/662379\/"},"modified":"2026-09-03T03:10:17","modified_gmt":"2026-09-03T03:10:17","slug":"non-potevo-perdere-quel-treno-vasco-rossi-tra-il-sogno-da-paracadutista-e-il-servizio-militare-i-fan-come-avremmo-fatto-senza-le-tue-canzoni","status":"publish","type":"post","link":"https:\/\/www.europesays.com\/it\/662379\/","title":{"rendered":"\u201cNon potevo perdere quel treno\u201d: Vasco Rossi tra il sogno da paracadutista e il servizio militare. I fan: \u201cCome avremmo fatto senza le tue canzoni\u201d"},"content":{"rendered":"<p>Bologna, 2 settembre 2026 \u2013 Oggi per diversi fan di <a rel=\"follow nofollow noopener\" href=\"https:\/\/www.ilrestodelcarlino.it\/bologna\/cultura\/vasco-rossi-cosi-nata-vita-spericolata-b657e521\" target=\"_blank\"><strong>Vasco Rossi<\/strong><\/a><strong>\u00a0<\/strong>\u00e8 una giornata speciale: grazie all\u2019incontro con il loro <strong>Komandante<\/strong>. \u201cFacciamo il XVIII incontro con i fortunatissimi selezionati del Blasco fan club \u2013 scrive sui sociale il rocker nella nostra localit\u00e0 segretissima .. a Castellaneta Marina (Taranto)\u201d. Qui prepara abitualmente anche i suoi tour, un luogo che molti fan di Vasco conoscono bene: ogni giorno durante la sua <strong>permanenza in Puglia<\/strong>, riceve anche il spiaggia la sua combriccola attende con ansia il momento giusto per fare un<strong> selfie<\/strong> con il Kom o strappargli un autografo. A fare da sfondo a questo momento magico, l<strong>o splendido mare di Castellaneta<\/strong>. E proprio qui, oggi il rocker incontra i fan, quelli \u201cfortunatissimi\u201d.<\/p>\n<p>Approfondisci:<\/p>\n<p><a href=\"https:\/\/www.ilrestodelcarlino.it\/emilia-romagna\/cronaca\/diesel-euro-5-blocco-vtdo43p5\" class=\"ArticleEmbed_article__embed__content__Jzqnz\" rel=\"nofollow noopener\" target=\"_blank\">Guidi un Diesel Euro 5? L\u2019Emilia-Romagna potrebbe evitare il blocco dal 1\u00b0 ottobre: le alternative in campo<img alt=\"Guidi un Diesel Euro 5? L\u2019Emilia-Romagna potrebbe evitare il blocco dal 1\u00b0 ottobre: le alternative in campo\" loading=\"lazy\" width=\"140\" height=\"78\" decoding=\"async\" data-nimg=\"1\" style=\"color:transparent\"  src=\"https:\/\/www.europesays.com\/it\/wp-content\/uploads\/2026\/09\/stop-alla-circolazione-delle-auto-diesel-euro-5-da-quando-e-come-funziona-la-norma.webp\"\/><\/a><br \/>\nVasco e la chiamata alle armi <\/p>\n<p>\u201c(Per quello che ho da fare) <strong>Faccio il militare sar\u00e0 il tema centrale<\/strong>\u201d, ha ricordato Vasco nel post. Un\u2019occasione per <strong>raccontare un po\u2019 del suo passato<\/strong>. Spesso attraverso i fan l\u2019artista torna indietro con la sua storia personale e professionale ricordando dei momenti significativi della sua vita. \u201cA proposito del militare \u2013 aggiunge &#8211; . Una curiosit\u00e0. <strong>Io a 18 anni, quando feci i \u2018tre giorni\u2019, feci domanda per entrare nel corpo dei paracadutisti<\/strong>. Volevo vedere se ero davvero in grado di buttarmi gi\u00f9 da un aereo, se avevo davvero l\u2019autocontrollo necessario. Avevo 18 anni e <strong>volevo testare me stesso<\/strong>. Questa era l\u2019idea: verificare se ero capace di superare la paura. Dopo due giorni di esami, in pi\u00f9 risultai ABILE e arruolato. (ero veramente sano come un pesce). <strong>Poi invece rimandai perch\u00e9 mi ero iscritto all\u2019universit\u00e0. <\/strong>Dopo qualche anno \u2013 spiega -, quando <strong>mi richiamarono per fare il servizio vero<\/strong>, stava gi\u00e0 partendo la mia storia musicale. Avevo fatto il primo disco, <strong>ero diventato il deejay di un locale importante. Non potevo perdere quel treno<\/strong>. Dire che avevo qualche problema fisico era un po\u2019 difficile da sostenere\u2026\u201d.\u00a0Le sue parole sono accompagnate da<strong> un paio di foto<\/strong> che lo ritraggono, forse non a caso, con la <strong>pistola ad acqua <\/strong>e in versione indiano.<\/p>\n<p> <img alt=\"Vasco Rossi in vacanza di Puglia (foto Instagram)\" loading=\"lazy\" width=\"1600\" height=\"1066\" decoding=\"async\" data-nimg=\"1\" style=\"color:transparent;max-width:100%;height:auto\"   src=\"https:\/\/www.europesays.com\/it\/wp-content\/uploads\/2026\/09\/vasco-rossi-in-vacanza-di-puglia-foto-instagram.webp\"\/><\/p>\n<p>Vasco Rossi in vacanza di Puglia (foto Instagram)<\/p>\n<p>Vasco e il militare\u00a0a Salerno <\/p>\n<p>Approfondisci:<\/p>\n<p><a href=\"https:\/\/www.ilrestodelcarlino.it\/bologna\/cultura\/vasco-rossi-cosi-nata-vita-spericolata-b657e521\" class=\"ArticleEmbed_article__embed__content__Jzqnz\" rel=\"nofollow noopener\" target=\"_blank\">Vasco Rossi: \u201cCos\u00ec \u00e8 nata Vita spericolata, la canzone pi\u00f9 fraintesa nella storia dell&#8217;umanit\u00e0\u201d<img alt=\"Vasco Rossi: \u201cCos\u00ec \u00e8 nata Vita spericolata, la canzone pi\u00f9 fraintesa nella storia dell'umanit\u00e0\u201d\" loading=\"lazy\" width=\"140\" height=\"78\" decoding=\"async\" data-nimg=\"1\" style=\"color:transparent\"  src=\"https:\/\/www.europesays.com\/it\/wp-content\/uploads\/2026\/09\/vasco-rossi-ha-spiegato-in-un-post-come-e-nata-la-canzone-vita-spericolata-foto-instagram.webp\"\/><\/a> <\/p>\n<p><strong>Nel\u201989 Vasco fu arruolato a Salerno<\/strong>. La fatidica \u2018cartolina\u2019 e la chiamata alle armi, ispir\u00f2 poi la canzone \u201cnon siamo mica gli americani.. che loro sparano agli indiani..\u201d. \u201cA 26 anni \u2013 aveva raccontato in un\u2019intervista al Mattino &#8211; era cambiato tutto, ero partito per la mia avventura artistica, passava un treno che non potevo perdere. Non ero fatto per la naja<strong>. Furono clementi, mi diedero il foglio di rientro per casa. Con i capelli corti per\u00f2\u201d.<\/strong><\/p>\n<p> <img alt=\"\u201cNon potevo perdere quel treno\u201d: Vasco Rossi tra il sogno da paracadutista e il servizio militare. I fan: \u201cCome avremmo fatto senza le tue canzoni\u201d\" loading=\"lazy\" width=\"429\" height=\"762\" decoding=\"async\" data-nimg=\"1\" style=\"color:transparent\"  src=\"https:\/\/www.dailymotion.com\/thumbnail\/1280x720\/video\/xaxp2uq?f=16%3A9&amp;q=0.75&amp;w=1280\"\/><br \/>\nLa reazione dei fan <\/p>\n<p>Il post del cantante, come sempre, ha scatenato<strong> i fan che hanno dimostrato il loro affetto <\/strong>con tanti \u2018mi piace\u2019 e messaggi. \u201cMeno male che quel treno della Musica lo hai preso al volo: hai preferito far saltare per aria i palazzetti piuttosto che lanciarti col paracadute. Grazie Vasco\u201d, scrive una follower. <strong>\u201cMeno male che su quel treno ci sei salito.<\/strong>..<strong>come avremmo fatto senza le tue canzoni\u2026<\/strong>\u201d, fa eco un\u2019altra. \u201cEri diventato il deejay di uno dei locali pi\u00f9 belli della \u2018nostra\u2019 Modena: quanto avrei voluto essere l\u00ec per vederti mettere su dei dischi!\u201d. E poi tanti cuori sotto al post.<\/p>\n<p>Il videoclip \u201cGli angeli\u201d <\/p>\n<p>Sempre oggi Vasco Rossi ha pubblicato un altro post dedicato a un bel <strong>ricordo che risale a 30 anni fa quando il videoclip \u201cGli angeli\u201d \u00e8 stato presentato alla Mostra del Cinema di Venezia.<\/strong> Girato e diretto da <strong>Roman Pola\u0144ski<\/strong> \u00e8 il primo videoclip presentato fuori concorso al Festival. Le immagini che accompagnano le parole del kom, regalano a distanza di anni una grande emozione. <strong>Tra i tantissimi like<\/strong> al post, spunta anche quello di <strong>Laura Pausini.<\/strong><\/p>\n<p>Vasco re degli incassi <\/p>\n<p>Vasco non \u00e8 solo il re del rock, ma anche degli <strong>incassi.<\/strong> Secondo quanto riportato dal Corriere della Sera \u201cil 2025 ha avuto un<strong> vincitore di incassi sul fronte musicale in Italia ed \u00e8 Vasco Rossi.<\/strong> La societ\u00e0 a cui fa riferimento, Giamaica, ha chiuso l\u2019anno con quasi 12,9 milioni di euro di ricavi\u201d. A l secondo posto c\u2019\u00e8 <strong>Fedez<\/strong> \u201cche con le sue tre societ\u00e0 ha totalizzato 11,8 milioni e terzo posto, a chiudere il podio, per <strong>Ultimo<\/strong> con poco pi\u00f9 di 10 milioni di introiti per la sua Ultimo entertainment srl\u201d.<\/p>\n","protected":false},"excerpt":{"rendered":"Bologna, 2 settembre 2026 \u2013 Oggi per diversi fan di Vasco Rossi\u00a0\u00e8 una giornata speciale: grazie all\u2019incontro con&hellip;\n","protected":false},"author":3,"featured_media":662380,"comment_status":"","ping_status":"","sticky":false,"template":"","format":"standard","meta":{"footnotes":"","_share_on_mastodon":"0"},"categories":[174],"tags":[365103,9797,203,204,1537,90,89,794,61619,8013,33415,9509,669,14019,18122],"class_list":["post-662379","post","type-post","status-publish","format-standard","has-post-thumbnail","category-intrattenimento","tag-avremmo","tag-canzoni","tag-entertainment","tag-intrattenimento","tag-it","tag-italia","tag-italy","tag-militare","tag-paracadutista","tag-perdere","tag-potevo","tag-rossi","tag-servizio","tag-treno","tag-vasco"],"share_on_mastodon":{"url":"https:\/\/pubeurope.com\/@it\/117204918800933473","error":""},"_links":{"self":[{"href":"https:\/\/www.europesays.com\/it\/wp-json\/wp\/v2\/posts\/662379","targetHints":{"allow":["GET"]}}],"collection":[{"href":"https:\/\/www.europesays.com\/it\/wp-json\/wp\/v2\/posts"}],"about":[{"href":"https:\/\/www.europesays.com\/it\/wp-json\/wp\/v2\/types\/post"}],"author":[{"embeddable":true,"href":"https:\/\/www.europesays.com\/it\/wp-json\/wp\/v2\/users\/3"}],"replies":[{"embeddable":true,"href":"https:\/\/www.europesays.com\/it\/wp-json\/wp\/v2\/comments?post=662379"}],"version-history":[{"count":0,"href":"https:\/\/www.europesays.com\/it\/wp-json\/wp\/v2\/posts\/662379\/revisions"}],"wp:featuredmedia":[{"embeddable":true,"href":"https:\/\/www.europesays.com\/it\/wp-json\/wp\/v2\/media\/662380"}],"wp:attachment":[{"href":"https:\/\/www.europesays.com\/it\/wp-json\/wp\/v2\/media?parent=662379"}],"wp:term":[{"taxonomy":"category","embeddable":true,"href":"https:\/\/www.europesays.com\/it\/wp-json\/wp\/v2\/categories?post=662379"},{"taxonomy":"post_tag","embeddable":true,"href":"https:\/\/www.europesays.com\/it\/wp-json\/wp\/v2\/tags?post=662379"}],"curies":[{"name":"wp","href":"https:\/\/api.w.org\/{rel}","templated":true}]}}