{"id":662383,"date":"2026-09-03T03:12:27","date_gmt":"2026-09-03T03:12:27","guid":{"rendered":"https:\/\/www.europesays.com\/it\/662383\/"},"modified":"2026-09-03T03:12:27","modified_gmt":"2026-09-03T03:12:27","slug":"renault-scenic-e-tech-electric-2026-fino-a-642-km-di-autonomia-e-nuovo-prezzo-da-32-500-euro-news","status":"publish","type":"post","link":"https:\/\/www.europesays.com\/it\/662383\/","title":{"rendered":"Renault Scenic E-Tech Electric 2026: fino a 642 km di autonomia e nuovo prezzo da 32.500 euro &#8211; News"},"content":{"rendered":"<p>\n            Batteria NMC da 89 kWh, ricarica pi\u00f9 rapida del 25%, Google Gemini a bordo e un listino che riscrive il posizionamento della familiare elettrica francese\n        <\/p>\n<p>              2 settembre 2026<\/p>\n<p><a href=\"https:\/\/www.automoto.it\/news\/touch-screen-in-auto-anche-renault-frena-i-tasti-fisici-non-si-toccano.html\" rel=\"nofollow noopener\" target=\"_blank\"><strong>Renault<\/strong><\/a> non ha aspettato il classico restyling di met\u00e0 carriera per rimettere mano alla <strong>Scenic E-Tech Electric<\/strong>. L&#8217;aggiornamento appena annunciato tocca tutti i punti che pesano davvero nella scelta di una elettrica famigliare, cio\u00e8 <strong>autonomia<\/strong>, <strong>velocit\u00e0 di ricarica<\/strong>, tecnologia di bordo e prezzo. Ed \u00e8 proprio l&#8217;ultima voce a fare pi\u00f9 rumore, perch\u00e9 la soglia d&#8217;ingresso scende a <strong>32.500 euro<\/strong>.<\/p>\n<p>                            <img decoding=\"async\" class=\"img-fluid \" loading=\"lazy\" data-zoomable=\"\" src=\"https:\/\/cdn-img.automoto.it\/images\/51859406\/2000x\/renault-scenic-e-tech-electric.jpg?quality=75&amp;format=webp&amp;width=800\" data-zoom-src=\"https:\/\/www.europesays.com\/it\/wp-content\/uploads\/2026\/09\/renault-scenic-e-tech-electric.jpg\" width=\"1920\" height=\"1280\" alt=\"Renault\"\/><\/p>\n<p>                    Renault<\/p>\n<p>            Due batterie, un solo motore<\/p>\n<p>La semplificazione parte dalla meccanica. Tutte le versioni adottano ora il <strong>motore da 220 CV<\/strong>, mentre la differenziazione passa esclusivamente dall&#8217;accumulatore. La protagonista del lancio \u00e8 la <strong>batteria NMC da 89 kWh Long Range<\/strong>, che dichiara fino a <strong>642 km di autonomia WLTP<\/strong> e soprattutto guadagna un 25% sulle prestazioni in corrente continua: si passa <strong>dal 15 all&#8217;80% in 28 minuti<\/strong>, con picco di <strong>150 kW<\/strong>.<\/p>\n<p>Pi\u00f9 avanti arriver\u00e0 la <strong>batteria LFP da 67 kWh Comfort Range<\/strong>, buona per <strong>467 km WLTP<\/strong> e capace di sorprendere in colonnina, visto che chiude la stessa finestra di ricarica in <strong>24 minuti<\/strong> toccando addirittura <strong>165 kW<\/strong> di picco. Merito dell&#8217;architettura <strong>cell to pack<\/strong> gi\u00e0 vista sulla nuova Megane E-Tech Electric, con 232 celle a sacchetto disposte in modo da raggiungere un tasso di riempimento del 53%.<\/p>\n<p>                            <img decoding=\"async\" class=\"img-fluid \" loading=\"lazy\" data-zoomable=\"\" src=\"https:\/\/cdn-img.automoto.it\/images\/51859425\/2000x\/renault-scenic-e-tech-electric.jpg?quality=75&amp;format=webp&amp;width=800\" data-zoom-src=\"https:\/\/www.europesays.com\/it\/wp-content\/uploads\/2026\/09\/1788405140_455_renault-scenic-e-tech-electric.jpg\" width=\"1920\" height=\"1084\" alt=\"Renault Scenic E-Tech Electric\"\/><\/p>\n<p>                    Renault Scenic E-Tech Electric<\/p>\n<p>                                            Renault<\/p>\n<p>            Abitacolo rivisto e due tinte inedite<\/p>\n<p>Nell&#8217;allestimento <strong>Techno<\/strong> cambiano sedili anteriori e panchetta posteriore, rivestiti con un tessuto PET composto per oltre il 95% da filati riciclati. La plancia guadagna un rivestimento nero carbonio con una cucitura a forma di fulmine, piccolo omaggio grafico all&#8217;anima elettrica dell&#8217;auto. L&#8217;allestimento <strong>Esprit Alpine<\/strong> punta invece su inserti effetto titanio, realizzati con almeno il 75% di materiali riciclati.<\/p>\n<p>Fuori arrivano <strong>nuovi cerchi da 19 pollici<\/strong>, lame dei paraurti in nero lucido e due colori inediti che portano la palette a sette tinte: <strong>Blu Ardesia satinato<\/strong> e <strong>Grigio Galaxy<\/strong>.<\/p>\n<p>                                        <img decoding=\"async\" class=\"img-fluid\" alt=\"\" loading=\"lazy\" src=\"https:\/\/www.europesays.com\/it\/wp-content\/uploads\/2026\/09\/1788405141_659_renault-scenic-e-tech-electric.jpg\" width=\"1920\" height=\"1280\"\/><\/p>\n<p>                        Abitacolo Renault Scenic E-Tech Electric<\/p>\n<p>                                                    Renault<\/p>\n<p>                                        <img decoding=\"async\" class=\"img-fluid\" alt=\"\" loading=\"lazy\" src=\"https:\/\/www.europesays.com\/it\/wp-content\/uploads\/2026\/09\/1788405141_718_renault-scenic-e-tech-electric.jpg\" width=\"1920\" height=\"1280\"\/><\/p>\n<p>                                                    Renault<\/p>\n<p>            La guida assistita diventa pi\u00f9 sveglia<\/p>\n<p>Il capitolo <strong>ADAS<\/strong> \u00e8 forse il pi\u00f9 interessante. La nuova funzione <strong>Multi Target<\/strong> analizza contemporaneamente pi\u00f9 veicoli e traiettorie, cos\u00ec da anticipare inserimenti e cambi di corsia nel traffico intenso. L&#8217;<strong>Active Driver Assist<\/strong> migliora la vista realistica sul display, il <strong>Temporary Lane Drift<\/strong> guadagna reattivit\u00e0 fino a 70 km\/h e debutta l&#8217;<strong>Emergency Stop Assist<\/strong>, che porta l&#8217;auto all&#8217;arresto completo se rileva l&#8217;inattivit\u00e0 di chi guida.<\/p>\n<p>C&#8217;\u00e8 anche una <strong>eco guida predittiva<\/strong> che sfrutta le mappe connesse per leggere in anticipo rotatorie, curve e incroci, promettendo fino al 6% di consumi in meno. Al MULTI SENSE si aggiunge poi lo <strong>Smart Mode<\/strong>, che alterna da solo Eco, Comfort e Sport seguendo il ritmo del conducente.<\/p>\n<p>                            <img decoding=\"async\" class=\"img-fluid \" loading=\"lazy\" data-zoomable=\"\" src=\"https:\/\/cdn-img.automoto.it\/images\/51859623\/2000x\/renault-scenic-e-tech-electric.jpg?quality=75&amp;format=webp&amp;width=800\" data-zoom-src=\"https:\/\/www.europesays.com\/it\/wp-content\/uploads\/2026\/09\/1788405143_15_renault-scenic-e-tech-electric.jpg\" width=\"1920\" height=\"1280\" alt=\"Posto guida\"\/><\/p>\n<p>                    Posto guida<\/p>\n<p>                                            Renault Scenic E-Tech Electric<\/p>\n<p>            Gemini sale a bordo<\/p>\n<p>Sul fronte digitale la novit\u00e0 pesante \u00e8 <strong>Google Gemini<\/strong>, disponibile come alternativa attivabile a Google Assistant per dialogare con l&#8217;auto in linguaggio naturale. Il pacchetto comprende <strong>2 GB di dati al mese inclusi per tre anni<\/strong>, la nuova <strong>app my rnlt<\/strong> per pianificare i percorsi da smartphone e inviarli alla navigazione, e un <strong>caricatore a induzione Qi2<\/strong>, compatibile MagSafe, dotato di magneti e ventilazione contro il surriscaldamento. La telecamera interna, ormai obbligatoria per il monitoraggio dell&#8217;attenzione, viene sfruttata anche per riconoscere il conducente e richiamarne automaticamente posizione di guida, preferenze multimediali e ambient lighting.<\/p>\n<p>                            <img decoding=\"async\" class=\"img-fluid \" loading=\"lazy\" data-zoomable=\"\" src=\"https:\/\/cdn-img.automoto.it\/images\/51859527\/2000x\/renault-scenic-e-tech-electric.jpg?quality=75&amp;format=webp&amp;width=800\" data-zoom-src=\"https:\/\/www.europesays.com\/it\/wp-content\/uploads\/2026\/09\/1788405144_449_renault-scenic-e-tech-electric.jpg\" width=\"1920\" height=\"1280\" alt=\"Schermo centrale\"\/><\/p>\n<p>                    Schermo centrale<\/p>\n<p>                                            Renault<\/p>\n<p>            Accessori per famiglie e animali<\/p>\n<p>Renault gioca la carta della praticit\u00e0 con un catalogo pensato per chi viaggia carico: organizer sulla console centrale, doppio pianale del bagagliaio, contenitore pieghevole per la seconda fila, seggiolino e pettorina di sicurezza per gli animali, persino una macchina da caff\u00e8 Handpresso per ingannare l&#8217;attesa in ricarica. Chi ha bisogno di spazio extra pu\u00f2 aggiungere l&#8217;<strong>Aero Cargo Box<\/strong>, montato sul gancio di traino, che porta 310 litri in pi\u00f9 ai 545 di serie.<\/p>\n<p>                                        <img decoding=\"async\" class=\"img-fluid\" alt=\"\" loading=\"lazy\" src=\"https:\/\/www.europesays.com\/it\/wp-content\/uploads\/2026\/09\/1788405145_357_renault-scenic-e-tech-electric.jpg\" width=\"1920\" height=\"1280\"\/><\/p>\n<p>                                        <img decoding=\"async\" class=\"img-fluid\" alt=\"\" loading=\"lazy\" src=\"https:\/\/www.europesays.com\/it\/wp-content\/uploads\/2026\/09\/1788405145_693_renault-scenic-e-tech-electric.jpg\" width=\"1920\" height=\"1280\"\/><\/p>\n<p>                        Bagagliaio<\/p>\n<p>                                                    Renault<\/p>\n<p>            Prezzi<\/p>\n<p>La gamma si riduce a tre proposte. La <strong>Techno 220 CV Comfort Range<\/strong> apre il listino a <strong>32.500 euro<\/strong>, la <strong>Esprit Alpine 220 CV Long Range<\/strong> chiede <strong>39.950 euro<\/strong>, mentre la <strong>Techno 220 CV Long Range<\/strong> da <strong>47.950 euro<\/strong> \u00e8 destinata alle flotte aziendali.<\/p>\n<p>            Renault Scenic E-Tech Electric 2026: fino a 642 km di autonomia e nuovo prezzo da 32.500 euro<\/p>\n<p>                    <a class=\"aimg-link app-gallery-opener\" data-index=\"0\" href=\"#\" aria-label=\"Apri gallery\"><\/p>\n<p>                        <img decoding=\"async\" class=\"img-fluid\" alt=\"\" loading=\"lazy\" src=\"https:\/\/www.europesays.com\/it\/wp-content\/uploads\/2026\/09\/1788405146_33_renault-scenic-e-tech-electric.jpg\" width=\"1920\" height=\"1920\"\/><\/p>\n<p>                                            <\/a><\/p>\n<p>                    <a class=\"aimg-link app-gallery-opener\" data-index=\"1\" href=\"#\" aria-label=\"Apri gallery\"><\/p>\n<p>                        <img decoding=\"async\" class=\"img-fluid\" alt=\"\" loading=\"lazy\" src=\"https:\/\/www.europesays.com\/it\/wp-content\/uploads\/2026\/09\/1788405147_756_renault-scenic-e-tech-electric.jpg\" width=\"1920\" height=\"1280\"\/><\/p>\n<p>                                            <\/a><\/p>\n","protected":false},"excerpt":{"rendered":"Batteria NMC da 89 kWh, ricarica pi\u00f9 rapida del 25%, Google Gemini a bordo e un listino che&hellip;\n","protected":false},"author":3,"featured_media":662384,"comment_status":"","ping_status":"","sticky":false,"template":"","format":"standard","meta":{"footnotes":"","_share_on_mastodon":"0"},"categories":[172],"tags":[178,2765,4463,2966,177,25580,1537,90,89,7,6561],"class_list":["post-662383","post","type-post","status-publish","format-standard","has-post-thumbnail","category-affari","tag-affari","tag-auto","tag-auto-elettrica","tag-batterie","tag-business","tag-elettrico","tag-it","tag-italia","tag-italy","tag-news","tag-renault"],"share_on_mastodon":{"url":"https:\/\/pubeurope.com\/@it\/117204926879329687","error":""},"_links":{"self":[{"href":"https:\/\/www.europesays.com\/it\/wp-json\/wp\/v2\/posts\/662383","targetHints":{"allow":["GET"]}}],"collection":[{"href":"https:\/\/www.europesays.com\/it\/wp-json\/wp\/v2\/posts"}],"about":[{"href":"https:\/\/www.europesays.com\/it\/wp-json\/wp\/v2\/types\/post"}],"author":[{"embeddable":true,"href":"https:\/\/www.europesays.com\/it\/wp-json\/wp\/v2\/users\/3"}],"replies":[{"embeddable":true,"href":"https:\/\/www.europesays.com\/it\/wp-json\/wp\/v2\/comments?post=662383"}],"version-history":[{"count":0,"href":"https:\/\/www.europesays.com\/it\/wp-json\/wp\/v2\/posts\/662383\/revisions"}],"wp:featuredmedia":[{"embeddable":true,"href":"https:\/\/www.europesays.com\/it\/wp-json\/wp\/v2\/media\/662384"}],"wp:attachment":[{"href":"https:\/\/www.europesays.com\/it\/wp-json\/wp\/v2\/media?parent=662383"}],"wp:term":[{"taxonomy":"category","embeddable":true,"href":"https:\/\/www.europesays.com\/it\/wp-json\/wp\/v2\/categories?post=662383"},{"taxonomy":"post_tag","embeddable":true,"href":"https:\/\/www.europesays.com\/it\/wp-json\/wp\/v2\/tags?post=662383"}],"curies":[{"name":"wp","href":"https:\/\/api.w.org\/{rel}","templated":true}]}}