{"id":662389,"date":"2026-09-03T03:15:17","date_gmt":"2026-09-03T03:15:17","guid":{"rendered":"https:\/\/www.europesays.com\/it\/662389\/"},"modified":"2026-09-03T03:15:17","modified_gmt":"2026-09-03T03:15:17","slug":"il-ringraziamento-di-piero-ausilio","status":"publish","type":"post","link":"https:\/\/www.europesays.com\/it\/662389\/","title":{"rendered":"Il ringraziamento di Piero Ausilio"},"content":{"rendered":"<p class=\"chakra-text etrndzc0 css-8jppfn\">Dopo 28 anni indimenticabili, \u00e8 arrivato il momento pi\u00f9 difficile: salutare quella che per me non \u00e8 mai stata una semplice squadra, ma una seconda pelle. In quasi tre decenni ho dato all&#8217;Inter ogni singolo secondo della mia vita, ogni energia, ogni battito. <\/p>\n<p class=\"chakra-text etrndzc0 css-8jppfn\">L\u2019Inter \u00e8 nel mio sangue, \u00e8 l\u2019aria che ho respirato ogni giorno. Il mio grazie pi\u00f9 profondo e commosso va a voi tifosi, l&#8217;anima pulsante di questa maglia, che mi avete accompagnato e sostenuto in questo viaggio infinito. <\/p>\n<p class=\"chakra-text etrndzc0 css-8jppfn\">Grazie alle propriet\u00e0, dirigenti e collaboratori tutti, che negli anni mi hanno dato fiducia, dandomi l&#8217;onore di guidare l&#8217;area sportiva di questo gigante del calcio mondiale. E grazie a tutti gli allenatori, giocatori, campioni immensi e uomini veri, che con il loro talento e il loro sudore hanno alzato al cielo trofei che resteranno per sempre scolpiti nella storia di questo club, come la Seconda Stella nerazzurra.<\/p>\n<p class=\"chakra-text etrndzc0 css-8jppfn\">Lascio questo ruolo, ma non potr\u00f2 mai staccarmi da questi colori. Oggi non si chiude solo un capitolo professionale: si separa un pezzo della mia anima da ci\u00f2 che ho amato di pi\u00f9. <\/p>\n<p class=\"chakra-text etrndzc0 css-8jppfn\">Grazie Inter<\/p>\n<p class=\"chakra-text etrndzc0 css-8jppfn\"><b>Piero Ausilio<\/b><\/p>\n","protected":false},"excerpt":{"rendered":"Dopo 28 anni indimenticabili, \u00e8 arrivato il momento pi\u00f9 difficile: salutare quella che per me non \u00e8 mai&hellip;\n","protected":false},"author":3,"featured_media":662390,"comment_status":"","ping_status":"","sticky":false,"template":"","format":"standard","meta":{"footnotes":"","_share_on_mastodon":"0"},"categories":[6],"tags":[14,8,1537,90,89,7,15,82,9,83,10,13,11,80,84,12,81,85],"class_list":["post-662389","post","type-post","status-publish","format-standard","has-post-thumbnail","category-ultime-notizie","tag-cronaca","tag-headlines","tag-it","tag-italia","tag-italy","tag-news","tag-notizie","tag-notizie-di-cronaca","tag-notizie-principali","tag-notiziedicronaca","tag-notizieprincipali","tag-titoli","tag-ultime-notizie","tag-ultime-notizie-di-cronaca","tag-ultime-notizie-e-news-di-oggi","tag-ultimenotizie","tag-ultimenotiziedicronaca","tag-ultimenotizieenewsdioggi"],"share_on_mastodon":{"url":"https:\/\/pubeurope.com\/@it\/117204938015265865","error":""},"_links":{"self":[{"href":"https:\/\/www.europesays.com\/it\/wp-json\/wp\/v2\/posts\/662389","targetHints":{"allow":["GET"]}}],"collection":[{"href":"https:\/\/www.europesays.com\/it\/wp-json\/wp\/v2\/posts"}],"about":[{"href":"https:\/\/www.europesays.com\/it\/wp-json\/wp\/v2\/types\/post"}],"author":[{"embeddable":true,"href":"https:\/\/www.europesays.com\/it\/wp-json\/wp\/v2\/users\/3"}],"replies":[{"embeddable":true,"href":"https:\/\/www.europesays.com\/it\/wp-json\/wp\/v2\/comments?post=662389"}],"version-history":[{"count":0,"href":"https:\/\/www.europesays.com\/it\/wp-json\/wp\/v2\/posts\/662389\/revisions"}],"wp:featuredmedia":[{"embeddable":true,"href":"https:\/\/www.europesays.com\/it\/wp-json\/wp\/v2\/media\/662390"}],"wp:attachment":[{"href":"https:\/\/www.europesays.com\/it\/wp-json\/wp\/v2\/media?parent=662389"}],"wp:term":[{"taxonomy":"category","embeddable":true,"href":"https:\/\/www.europesays.com\/it\/wp-json\/wp\/v2\/categories?post=662389"},{"taxonomy":"post_tag","embeddable":true,"href":"https:\/\/www.europesays.com\/it\/wp-json\/wp\/v2\/tags?post=662389"}],"curies":[{"name":"wp","href":"https:\/\/api.w.org\/{rel}","templated":true}]}}