{"id":662414,"date":"2026-09-03T03:55:14","date_gmt":"2026-09-03T03:55:14","guid":{"rendered":"https:\/\/www.europesays.com\/it\/662414\/"},"modified":"2026-09-03T03:55:14","modified_gmt":"2026-09-03T03:55:14","slug":"italia-mancini-la-nostra-nazionale-e-ancora-tra-le-prime-10-al-mondo","status":"publish","type":"post","link":"https:\/\/www.europesays.com\/it\/662414\/","title":{"rendered":"Italia, Mancini: &#8216;La nostra Nazionale \u00e8 ancora tra le prime 10 al mondo&#8217;"},"content":{"rendered":"<p>Il Ct dell&#8217;Italia ha anticipato alcuni temi della sua nuova avventura in azzurro a Sky Sport, alla vigilia della cerimonia del Gal\u00e0 del calcio: &#8220;Ci sono giovani che vanno inseriti ma c&#8217;\u00e8 anche bisogno di fare risultati. Si pu\u00f2 vincere anche non avendo i migliori giocatori in assoluto come ci insegna il Como&#8221;. Ed ancora: &#8220;Attacco da lavorare anche se abbiamo Pio Esposito e Kean&#8221;<\/p>\n<p>GRAN GAL\u00c0 DEL CALCIO: <a data-intcmp=\"skysport_foglia articolo_interlink_text\" rel=\"follow nofollow noopener\" href=\"https:\/\/sport.sky.it\/calcio\/serie-a\/2026\/09\/02\/gran-gala-calcio-2026-vincitori-premi\" target=\"_blank\">PREMI<\/a> &#8211;\u00a0<a href=\"https:\/\/sport.sky.it\/calcio\/serie-a\/2026\/09\/02\/gran-gala-calcio-2026-top-11-serie-a\" rel=\"nofollow noopener\" target=\"_blank\">TOP 11<\/a> &#8211; <a href=\"https:\/\/sport.sky.it\/calcio\/serie-a\/2026\/09\/02\/gran-gala-calcio-2026-red-carpet-foto\" rel=\"nofollow noopener\" target=\"_blank\">RED CARPET<\/a><\/p>\n<p>Ospite a Sky Sport 24 per le premiazioni del Gala del calcio, il Ct dell&#8217;Italia Roberto <strong>Mancini <\/strong>fa un po&#8217; il punto della situazione quando non manca molto alle prime convocazioni della sua nuova avventura in azzurro: &#8220;Dovremo essere rapidi a prendere delle decisioni &#8211; dice &#8211; <strong>I giovani vanno inseriti ma dobbiamo anche fare i risultati,<\/strong> siamo l&#8217;Italia, vogliamo fare cose importanti ma non ho ancora parlato con i &#8216;senatori&#8217;. Faremo pi\u00f9 partite che allenamenti, non mi aspetto niente, vedremo quello che succeder\u00e0. C&#8217;\u00e8 tanta qualit\u00e0 anche in Serie A, abbiamo coperto tutti i campi, siamo informati&#8221;. C&#8217;\u00e8 da andare a scovare e recuperare talenti: &#8220;Ci sono stati momenti in cui c&#8217;erano davvero troppi talenti, \u00e8 capitato a noi di vivere un momento come questo &#8211; spiega ancora &#8211; <strong>E&#8217; anche vero che bisogna fare meglio<\/strong>, prendiamo ad esempio il Como, non \u00e8 arrivato l\u00ec per caso ma perch\u00e9 ha delle persone serie che lavorano bene, non hanno una grande pressione per\u00f2 \u00e8 arrivato dov&#8217;\u00e8 con merito. Queste cose <strong>si possono fare anche non avendo i migliori giocatori e si pu\u00f2 arrivare a vincere giocando bene&#8221;.<\/strong><\/p>\n<p>\t\t\t&#8220;Italia sempre pericolosa per tutti in una fase finale&#8221;<\/p>\n<p>Arriver\u00e0 presto il momento delle prime scelte: &#8220;La squadra \u00e8 quella l\u00ec e lo sappiamo, \u00e8 chiaro che avremo un po&#8217; pi\u00f9 di difficolt\u00e0 ma questo non ci spaventa. Io credo che la vittoria dell&#8217;Europeo sia una cosa che debba essere presa ad esempio, eravamo considerati la sesta o la settima squadra, per\u00f2 <strong>l&#8217;Italia quando arriva a una fase finale di un Europeo o un Mondiale diventa pericolosa per tutti <\/strong>anche se non parte da favorita. Dobbiamo cercare di lavorare bene ora per arrivare alle fasi finali, questo \u00e8 il nostro obiettivo&#8221;. In un ipotetica gerarchia, dove si pone questa Italia? <strong>&#8220;Penso che nonostante tutto l&#8217;Italia sia tra le prime 10 nazionali pi\u00f9 forti al mondo<\/strong>, io credo che si possa anche risalire nel ranking e fare qualcosa di molto positivo &#8211; ribadisce &#8211; Convocazioni? Faremo una pre-lista di 50-60 giocatori&#8221;. Si parte immediatamente con delle gare difficili (Belgio, Turchia e Francia): &#8220;Tutte le partite saranno difficili, ma anche per i nostri avversari non saranno semplici. Il sistema di gioco 4-3-3? Ma s\u00ec l&#8217;idea di base \u00e8 quella, ma poi dipender\u00e0 anche da quello che avremo a disposizione&#8221;.<\/p>\n<p>\t\t\t&#8220;Portiere e difesa ok, in attacco bisogna lavorare anche se c&#8217;\u00e8 Pio&#8221;<\/p>\n<p>Un&#8217;Italia che ripartir\u00e0 da una base solida garantita dal portiere e da una difesa di livello: &#8220;Per il portiere e la difesa siamo abbastanza tranquilli, a centrocampo e in attacco dobbiamo lavorare. Intanto davanti abbiamo uno come <strong>Pio Esposito<\/strong> che \u00e8 un titolare dell&#8217;Inter, quando abbiamo vinto l&#8217;Europeo avevamo<strong> Ciro Immobile<\/strong> che era l&#8217;attaccante della Lazio che arriv\u00f2 quinta, dunque questo \u00e8 gi\u00e0 un passo in avanti &#8211; dice &#8211; Noi speriamo che ne giochino di pi\u00f9 di attaccanti italiani, ma abbiamo anche <strong>Moise Kean.<\/strong> Giocatori ce ne sono, bisogna dargli fiducia, permettergli anche di sbagliare all&#8217;inizio, poi per\u00f2 apprendono in fretta&#8221;. Due giornate di campionato e qualche spunto interessante: &#8220;In queste prime due giornate abbiamo visto diversi giocatori interessanti. <strong>Magari alcuni che non si conoscono<\/strong> tanto perch\u00e9 giocano anche all&#8217;estero. Anche qualcuno molto giovane &#8211; dice ancora &#8211; Come Retegui? Neanche io prima di vederlo giocare sapevo chi fosse poi l&#8217;ho visto giocare e ho pensato che potesse essere utile&#8221;. Infine, diversi italiani in Premier: &#8220;E&#8217; un grande vantaggio avere dei giocatori che giocano in Premier League,<strong> Calafiori, Kayode, Tonali, Palestra&#8230;&#8221;<\/strong><\/p>\n<p>    Segui tutti gli aggiornamenti di Sky Sport<\/p>\n<p><a href=\"https:\/\/profile.google.com\/cp\/CgovbS8wNGZfbTN4\" rel=\"nofollow noopener\" target=\"_blank\">&#8211; Segui Sky Sport su Google Discover-<\/a>\u00a0Non perderti live, news e video<\/p>\n<p><a href=\"https:\/\/www.whatsapp.com\/channel\/0029Va3UU8oFi8xatgf6sJ3V\" rel=\"nofollow noopener\" target=\"_blank\">&#8211; WhatsApp &#8211;<\/a>\u00a0Le notizie che devi sapere? Le trovi sul canale di Sky Sport<\/p>\n<p><a href=\"https:\/\/sport.sky.it\/video\/highlights?intcmp=skysport_social-connection_inline_skylights\" rel=\"nofollow noopener\" target=\"_blank\">&#8211; Guarda tutti gli Highlights &#8211;<\/a>\u00a0Entra in SkyLightsRoom<\/p>\n<p><a href=\"https:\/\/www.sky.it\/offerte?intcmp=skysport_social-connection_inline_offerte\" rel=\"nofollow noopener\" target=\"_blank\">&#8211; Offerte Sky &#8211;<\/a>\u00a0Scopri le promozioni disponibili e attivale subito<\/p>\n<p>\u00a0<\/p>\n<p>\t            TAG:<\/p>\n","protected":false},"excerpt":{"rendered":"Il Ct dell&#8217;Italia ha anticipato alcuni temi della sua nuova avventura in azzurro a Sky Sport, alla vigilia&hellip;\n","protected":false},"author":3,"featured_media":662415,"comment_status":"","ping_status":"","sticky":false,"template":"","format":"standard","meta":{"footnotes":"","_share_on_mastodon":"0"},"categories":[1452],"tags":[721,1740,1537,90,89,2348,56208,1739,245,244],"class_list":["post-662414","post","type-post","status-publish","format-standard","has-post-thumbnail","category-calcio","tag-calcio","tag-football","tag-it","tag-italia","tag-italy","tag-nazionale","tag-roberto-mancini","tag-soccer","tag-sport","tag-sports"],"share_on_mastodon":{"url":"https:\/\/pubeurope.com\/@it\/117205095357284277","error":""},"_links":{"self":[{"href":"https:\/\/www.europesays.com\/it\/wp-json\/wp\/v2\/posts\/662414","targetHints":{"allow":["GET"]}}],"collection":[{"href":"https:\/\/www.europesays.com\/it\/wp-json\/wp\/v2\/posts"}],"about":[{"href":"https:\/\/www.europesays.com\/it\/wp-json\/wp\/v2\/types\/post"}],"author":[{"embeddable":true,"href":"https:\/\/www.europesays.com\/it\/wp-json\/wp\/v2\/users\/3"}],"replies":[{"embeddable":true,"href":"https:\/\/www.europesays.com\/it\/wp-json\/wp\/v2\/comments?post=662414"}],"version-history":[{"count":0,"href":"https:\/\/www.europesays.com\/it\/wp-json\/wp\/v2\/posts\/662414\/revisions"}],"wp:featuredmedia":[{"embeddable":true,"href":"https:\/\/www.europesays.com\/it\/wp-json\/wp\/v2\/media\/662415"}],"wp:attachment":[{"href":"https:\/\/www.europesays.com\/it\/wp-json\/wp\/v2\/media?parent=662414"}],"wp:term":[{"taxonomy":"category","embeddable":true,"href":"https:\/\/www.europesays.com\/it\/wp-json\/wp\/v2\/categories?post=662414"},{"taxonomy":"post_tag","embeddable":true,"href":"https:\/\/www.europesays.com\/it\/wp-json\/wp\/v2\/tags?post=662414"}],"curies":[{"name":"wp","href":"https:\/\/api.w.org\/{rel}","templated":true}]}}