{"id":662429,"date":"2026-09-03T04:09:19","date_gmt":"2026-09-03T04:09:19","guid":{"rendered":"https:\/\/www.europesays.com\/it\/662429\/"},"modified":"2026-09-03T04:09:19","modified_gmt":"2026-09-03T04:09:19","slug":"carnevali-k-thuram-tornera-dopo-di-yildiz-rispondo-cosi-a-kessie-su-woltemade-koopmeiners-e-nico","status":"publish","type":"post","link":"https:\/\/www.europesays.com\/it\/662429\/","title":{"rendered":"Carnevali: &#8220;K. Thuram torner\u00e0 dopo di Yildiz! Rispondo cos\u00ec a Kessie, su Woltemade, Koopmeiners e Nico&#8230;&#8221;"},"content":{"rendered":"<p>\nL&#8217;amministratore delegato della <strong>Juve<\/strong>, Giovanni <strong>Carnevali<\/strong>,  ha parlato a margine del Gran Gal\u00e0 del Calcio 2026 tenuto a Milano. Di seguito le sue dichiarazioni raccolte da Tmw fra campo e mercato:\n<\/p>\n<p>\n<strong>THURAM<\/strong> &#8211; &#8220;Kh\u00e9phren dovr\u00e0 fermarsi per pi\u00f9 tempo rispetto a Yildiz purtroppo. Siamo stati sfortunati&#8221;. <a href=\"https:\/\/www.sosfanta.com\/squadra\/juventus\/juve-infortunio-k-thuram-ginocchio-operazione-tempi-recupero-fantacalcio-asta\/\" rel=\"nofollow noopener\" target=\"_blank\">Leggi qui i tempi di recupero per Thuram<\/a>.\n<\/p>\n<p>\n<strong>KESSIE<\/strong> &#8211; &#8220;Per quanto riguarda Kessi\u00e9, fa parte del gioco. Quando pensi che un&#8217;operazione si possa fare e vengono cambiate le carte in tavola, noi dobbiamo virare su giocatori che abbiano voglia di vestire questa maglia&#8221;.\n<\/p>\n<p>\n<strong>KOOP E NICO<\/strong> &#8211; &#8220;I giocatori che sono rimasti, come Koopmeiners e Nico Gonzalez, dobbiamo metterli in luce per far s\u00ec che il loro valore venga valorizzato al massimo&#8221;.\n<\/p>\n<p>        <img src=\"https:\/\/www.europesays.com\/it\/wp-content\/uploads\/2026\/09\/GettyImages-2244194861-8e0971cd0eee-1200x800.jpg\"   width=\"715\" height=\"402\" alt=\"Cagliari Calcio v US Sassuolo Calcio - Serie A\" title=\"Cagliari Calcio v US Sassuolo Calcio - Serie A\" loading=\"eager\" fetchpriority=\"high\" decoding=\"sync\" class=\"w-full h-auto aspect-3\/2 object-cover object-top rounded-lg\"\/><\/p>\n<p>\n<strong>WOLTEMADE<\/strong> &#8211; &#8220;Dobbiamo iniziare a far parlare il campo. L&#8217;idea nasce da un&#8217;esigenza, quella di avere un giocatore con determinate caratteristiche. Quando non ci sono le possibilit\u00e0 di fare investimenti importanti bisogna trovare delle soluzioni valide&#8221;. Un&#8217;operazione nata in sinergia con tutta l&#8217;area sportiva: &#8220;Devo fare i complimenti a Ottolini e Massara, oltre che a mister Spalletti, per il grande gruppo di lavoro che si \u00e8 creato&#8221;.<\/p>\n","protected":false},"excerpt":{"rendered":"L&#8217;amministratore delegato della Juve, Giovanni Carnevali, ha parlato a margine del Gran Gal\u00e0 del Calcio 2026 tenuto a&hellip;\n","protected":false},"author":3,"featured_media":662430,"comment_status":"","ping_status":"","sticky":false,"template":"","format":"standard","meta":{"footnotes":"","_share_on_mastodon":"0"},"categories":[6],"tags":[6964,921,6963,14,2149,2097,3412,8,1537,90,89,14653,27732,365110,7,4978,15,82,9,83,10,811,33591,13,11,80,84,12,81,85,360141,10571],"class_list":["post-662429","post","type-post","status-publish","format-standard","has-post-thumbnail","category-ultime-notizie","tag-amministratore","tag-campo","tag-carnevali","tag-cronaca","tag-dobbiamo","tag-far","tag-giocatori","tag-headlines","tag-it","tag-italia","tag-italy","tag-kessie","tag-koopmeiners","tag-koopmeiners-nico","tag-news","tag-nico","tag-notizie","tag-notizie-di-cronaca","tag-notizie-principali","tag-notiziedicronaca","tag-notizieprincipali","tag-operazione","tag-thuram","tag-titoli","tag-ultime-notizie","tag-ultime-notizie-di-cronaca","tag-ultime-notizie-e-news-di-oggi","tag-ultimenotizie","tag-ultimenotiziedicronaca","tag-ultimenotizieenewsdioggi","tag-woltemade","tag-yildiz"],"share_on_mastodon":{"url":"","error":"Validation failed: Text character limit of 500 exceeded"},"_links":{"self":[{"href":"https:\/\/www.europesays.com\/it\/wp-json\/wp\/v2\/posts\/662429","targetHints":{"allow":["GET"]}}],"collection":[{"href":"https:\/\/www.europesays.com\/it\/wp-json\/wp\/v2\/posts"}],"about":[{"href":"https:\/\/www.europesays.com\/it\/wp-json\/wp\/v2\/types\/post"}],"author":[{"embeddable":true,"href":"https:\/\/www.europesays.com\/it\/wp-json\/wp\/v2\/users\/3"}],"replies":[{"embeddable":true,"href":"https:\/\/www.europesays.com\/it\/wp-json\/wp\/v2\/comments?post=662429"}],"version-history":[{"count":0,"href":"https:\/\/www.europesays.com\/it\/wp-json\/wp\/v2\/posts\/662429\/revisions"}],"wp:featuredmedia":[{"embeddable":true,"href":"https:\/\/www.europesays.com\/it\/wp-json\/wp\/v2\/media\/662430"}],"wp:attachment":[{"href":"https:\/\/www.europesays.com\/it\/wp-json\/wp\/v2\/media?parent=662429"}],"wp:term":[{"taxonomy":"category","embeddable":true,"href":"https:\/\/www.europesays.com\/it\/wp-json\/wp\/v2\/categories?post=662429"},{"taxonomy":"post_tag","embeddable":true,"href":"https:\/\/www.europesays.com\/it\/wp-json\/wp\/v2\/tags?post=662429"}],"curies":[{"name":"wp","href":"https:\/\/api.w.org\/{rel}","templated":true}]}}