{"id":662434,"date":"2026-09-03T04:22:17","date_gmt":"2026-09-03T04:22:17","guid":{"rendered":"https:\/\/www.europesays.com\/it\/662434\/"},"modified":"2026-09-03T04:22:17","modified_gmt":"2026-09-03T04:22:17","slug":"rassegna-stampa-02-09-2026-zerocinquantuno","status":"publish","type":"post","link":"https:\/\/www.europesays.com\/it\/662434\/","title":{"rendered":"Rassegna stampa 02\/09\/2026 &#8211; Zerocinquantuno"},"content":{"rendered":"<p>Tempo di Lettura:   2 minuti<a href=\"https:\/\/www.bolognafcstore.com\/it\" rel=\"noopener nofollow\" target=\"_blank\"><img loading=\"lazy\" decoding=\"async\" class=\"alignnone size-full\" src=\"https:\/\/www.europesays.com\/it\/wp-content\/uploads\/2025\/10\/banner-bologna-store-25-26-mini.png\" alt=\"\" width=\"750\" height=\"225\"\/><\/a>\t\t\t\t\t\t<\/p>\n<p style=\"text-align: center;\"><strong><a href=\"https:\/\/www.zerocinquantuno.it\/sostenitori\/i-razzi-store\/\" rel=\"nofollow noopener\" target=\"_blank\">I Razzi Store<\/a> sponsor ufficiale<\/strong><br \/><strong>20% di sconto se ti presenti a nome Zerocinquantuno!<\/strong><br \/><strong><a href=\"https:\/\/www.razzistore-bologna.it\/\" rel=\"nofollow noopener\" target=\"_blank\">www.razzistore-bologna.it<\/a><\/strong><\/p>\n<p style=\"text-align: justify;\"><strong>CORRIERE DI BOLOGNA<\/strong><\/p>\n<p style=\"text-align: justify;\">BOLOGNA, MERCATO DA LIQUIDAZIONE<\/p>\n<p style=\"text-align: justify;\">Una sessione estiva in attivo di 50 milioni. Ceduti tutti e tre i gioielli, tanti acquisti con diritto di riscatto: sorride solo Saputo. Non arriva nemmeno il regista che serviva. Ufficializzati gli affari Rowe e Mbangula. Tedesco, il gioco si vede ma sta mancando qualit\u00e0. L\u2019analisi della gara di Bergamo. Orsolini, stop di un mese?<\/p>\n<p style=\"text-align: justify;\"><strong>GAZZETTA DELLO SPORT\u00a0<\/strong><\/p>\n<p style=\"text-align: justify;\">BOLOGNA: ECCO MBANGULA, ENEM RESTA, NIENTE REGISTA<\/p>\n<p style=\"text-align: justify;\">Serviva un altro Freuler, ma la grossa perdita in mediana non \u00e8 stata rimpiazzata. Il club ha ceduto quattro pezzi top e quasi tutta la colonna vertebrale di un anno fa, cercando di trattenere Rowe, che per\u00f2 ha ribadito la sua volont\u00e0 di andarsene ed \u00e8 passato all\u2019Atalanta. Al suo posto l\u2019ex juventino Mbangula, ala pura capace di fare la fascia e con \u2018strappi\u2019 importanti. Lui e Theate sono stati \u2018sponsorizzati\u2019 da Tedesco, che li aveva lanciati nella Nazionale belga. La sorpresa \u00e8 Enem: lo stato attuale delle cose (Dovbyk indietro di condizione, Piccoli col problema del gol) ha fatto s\u00ec che restasse almeno fino a gennaio.<\/p>\n<p style=\"text-align: justify;\"><strong>REPUBBLICA<\/strong><\/p>\n<p style=\"text-align: justify;\">BOLOGNA, IL MERCATO CHIUDE CON ENEM E MBANGULA SENZA ALTRI COLPI DI SCENA<\/p>\n<p style=\"text-align: justify;\">Il bilancio finale \u00e8 di 60 milioni di entrate pi\u00f9 i 35 di Rowe a giugno. L\u2019attaccante olandese preso dalla Stella Rossa resta qui. Nessun acquisto per il centrocampo. Intanto Orsolini rischia tre settimane di stop: oggi gli esami. Applausi e certezze da Bernardeschi a Ferguson, ma ancora zero punti. Tanti complimenti a Tedesco per la gara di Bergamo con l\u2019Atalanta, per\u00f2 domenica al Dall\u2019Ara col Sassuolo sar\u00e0 gi\u00e0 decisiva.<\/p>\n<p style=\"text-align: justify;\"><strong>RESTO DEL CARLINO<\/strong><\/p>\n<p style=\"text-align: justify;\">IL BOLOGNA CHIUDE UN MERCATO SHOCK<\/p>\n<p style=\"text-align: justify;\">Tre big ceduti, l\u2019arrivo di Mbangula, 92 milioni di incassi e tanti dubbi. L\u2019ufficialit\u00e0 di Rowe all\u2019Atalanta (\u00abgrazie, non vi dimenticher\u00f2 mai\u00bb) mette fine ad un\u2019estate di addii pesantissimi. Contando i bonus, gli introiti potrebbero sforare quota 100. Ma in mezzo non \u00e8 arrivato l\u2019erede di Freuler. Moro, no all\u2019oro arabo. Muro Miranda alla Juve. I retroscena delle ultime ore: l\u2019Al-Jazira aveva offerto 3,5 milioni all\u2019anno al croato, mentre i bianconeri hanno riprovato l\u2019affondo per lo spagnolo. Karlsson spera nei mercati ancora aperti. Lo svedese si allena da solo a Casteldebole. Piccoli grandi problemi di gol. Superman avversari e legni colpiti. ma davanti la situazione preoccupa. Contro l\u2019Atalanta, cos\u00ec come con la Lazio, il Bologna ha prodotto gioco e creato tante occasioni da rete. Il fatturato offensivo, per\u00f2, \u00e8 inchiodato sullo zero: pesano la scarsa verve dell\u2019ex viola e la forma di Dovbyk. \u2018Orso\u2019 va k.o.: \u00e8 un arrivederci a dopo la sosta? Apprensione per le condizioni del numero 7, uscito per un risentimento ai flessori: rischia un mese fuori. Sospiro di sollievo, invece, per Holm.<\/p>\n<p style=\"text-align: justify;\">Foto: Gabriele Maltinti\/Getty Images (via OneFootball)<\/p>\n","protected":false},"excerpt":{"rendered":"Tempo di Lettura: 2 minuti I Razzi Store sponsor ufficiale20% di sconto se ti presenti a nome Zerocinquantuno!www.razzistore-bologna.it&hellip;\n","protected":false},"author":3,"featured_media":662435,"comment_status":"","ping_status":"","sticky":false,"template":"","format":"standard","meta":{"footnotes":"","_share_on_mastodon":"0"},"categories":[1452],"tags":[721,1740,1537,90,89,1739,245,244],"class_list":["post-662434","post","type-post","status-publish","format-standard","has-post-thumbnail","category-calcio","tag-calcio","tag-football","tag-it","tag-italia","tag-italy","tag-soccer","tag-sport","tag-sports"],"share_on_mastodon":{"url":"https:\/\/pubeurope.com\/@it\/117205202295373207","error":""},"_links":{"self":[{"href":"https:\/\/www.europesays.com\/it\/wp-json\/wp\/v2\/posts\/662434","targetHints":{"allow":["GET"]}}],"collection":[{"href":"https:\/\/www.europesays.com\/it\/wp-json\/wp\/v2\/posts"}],"about":[{"href":"https:\/\/www.europesays.com\/it\/wp-json\/wp\/v2\/types\/post"}],"author":[{"embeddable":true,"href":"https:\/\/www.europesays.com\/it\/wp-json\/wp\/v2\/users\/3"}],"replies":[{"embeddable":true,"href":"https:\/\/www.europesays.com\/it\/wp-json\/wp\/v2\/comments?post=662434"}],"version-history":[{"count":0,"href":"https:\/\/www.europesays.com\/it\/wp-json\/wp\/v2\/posts\/662434\/revisions"}],"wp:featuredmedia":[{"embeddable":true,"href":"https:\/\/www.europesays.com\/it\/wp-json\/wp\/v2\/media\/662435"}],"wp:attachment":[{"href":"https:\/\/www.europesays.com\/it\/wp-json\/wp\/v2\/media?parent=662434"}],"wp:term":[{"taxonomy":"category","embeddable":true,"href":"https:\/\/www.europesays.com\/it\/wp-json\/wp\/v2\/categories?post=662434"},{"taxonomy":"post_tag","embeddable":true,"href":"https:\/\/www.europesays.com\/it\/wp-json\/wp\/v2\/tags?post=662434"}],"curies":[{"name":"wp","href":"https:\/\/api.w.org\/{rel}","templated":true}]}}