{"id":662460,"date":"2026-09-03T04:49:11","date_gmt":"2026-09-03T04:49:11","guid":{"rendered":"https:\/\/www.europesays.com\/it\/662460\/"},"modified":"2026-09-03T04:49:11","modified_gmt":"2026-09-03T04:49:11","slug":"inter-marotta-con-ausilio-il-rapporto-resta-ottimo","status":"publish","type":"post","link":"https:\/\/www.europesays.com\/it\/662460\/","title":{"rendered":"Inter, Marotta: &#8220;Con Ausilio il rapporto resta ottimo&#8221;"},"content":{"rendered":"<p>Inter, le parole di Marotta<\/p>\n<p>&#8220;Con Ausilio dopo 28 anni nell\u2019Inter, consensualmente si \u00e8 arrivati alla separazione, nel pieno rispetto della professionalit\u00e0 e dell\u2019amicizia. A Piero va tutta la nostra riconoscenza e l\u2019augurio che il futuro possa riservargli nuove soddisfazioni. Non ritengo corretto entrare nel merito. Il rapporto di Ausilio con me, la societ\u00e0 e la propriet\u00e0 resta ottimo. Dopo un percorso cos\u00ec lungo pu\u00f2 esserci la volont\u00e0 di misurarsi altrove o prendersi un periodo sabbatico. \u00c8 stata una decisione consensuale e rispettosa tra persone che si stimano\u201d.<\/p>\n<p>Baccin? \u00c8 motivo d\u2019orgoglio poter attingere alle risorse interne. Come fatto con Chivu, abbiamo scelto di valorizzare Baccin, dirigente che lavora nell\u2019Inter da oltre dieci anni e ne conosce valori e dinamiche&#8221;. <\/p>\n","protected":false},"excerpt":{"rendered":"Inter, le parole di Marotta &#8220;Con Ausilio dopo 28 anni nell\u2019Inter, consensualmente si \u00e8 arrivati alla separazione, nel&hellip;\n","protected":false},"author":3,"featured_media":662461,"comment_status":"","ping_status":"","sticky":false,"template":"","format":"standard","meta":{"footnotes":"","_share_on_mastodon":"0"},"categories":[1452],"tags":[721,719,720,1740,1537,90,89,251,1739,245,244],"class_list":["post-662460","post","type-post","status-publish","format-standard","has-post-thumbnail","category-calcio","tag-calcio","tag-fanta","tag-fantacalcio","tag-football","tag-it","tag-italia","tag-italy","tag-serie-a","tag-soccer","tag-sport","tag-sports"],"share_on_mastodon":{"url":"https:\/\/pubeurope.com\/@it\/117205307641138565","error":""},"_links":{"self":[{"href":"https:\/\/www.europesays.com\/it\/wp-json\/wp\/v2\/posts\/662460","targetHints":{"allow":["GET"]}}],"collection":[{"href":"https:\/\/www.europesays.com\/it\/wp-json\/wp\/v2\/posts"}],"about":[{"href":"https:\/\/www.europesays.com\/it\/wp-json\/wp\/v2\/types\/post"}],"author":[{"embeddable":true,"href":"https:\/\/www.europesays.com\/it\/wp-json\/wp\/v2\/users\/3"}],"replies":[{"embeddable":true,"href":"https:\/\/www.europesays.com\/it\/wp-json\/wp\/v2\/comments?post=662460"}],"version-history":[{"count":0,"href":"https:\/\/www.europesays.com\/it\/wp-json\/wp\/v2\/posts\/662460\/revisions"}],"wp:featuredmedia":[{"embeddable":true,"href":"https:\/\/www.europesays.com\/it\/wp-json\/wp\/v2\/media\/662461"}],"wp:attachment":[{"href":"https:\/\/www.europesays.com\/it\/wp-json\/wp\/v2\/media?parent=662460"}],"wp:term":[{"taxonomy":"category","embeddable":true,"href":"https:\/\/www.europesays.com\/it\/wp-json\/wp\/v2\/categories?post=662460"},{"taxonomy":"post_tag","embeddable":true,"href":"https:\/\/www.europesays.com\/it\/wp-json\/wp\/v2\/tags?post=662460"}],"curies":[{"name":"wp","href":"https:\/\/api.w.org\/{rel}","templated":true}]}}