{"id":662496,"date":"2026-09-03T05:30:16","date_gmt":"2026-09-03T05:30:16","guid":{"rendered":"https:\/\/www.europesays.com\/it\/662496\/"},"modified":"2026-09-03T05:30:16","modified_gmt":"2026-09-03T05:30:16","slug":"omicidio-daphne-caruana-galizia-assolto-fenech-era-accusato-di-essere-il-mandante","status":"publish","type":"post","link":"https:\/\/www.europesays.com\/it\/662496\/","title":{"rendered":"Omicidio Daphne Caruana Galizia: assolto Fenech, era accusato di essere il mandante"},"content":{"rendered":"<p>L&#8217;Aquila, 2 set. (Adnkronos) &#8211; Palazzo Farinosi Branconi torna a vivere e si apre alla citt\u00e0 come nuovo Polo Culturale dell\u2019Aquila de La Galleria Bper. Nel cuore del centro storico, uno degli edifici pi\u00f9 rappresentativi della storia civile e artistica aquilana rinasce dopo un articolato intervento di recupero, restauro e rifunzionalizzazione e diventa un luogo dedicato alla cultura, alla conoscenza e alla partecipazione.<\/p>\n<p>L\u2019inaugurazione si \u00e8 svolta oggi alla presenza dei vertici di Bper, del Sindaco dell\u2019Aquila, Pierluigi Biondi, del Vicepresidente della Regione Abruzzo, Emanuele Imprudente, del Presidente dell\u2019Associazione Civita, Gianni Letta, del Presidente della Fondazione Carispaq, Fabrizio Marinelli, del Rettore dell\u2019Universit\u00e0 dell\u2019Aquila, Fabio Graziosi.<\/p>\n<p>Il nuovo Polo Culturale nasce nell\u2019anno in cui L\u2019Aquila \u00e8 Capitale italiana della Cultura 2026 e rappresenta una nuova tappa del progetto con cui BPER sta trasformando parte del proprio patrimonio storico, artistico e architettonico in un sistema di luoghi aperti alle comunit\u00e0.<\/p>\n<p>\u201cSiamo orgogliosi di riconsegnare uno degli edifici pi\u00f9 rappresentativi della citt\u00e0 alla sua comunit\u00e0, dopo un importante intervento di recupero, restauro e rifunzionalizzazione, unitamente a un percorso espositivo che mette in dialogo il patrimonio artistico della Banca con la storia del territorio abruzzese \u2013 ha dichiarato Fabio Cerchiai, Presidente di Bper. \u00c8 un esempio concreto di come BPER interpreti il proprio rapporto con i territori, attraverso la presenza e il sostegno alle comunit\u00e0 e la valorizzazione di ci\u00f2 che la nostra storia ci ha consegnato. All\u2019Aquila questo assume un significato particolare, perch\u00e9 la citt\u00e0 recupera un luogo della propria memoria e una parte importante della collezione della Cassa di Risparmio della Provincia dell\u2019Aquila torna nei luoghi in cui si \u00e8 formata e viene nuovamente messa a disposizione della citt\u00e0.<\/p>\n<p>BPER sostiene la cultura nella convinzione che questa generi valore quando viene condivisa con le persone e diventi occasione di conoscenza, incontro e partecipazione e, come banca vicina ai territori, si prende cura del loro sviluppo, anche valorizzando il patrimonio storico, artistico e culturale che attraversa le localit\u00e0 in cui opera, mettendolo al servizio di chi quei luoghi li vive ogni giorno. Il nuovo Polo Culturale nasce proprio per essere un luogo aperto e vivo, capace di custodire la memoria, valorizzare l\u2019identit\u00e0 del territorio e creare nuove opportunit\u00e0\u201d.<\/p>\n<p>Il Sindaco dell\u2019Aquila, Pierluigi Biondi, ha dichiarato: \u201cUn palazzo ritrovato, un nuovo spazio di cultura nel cuore dell\u2019Aquila. L\u2019apertura del Polo Culturale di Palazzo Farinosi Branconi assume un valore ancora pi\u00f9 significativo nell\u2019anno in cui la citt\u00e0 \u00e8 Capitale italiana della Cultura. Uno dei gioielli architettonici del nostro centro storico, recuperato dopo il sisma, torna a vivere e viene restituito alla comunit\u00e0 come luogo di cultura, conoscenza e partecipazione. Un presidio importante che arricchisce l\u2019offerta culturale della citt\u00e0 e testimonia come la ricostruzione significhi non solo recuperare il nostro patrimonio, ma valorizzarlo e renderlo parte della nuova L\u2019Aquila. Ringrazio Bper per aver creduto e investito in questo progetto\u201d.<\/p>\n<p>Il Vicepresidente della Regione Abruzzo, Emanuele Imprudente, ha affermato: \u201cLa Regione Abruzzo guarda con particolare orgoglio a questa giornata, perch\u00e9 Palazzo Farinosi Branconi appartiene anche alla memoria della nostra comunit\u00e0 regionale. Prima del terremoto del 2009, infatti, il Palazzo ha ospitato la Presidenza della Giunta regionale: \u00e8 stato dunque uno dei luoghi nei quali si \u00e8 scritta la storia istituzionale dell\u2019Abruzzo e si \u00e8 consolidato il rapporto quotidiano tra la Regione e la sua citt\u00e0 capoluogo. Oggi, a diciassette anni dal sisma, vederlo tornato a essere parte della vita culturale dell\u2019Aquila rappresenta un\u2019immagine potente della ricostruzione. Per questo rivolgo un sincero ringraziamento a Bper, che ha creduto nel valore di Palazzo Farinosi Branconi e ha scelto di metterlo a disposizione della collettivit\u00e0 come spazio aperto e accessibile, insieme a un patrimonio artistico di straordinario valore. \u00c8 un investimento nella cultura, nell\u2019identit\u00e0 e nel futuro dell\u2019Aquila e dell\u2019intero Abruzzo&#8221;.<\/p>\n<p>Il Presidente della Fondazione Carispaq, Fabrizio Marinelli, ha affermato: \u201cLa restituzione alla citt\u00e0 di Palazzo Farinosi Branconi, rinato dopo le ferite del sisma e oggi sede del nuovo Polo Museale di Bper, assume un valore che va ben oltre il pur importante recupero di uno dei luoghi storici dell\u2019Aquila. \u00c8 il segno concreto di un legame profondo con il territorio e di una storia condivisa che unisce Bper alla Cassa di Risparmio della Provincia dell\u2019Aquila e alla Fondazione Carispaq, che di quella storia rappresenta la continuit\u00e0 istituzionale. Particolarmente significativo \u00e8 che proprio in queste sale tornino a essere riunite, valorizzate e rese fruibili le opere raccolte dalla Cassa di Risparmio nel corso di oltre centocinquant\u2019anni: un patrimonio che appartiene alla storia culturale della nostra comunit\u00e0 e che oggi viene restituito alla sua piena fruizione pubblica. L\u2019apertura di questo museo rappresenta, in questo senso, un autentico gesto di generosit\u00e0 di Bper, di cui la Fondazione \u00e8 storico azionista, verso L\u2019Aquila e un lascito destinato a durare nel tempo, tanto pi\u00f9 prezioso nell\u2019anno in cui la citt\u00e0 \u00e8 Capitale Italiana della Cultura. La Fondazione \u2013ha concluso Marinelli \u2013 ha creduto fin dall\u2019inizio nel valore di questa iniziativa, contribuendo ad attivare, attraverso il Protocollo d\u2019intesa con Bper e l\u2019Universit\u00e0 degli Studi dell\u2019Aquila, una sinergia tra istituzioni capace di coniugare tutela e valorizzazione del patrimonio, ricerca scientifica, formazione e coinvolgimento delle nuove generazioni. \u00c8 un modello di collaborazione che rafforza il sistema culturale cittadino e consegna all\u2019Aquila non soltanto un nuovo museo, ma un luogo vivo di conoscenza, identit\u00e0 e futuro\u201d.<\/p>\n<p>\u201cLa restituzione alla citt\u00e0 di Palazzo Farinosi Branconi \u2013 ha aggiunto il Rettore dell\u2019Universit\u00e0 dell\u2019Aquila, Fabio Graziosi \u2013 rappresenta un altro importante passo nel percorso di rinascita del centro storico dell\u2019Aquila. Un edificio di straordinario valore torna a vivere aprendosi alla comunit\u00e0 e diventando un luogo nel quale patrimonio, conoscenza e cultura possono incontrarsi. L\u2019Universit\u00e0 dell\u2019Aquila \u00e8 particolarmente lieta di aver contribuito alla costruzione di questo progetto anche sul piano scientifico, grazie al lavoro dei colleghi Michele Maccherini e Luca Pezzuto, curatori del percorso espositivo, e alle attivit\u00e0 di ricerca sviluppate sul Palazzo e sulle opere della collezione. \u00c8 un esempio concreto di come le competenze dell\u2019Ateneo possano concorrere alla conoscenza e alla valorizzazione del patrimonio culturale della citt\u00e0 e del territorio. Guardiamo con grande interesse anche alle opportunit\u00e0 che l\u2019apertura di questo nuovo Polo Culturale potr\u00e0 offrire sul terreno della ricerca e della formazione, rafforzando ulteriormente il rapporto tra Universit\u00e0 e citt\u00e0. Palazzo Farinosi Branconi rappresenta cos\u00ec molto bene l\u2019idea di una ricostruzione che non si limita a recuperare il nostro patrimonio storico, ma lo restituisce alla comunit\u00e0 come spazio vivo, capace di generare nuove occasioni di conoscenza, cultura e partecipazione\u201d.<\/p>\n<p>Il progetto rappresenta un esempio di collaborazione tra pubblico e privato nel quale la tutela del patrimonio si intreccia con la rigenerazione di un luogo identitario e con la costruzione di nuove opportunit\u00e0 culturali per il territorio. Il percorso di recupero, avviato dopo i gravi danni provocati dal terremoto del 2009, ha portato BPER a modificare la destinazione originariamente prevista per il Palazzo, scegliendo nel 2023 di trasformarlo in uno spazio museale aperto alla collettivit\u00e0.<\/p>\n<p>\u201cPer Bper questo progetto rappresenta un modo concreto di confermare la vicinanza all\u2019Abruzzo e alla citt\u00e0 dell\u2019Aquila, attraverso un\u2019iniziativa che unisce la nostra presenza sul territorio alla valorizzazione della sua identit\u00e0 culturale \u2013 ha affermato Luigi Zanti, Direttore Regionale Marche Abruzzo di Bper. La scelta di aprire qui un Polo de La Galleria BPER nasce infatti dalla volont\u00e0 di creare un luogo capace di restituire alla comunit\u00e0 una parte importante della propria storia e, allo stesso tempo, di offrire nuove occasionioni di incontro e conoscenza. L\u2019Aquila \u00e8 una citt\u00e0 che ha saputo trasformare il percorso della ricostruzione in una straordinaria opportunit\u00e0 di rilancio e apertura verso il futuro. Essere qui, nell\u2019anno in cui \u00e8 Capitale italiana della Cultura, ha per noi un significato particolare: significa accompagnare questo percorso mettendo a disposizione della citt\u00e0 non soltanto le opere della nostra collezione, ma un luogo aperto, accessibile e pensato per dialogare con le persone, le scuole e le realt\u00e0 del territorio\u201d.<\/p>\n<p>\u201cCon il Polo Culturale dell\u2019Aquila prende forma un\u2019idea di valorizzazione precisa, ha dichiarato Sabrina Bianchi, Responsabile Patrimonio Culturale La Galleria Bper. La collezione, l\u2019architettura di Palazzo Farinosi Branconi e la storia artistica del territorio costruiscono qui un unico racconto, fatto di contributi e competenze diverse nel rispetto dell\u2019identit\u00e0 e delle caratteristiche originarie. \u00c8 questo il principio che guida il sistema dei Poli Culturali Bper: custodire un patrimonio significa studiarlo, metterlo in connessione con le persone e i territori e creare le condizioni perch\u00e9 continui a produrre conoscenza\u201d.<\/p>\n<p>Da domani, gioved\u00ec 3 settembre, Palazzo Farinosi Branconi sar\u00e0 aperto al pubblico con il percorso permanente \u201cScrigno di memorie. Paesaggi, colore e tradizione: cinque secoli di arte del Meridione\u201d, che riunisce opere provenienti da diversi nuclei della Corporate Collection Bper e restituisce alla citt\u00e0 una parte significativa della storica raccolta della Cassa di Risparmio della Provincia dell\u2019Aquila.<\/p>\n<p>Il percorso attraversa cinque secoli, dalla fine del Quattrocento ai primi decenni del Novecento e mette in evidenza le relazioni artistiche che nei secoli hanno collegato l\u2019Abruzzo con le Marche, l\u2019Umbria, Roma, Napoli e il Mezzogiorno. Le opere sono presentate in dialogo con gli ambienti storici del Palazzo, con i suoi affreschi, i soffitti lignei e gli apparati decorativi, creando una narrazione nella quale edificio, collezione e territorio diventano parte di un unico racconto.<\/p>\n<p>Il nuovo Polo Culturale dell\u2019Aquila entra cos\u00ec nel Sistema dei Poli Culturali Bper, coordinato da La Galleria Bper, che rende accessibile e valorizza la Corporate Collection attraverso esposizioni, attivit\u00e0 di ricerca, programmi educativi e iniziative rivolte alle comunit\u00e0. Dopo Modena e L\u2019Aquila, il sistema si completer\u00e0 con l\u2019apertura del Polo Culturale di Ferrara, prevista per ottobre.<\/p>\n<p>Il Polo dell\u2019Aquila sar\u00e0 uno spazio aperto a cittadini, scuole, famiglie, studiosi e visitatori, con visite guidate, attivit\u00e0 educative e programmi di approfondimento. La proposta didattica, gratuita e dedicata alle scuole di ogni ordine e grado, accompagner\u00e0 la visita alle opere con attivit\u00e0 partecipative e inclusive, mettendo in relazione arte, architettura, storia e territorio.<\/p>\n","protected":false},"excerpt":{"rendered":"L&#8217;Aquila, 2 set. (Adnkronos) &#8211; Palazzo Farinosi Branconi torna a vivere e si apre alla citt\u00e0 come nuovo&hellip;\n","protected":false},"author":3,"featured_media":662497,"comment_status":"","ping_status":"","sticky":false,"template":"","format":"standard","meta":{"footnotes":"","_share_on_mastodon":"0"},"categories":[6],"tags":[14,8,1537,90,89,7,15,82,9,83,10,13,11,80,84,12,81,85],"class_list":["post-662496","post","type-post","status-publish","format-standard","has-post-thumbnail","category-ultime-notizie","tag-cronaca","tag-headlines","tag-it","tag-italia","tag-italy","tag-news","tag-notizie","tag-notizie-di-cronaca","tag-notizie-principali","tag-notiziedicronaca","tag-notizieprincipali","tag-titoli","tag-ultime-notizie","tag-ultime-notizie-di-cronaca","tag-ultime-notizie-e-news-di-oggi","tag-ultimenotizie","tag-ultimenotiziedicronaca","tag-ultimenotizieenewsdioggi"],"share_on_mastodon":{"url":"https:\/\/pubeurope.com\/@it\/117205468711183361","error":""},"_links":{"self":[{"href":"https:\/\/www.europesays.com\/it\/wp-json\/wp\/v2\/posts\/662496","targetHints":{"allow":["GET"]}}],"collection":[{"href":"https:\/\/www.europesays.com\/it\/wp-json\/wp\/v2\/posts"}],"about":[{"href":"https:\/\/www.europesays.com\/it\/wp-json\/wp\/v2\/types\/post"}],"author":[{"embeddable":true,"href":"https:\/\/www.europesays.com\/it\/wp-json\/wp\/v2\/users\/3"}],"replies":[{"embeddable":true,"href":"https:\/\/www.europesays.com\/it\/wp-json\/wp\/v2\/comments?post=662496"}],"version-history":[{"count":0,"href":"https:\/\/www.europesays.com\/it\/wp-json\/wp\/v2\/posts\/662496\/revisions"}],"wp:featuredmedia":[{"embeddable":true,"href":"https:\/\/www.europesays.com\/it\/wp-json\/wp\/v2\/media\/662497"}],"wp:attachment":[{"href":"https:\/\/www.europesays.com\/it\/wp-json\/wp\/v2\/media?parent=662496"}],"wp:term":[{"taxonomy":"category","embeddable":true,"href":"https:\/\/www.europesays.com\/it\/wp-json\/wp\/v2\/categories?post=662496"},{"taxonomy":"post_tag","embeddable":true,"href":"https:\/\/www.europesays.com\/it\/wp-json\/wp\/v2\/tags?post=662496"}],"curies":[{"name":"wp","href":"https:\/\/api.w.org\/{rel}","templated":true}]}}