{"id":662504,"date":"2026-09-03T05:45:15","date_gmt":"2026-09-03T05:45:15","guid":{"rendered":"https:\/\/www.europesays.com\/it\/662504\/"},"modified":"2026-09-03T05:45:15","modified_gmt":"2026-09-03T05:45:15","slug":"lappartamento-a-monaco-di-baviera-di-una-giovane-coppia-oltre-le-tendenze","status":"publish","type":"post","link":"https:\/\/www.europesays.com\/it\/662504\/","title":{"rendered":"L\u2019appartamento a Monaco di Baviera di una giovane coppia, oltre le tendenze"},"content":{"rendered":"<p><strong>Cosa significa per te avere trent\u2019anni?<\/strong><\/p>\n<p>Per me significa essere arrivata a una certa stabilit\u00e0 dopo aver sperimentato tantissimo nei miei vent\u2019anni. Molte cose si consolidano. Si accettano i propri punti deboli e quelli di forza, e si lavora ancora un po\u2019 di pi\u00f9 su questi ultimi. Soprattutto, si \u00e8 molto pi\u00f9 indulgenti con se stessi.<\/p>\n<p><strong>In cosa vedi i tuoi punti di forza?<\/strong><\/p>\n<p>Senza dubbio nella progettazione e nell\u2019abbinamento di tessuti e <a href=\"https:\/\/www.ad-italia.it\/article\/colori-per-la-casa-i-piu-popolari-in-questo-momento-tendenze-2026-arredamento\/\" target=\"_blank\" rel=\"nofollow noopener\">colori<\/a>.<\/p>\n<p>Lea Sigg ha arredato questo appartamento in un edificio storico: il suo concept? Non ne ha<\/p>\n<p><strong>Come riesci a integrare tutte le idee per i tuoi lavori nel tuo ambiente domestico?<\/strong><\/p>\n<p>Non seguo alcun concept. Come artista non lo faccio. L\u2019appartamento cresce semplicemente insieme a noi. Dato che ho il mio <a href=\"https:\/\/www.ad-italia.it\/article\/casa-studio-parigi-francesco-balzano\/\" target=\"_blank\" rel=\"nofollow noopener\">studio<\/a> a casa, le mie opere trovano spazio anche tra le nostre quattro mura \u2013 almeno per il momento. A volte restano appese l\u00ec per un po\u2019 e l\u2019appartamento evolve attorno a esse. Questo servizio fotografico \u00e8 un\u2019istantanea: tra due settimane l\u2019appartamento potrebbe gi\u00e0 avere un aspetto completamente diverso.<\/p>\n<p><strong>Dove vivevate prima?<\/strong><\/p>\n<p>Quando io e il mio compagno siamo andati a vivere insieme, all\u2019inizio ci siamo trasferiti in un appartamento condiviso con altre quattro persone e vivevamo in una stanza di 15 metri quadrati. Poco dopo il <a href=\"https:\/\/www.ad-italia.it\/article\/come-organizzare-un-trasloco-senza-stress-e-non-smarrire-gli-oggetti\/\" target=\"_blank\" rel=\"nofollow noopener\">trasloco<\/a>, ho iniziato subito a cercare un nuovo appartamento (ride).<\/p>\n<p><strong>Come avete trovato questo appartamento?<\/strong><\/p>\n<p>In modo classico, tramite Immobilienscout (agenzia immobiliare tedesca, NdT)<\/p>\n<p><strong>Per quanto tempo avete cercato?<\/strong><\/p>\n<p>Due anni<\/p>\n<p><strong>Che tipo di immobile cercavate?<\/strong><\/p>\n<p>Volevo assolutamente un edificio storico. Trovo davvero affascinante conoscere il patrimonio edilizio, documentarmi, impararne il linguaggio e sviluppare qualcosa di nuovo partendo da esso.<\/p>\n<p><strong>Quando si vive in un appartamento condiviso, di solito non si hanno molti mobili: com\u2019era la vostra situazione?<\/strong><\/p>\n<p>Avevamo un <a href=\"https:\/\/www.ad-italia.it\/article\/tendenze-della-camera-da-letto-2026-idee-ad100\/\" target=\"_blank\" rel=\"nofollow noopener\">letto<\/a> e da sei a otto sedie. L\u2019appartamento misura 115 metri quadrati, bisogna prima riempirlo.<\/p>\n<p><strong>Come avete scelto i mobili? Lo fate insieme?<\/strong><\/p>\n<p>Ho scelto io la maggior parte dei <a href=\"https:\/\/www.ad-italia.it\/article\/vendere-mobili-vintage-come-un-professionista-consigli\/\" target=\"_blank\" rel=\"nofollow noopener\">mobili<\/a> e ho comprato molte cose da antiquari e tramite annunci.<\/p>\n<p><strong>Scegli i mobili in modo mirato o intuitivo?<\/strong><\/p>\n<p>In modo totalmente intuitivo.<\/p>\n<p><strong>Hai anche progettato qualcosa di tuo?<\/strong><\/p>\n<p>S\u00ec, ho sempre avuto delle idee che volevo realizzare, e poi una falegnameria le ha costruite per me. I miei progetti pi\u00f9 recenti sono, ad esempio, il <a href=\"https:\/\/www.ad-italia.it\/article\/divano-letto-alternative-architetti-consigli\/\" target=\"_blank\" rel=\"nofollow noopener\">divano letto<\/a> in soggiorno, una sedia e una credenza.<\/p>\n","protected":false},"excerpt":{"rendered":"Cosa significa per te avere trent\u2019anni? Per me significa essere arrivata a una certa stabilit\u00e0 dopo aver sperimentato&hellip;\n","protected":false},"author":3,"featured_media":662505,"comment_status":"","ping_status":"","sticky":false,"template":"","format":"standard","meta":{"footnotes":"","_share_on_mastodon":"0"},"categories":[1446],"tags":[1615,1613,1614,1611,1610,1612,203,1619,204,1537,90,89],"class_list":["post-662504","post","type-post","status-publish","format-standard","has-post-thumbnail","category-arte-e-design","tag-arte","tag-arte-e-design","tag-arteedesign","tag-arts","tag-arts-and-design","tag-design","tag-entertainment","tag-home-tour","tag-intrattenimento","tag-it","tag-italia","tag-italy"],"share_on_mastodon":{"url":"https:\/\/pubeurope.com\/@it\/117205527936665487","error":""},"_links":{"self":[{"href":"https:\/\/www.europesays.com\/it\/wp-json\/wp\/v2\/posts\/662504","targetHints":{"allow":["GET"]}}],"collection":[{"href":"https:\/\/www.europesays.com\/it\/wp-json\/wp\/v2\/posts"}],"about":[{"href":"https:\/\/www.europesays.com\/it\/wp-json\/wp\/v2\/types\/post"}],"author":[{"embeddable":true,"href":"https:\/\/www.europesays.com\/it\/wp-json\/wp\/v2\/users\/3"}],"replies":[{"embeddable":true,"href":"https:\/\/www.europesays.com\/it\/wp-json\/wp\/v2\/comments?post=662504"}],"version-history":[{"count":0,"href":"https:\/\/www.europesays.com\/it\/wp-json\/wp\/v2\/posts\/662504\/revisions"}],"wp:featuredmedia":[{"embeddable":true,"href":"https:\/\/www.europesays.com\/it\/wp-json\/wp\/v2\/media\/662505"}],"wp:attachment":[{"href":"https:\/\/www.europesays.com\/it\/wp-json\/wp\/v2\/media?parent=662504"}],"wp:term":[{"taxonomy":"category","embeddable":true,"href":"https:\/\/www.europesays.com\/it\/wp-json\/wp\/v2\/categories?post=662504"},{"taxonomy":"post_tag","embeddable":true,"href":"https:\/\/www.europesays.com\/it\/wp-json\/wp\/v2\/tags?post=662504"}],"curies":[{"name":"wp","href":"https:\/\/api.w.org\/{rel}","templated":true}]}}