{"id":662523,"date":"2026-09-03T06:06:15","date_gmt":"2026-09-03T06:06:15","guid":{"rendered":"https:\/\/www.europesays.com\/it\/662523\/"},"modified":"2026-09-03T06:06:15","modified_gmt":"2026-09-03T06:06:15","slug":"zlm-tour-vacek-vince-la-cronometro-dapertura","status":"publish","type":"post","link":"https:\/\/www.europesays.com\/it\/662523\/","title":{"rendered":"ZLM TOUR. VACEK VINCE LA CRONOMETRO D&#8217;APERTURA"},"content":{"rendered":"<p>            <a class=\"category\" href=\"https:\/\/www.tuttobiciweb.it\/articles\/category\/PROFESSIONISTI\" itemprop=\"about\" rel=\"nofollow noopener\" target=\"_blank\">PROFESSIONISTI<\/a> | 02\/09\/2026 | 20:00<br \/>\n            <a class=\"author\" href=\"https:\/\/www.tuttobiciweb.it\/articles\/author\/Luca%20Galimberti\" rel=\"nofollow noopener\" target=\"_blank\">di Luca Galimberti<\/a><\/p>\n<p class=\"MsoNormal\" style=\"text-align: justify;\"><strong>Mathias Vacek (Lidl \u2013 Trek) ha vinto la cronometro d\u2019apertura dello ZLM Tour che si \u00e8 corsa nel pomeriggio nei dintorni di Kapelle nei Paesi Bassi.<\/strong> Il 24enne, campione nazionale ceco di specialit\u00e0, ha percorso i 21 chilometri in programma ad oltre 53 km\/h di media facendo registrare il tempo di 23\u201943\u201d. In seconda posizione, distante 19\u201d, si \u00e8 classificato il danese Niklas Larsen (Unibet Rose Rockets) mentre Jakob S\u00f6derqvist, compagno di squadra del vincitore, ha concluso terzo con un ritardo di 24\u201d.\n            <\/p>\n<p class=\"MsoNormal\" style=\"text-align: justify;\">La Lidl Trek pu\u00f2 applaudire anche alle prestazioni di Max Walscheid e H\u00e9ctor \u00c1lvarez che hanno completato la top-5 di giornata.\n            <\/p>\n<p class=\"MsoNormal\" style=\"text-align: justify;\">Domani \u00e8 in programma la seconda tappa che impegner\u00e0 gli atleti da Westkapelle a\u00a0 Heinkenszand per complessivi 193 chilometri<\/p>\n<p class=\"MsoNormal\" style=\"text-align: justify;\"><strong>ORDINE D&#8217;ARRIVO<\/strong><\/p>\n<p>1  Vacek Mathias Lidl &#8211; Trek 23.43,18<\/p>\n<p>2  Larsen Niklas Unibet Rose Rockets 0.19,51<\/p>\n<p>3  S\u00f6derqvist Jakob Lidl &#8211; Trek 0.24,51<\/p>\n<p>4  Walscheid Max Lidl &#8211; Trek 0.25,03<\/p>\n<p>5  \u00c1lvarez H\u00e9ctor Lidl &#8211; Trek 0.26,22<\/p>\n<p>6  Mouris Wessel Unibet Rose Rockets 0.32,88<\/p>\n<p>7  van der Tuuk Axel Euskaltel &#8211; Euskadi 0.36,99<\/p>\n<p>8  Boulahoite Rayan TotalEnergies 0.41,11<\/p>\n<p>9  Bloem Joren TotalEnergies 0.42,85<\/p>\n<p>10  Leroux Samuel Unibet Rose Rockets 0.47,27<\/p>\n<p>\n    <a href=\"https:\/\/www.tuttobiciweb.it\/article\/2026\/09\/02\/1788379080\/cycling-zlm-tour-time-trial-vacek-lidl-trek?lang=en\" rel=\"nofollow noopener\" target=\"_blank\"><img decoding=\"async\" src=\"https:\/\/www.europesays.com\/it\/wp-content\/uploads\/2025\/12\/enver.png\"\/><\/a><\/p>\n<p>Copyright &amp;copy TBW<\/p>\n","protected":false},"excerpt":{"rendered":"PROFESSIONISTI | 02\/09\/2026 | 20:00 di Luca Galimberti Mathias Vacek (Lidl \u2013 Trek) ha vinto la cronometro d\u2019apertura&hellip;\n","protected":false},"author":3,"featured_media":662524,"comment_status":"","ping_status":"","sticky":false,"template":"","format":"standard","meta":{"footnotes":"","_share_on_mastodon":"0"},"categories":[1456],"tags":[1824,3435,1825,1537,90,89,7685,245,244,365133,365132],"class_list":["post-662523","post","type-post","status-publish","format-standard","has-post-thumbnail","category-ciclismo","tag-ciclismo","tag-cronometro","tag-cycling","tag-it","tag-italia","tag-italy","tag-lidl-trek","tag-sport","tag-sports","tag-vacek","tag-zlm-tour"],"share_on_mastodon":{"url":"https:\/\/pubeurope.com\/@it\/117205611155555098","error":""},"_links":{"self":[{"href":"https:\/\/www.europesays.com\/it\/wp-json\/wp\/v2\/posts\/662523","targetHints":{"allow":["GET"]}}],"collection":[{"href":"https:\/\/www.europesays.com\/it\/wp-json\/wp\/v2\/posts"}],"about":[{"href":"https:\/\/www.europesays.com\/it\/wp-json\/wp\/v2\/types\/post"}],"author":[{"embeddable":true,"href":"https:\/\/www.europesays.com\/it\/wp-json\/wp\/v2\/users\/3"}],"replies":[{"embeddable":true,"href":"https:\/\/www.europesays.com\/it\/wp-json\/wp\/v2\/comments?post=662523"}],"version-history":[{"count":0,"href":"https:\/\/www.europesays.com\/it\/wp-json\/wp\/v2\/posts\/662523\/revisions"}],"wp:featuredmedia":[{"embeddable":true,"href":"https:\/\/www.europesays.com\/it\/wp-json\/wp\/v2\/media\/662524"}],"wp:attachment":[{"href":"https:\/\/www.europesays.com\/it\/wp-json\/wp\/v2\/media?parent=662523"}],"wp:term":[{"taxonomy":"category","embeddable":true,"href":"https:\/\/www.europesays.com\/it\/wp-json\/wp\/v2\/categories?post=662523"},{"taxonomy":"post_tag","embeddable":true,"href":"https:\/\/www.europesays.com\/it\/wp-json\/wp\/v2\/tags?post=662523"}],"curies":[{"name":"wp","href":"https:\/\/api.w.org\/{rel}","templated":true}]}}