{"id":662538,"date":"2026-09-03T06:21:26","date_gmt":"2026-09-03T06:21:26","guid":{"rendered":"https:\/\/www.europesays.com\/it\/662538\/"},"modified":"2026-09-03T06:21:26","modified_gmt":"2026-09-03T06:21:26","slug":"nuovi-colori-per-le-kawasaki-z650-s-e-z900-2027-news","status":"publish","type":"post","link":"https:\/\/www.europesays.com\/it\/662538\/","title":{"rendered":"Nuovi colori per le Kawasaki Z650 S e Z900 2027 &#8211; News"},"content":{"rendered":"<p>\n            Veste cromatica rinnovata per due modelli che restano anche per il 2027 tra i pilastri della gamma naked di Akashi\n        <\/p>\n<p>              2 settembre 2026<\/p>\n<p>Con un anticipo che dice molto sulla volont\u00e0 di Kawasaki di presidiare il segmento naked di fascia media, la Casa giapponese ha comunicato la conferma di <strong>Z650 S<\/strong> e <strong>Z900<\/strong> nel listino 2027, comprese le declinazioni <strong>70 kW<\/strong> e <strong>SE<\/strong>. Non che ci fossero dubbi al riguardo, vista la loro importanza strategica e la loro rilevanza nel bouquet delle verdone. Non si tratta di un restyling nel senso tecnico del termine, quanto di <strong>un semplice aggiornamento delle colorazioni<\/strong> che accompagna due modelli gi\u00e0 rodati sul mercato,\u00a0non pi\u00f9 freschi di debutto\u00a0ma rinnovati comunque di recente. Condividiamo la scelta di non aggiungere o cambiare ogni anno dotazioni e caratteristiche specie quando &#8220;il prodotto funziona&#8221; gi\u00e0 cos\u00ec com&#8217;\u00e8.\u00a0<\/p>\n<p>Le due naked si inseriscono in un movimento pi\u00f9 ampio che sta interessando quasi tutta la gamma Kawasaki in vista del model year 2027. Nelle ultime settimane erano gi\u00e0 arrivate nuove vesti cromatiche per <a href=\"https:\/\/www.moto.it\/news\/kawasaki-ninja-1100sx-my27-nuove-colorazioni-per-la-sport-tourer-di-akashi.html\" rel=\"nofollow noopener\" target=\"_blank\">la sport tourer Ninja 1100SX<\/a>, per <a href=\"https:\/\/www.moto.it\/news\/tre-nuove-colorazioni-per-kawasaki-versys-1100-my27.html\" rel=\"nofollow noopener\" target=\"_blank\">la crossover Versys 1100<\/a> e per <a href=\"https:\/\/www.moto.it\/news\/kawasaki-meguro-s1-e-w230-my27-la-coppia-classic-si-aggiorna-con-la-nuova-tinta-ebony.html\" rel=\"nofollow noopener\" target=\"_blank\">la coppia neoretr\u00f2 Meguro S1 e W230<\/a>, sempre senza interventi sulla meccanica. Un segnale che Kawasaki, in attesa delle novit\u00e0 pi\u00f9 sostanziali che potrebbero arrivare a EICMA e che ha iniziato a solleticare con <a href=\"https:\/\/www.instagram.com\/reel\/Dcxv7dyFQZZ\/?utm_source=ig_web_copy_link&amp;igsi=MzRlODBiNWFlZA==\" target=\"_blank\" rel=\"nofollow noopener\">un teaser sui social<\/a>, sta scegliendo di rinfrescare gradualmente l&#8217;intero listino sul piano estetico.<\/p>\n<p>                            <img decoding=\"async\" class=\"img-fluid\" loading=\"lazy\" data-zoomable=\"\" src=\"https:\/\/cdn-img.moto.it\/images\/51856062\/2000x\/27zr900s40twt1darsk-dimensioni-grandi.jpg?quality=75&amp;format=webp&amp;width=800\" data-zoom-src=\"https:\/\/www.europesays.com\/it\/wp-content\/uploads\/2026\/09\/27zr900s40twt1darsk-dimensioni-grandi.jpg\" width=\"1280\" height=\"961\" alt=\"Nuova colorazione per la Z900 my27\"\/><\/p>\n<p>                    Nuova colorazione per la Z900 my27<\/p>\n<p>            Z650 S, l&#8217;ingresso in gamma con pi\u00f9 carattere<\/p>\n<p>La <strong>Z650 S<\/strong> arriva dalla Z650 e ne rilancia l&#8217;impostazione con <strong>convogliatori pi\u00f9 ampi<\/strong>, un <strong>manubrio pi\u00f9 largo<\/strong> e sovrastrutture dal disegno pi\u00f9 deciso, con dettagli in alluminio a impreziosire diverse zone della moto. Sul piano dell&#8217;elettronica di bordo restano il <strong>controllo di trazione KTRC<\/strong> e il <strong>quickshifter<\/strong>, quest&#8217;ultimo disponibile come optional, mentre la strumentazione \u00e8 un <strong>TFT a colori<\/strong>. La moto \u00e8 proposta anche in <strong>versione 35 kW<\/strong>, pensata per chi guida con la patente A2, confermando la vocazione della Z650 S a fare da porta d&#8217;ingresso nel mondo delle naked Kawasaki senza rinunciare allo stile <strong>Sugomi<\/strong> che caratterizza l&#8217;intera famiglia Z Supernaked. Per chi vuole farsi un&#8217;idea pi\u00f9 concreta di come si comporta su strada, rimandiamo alla <a href=\"https:\/\/www.moto.it\/prove\/kawasaki-z650-s-come-cambia-la-naked-giapponese-il-nostro-test.html\" rel=\"nofollow noopener\" target=\"_blank\">nostra prova su strada della Z650 S<\/a>, dove avevamo analizzato punti di forza e margini di miglioramento del modello.<\/p>\n<p>                            <img decoding=\"async\" class=\"img-fluid\" loading=\"lazy\" data-zoomable=\"\" src=\"https:\/\/cdn-img.moto.it\/images\/51856082\/2000x\/27er650w44twt2darfk-dimensioni-grandi.jpg?quality=75&amp;format=webp&amp;width=800\" data-zoom-src=\"https:\/\/www.europesays.com\/it\/wp-content\/uploads\/2026\/09\/27er650w44twt2darfk-dimensioni-grandi.jpg\" width=\"1280\" height=\"961\" alt=\"Z650S my27\"\/><\/p>\n<p>                    Z650S my27<\/p>\n<p>            Z900, la naked di riferimento si consolida<\/p>\n<p>Sopra la Z650 S resta la <strong>Z900<\/strong>, uno dei modelli di maggior successo di Kawasaki degli ultimi vent&#8217;anni\u00a0e confermata nel 2027 anche nella variante <strong>70 kW<\/strong> compatibile con i requisiti della patente A2. Il propulsore \u00e8 il collaudato <strong>quattro cilindri in linea bialbero da 948 cm\u00b3<\/strong> raffreddato a liquido, che Kawasaki descrive come pronto alla risposta del gas e capace di erogare bene sia ai medi regimi sia agli alti. La dotazione elettronica comprende <strong>quickshifter bidirezionale<\/strong>, <strong>piattaforma inerziale IMU<\/strong>, <strong>cruise control<\/strong> elettronico, <strong>traction control<\/strong>, <strong>power mode<\/strong> selezionabili, gestione in curva e <strong>navigazione turn-by-turn<\/strong>, un pacchetto che sposta la Z900 su un livello di completezza superiore rispetto a molte concorrenti dirette. Chi \u00e8 indeciso tra l&#8217;anima pi\u00f9 aggressiva della Z900 e quella retr\u00f2 della sorella RS, con cui condivide motore e telaio, pu\u00f2 consultare il <a href=\"https:\/\/www.moto.it\/prove\/quale-scegli-tra-kawasaki-z900-rs-e-z900-video-confronto.html\" rel=\"nofollow noopener\" target=\"_blank\">nostro video di confronto tra Kawasaki Z900 e Z900 RS<\/a>.<\/p>\n<p>Per chi cerca componentistica pi\u00f9 raffinata resta disponibile la <strong>Z900 SE<\/strong>, che monta <strong>pinze freno anteriori Brembo<\/strong> e un <strong>monoammortizzatore \u00d6hlins<\/strong>. A completare l&#8217;offerta arriva anche una <strong>Performance Edition<\/strong>, allestita con accessori dedicati tra cui lo scarico <strong>Akrapovi\u010d in carbonio<\/strong>, pensata per chi vuole caratterizzare ulteriormente l&#8217;estetica e le prestazioni della moto.<\/p>\n<p>                            <img decoding=\"async\" class=\"img-fluid\" loading=\"lazy\" data-zoomable=\"\" src=\"https:\/\/cdn-img.moto.it\/images\/51856096\/2000x\/27er650w44trd1dalsk-dimensioni-grandi.jpg?quality=75&amp;format=webp&amp;width=800\" data-zoom-src=\"https:\/\/www.europesays.com\/it\/wp-content\/uploads\/2026\/09\/27er650w44trd1dalsk-dimensioni-grandi.jpg\" width=\"1280\" height=\"961\" alt=\"Nuova colorazione rossa per la Z650 S my27\"\/><\/p>\n<p>                    Nuova colorazione rossa per la Z650 S my27<\/p>\n<p>Tutte e quattro le varianti rinnovano la palette cromatica per il 2027. La Z650 S sar\u00e0 disponibile nelle combinazioni Ebony\/Metallic Carbon Gray, Candy Persimmon Red\/Metallic Carbon Gray e Pearl Blizzard White\/Ebony\/Candy Lime Green Type 3.<\/p>\n<p>Z900 e Z900 70 kW condividono le stesse prime due colorazioni, a cui si aggiunge la Pearl Blizzard White\/Plasma Lime Green\/Ebony. La Z900 SE, coerente con il proprio posizionamento, propone invece la sola combinazione Metallic Matte Graphenesteel Gray\/Metallic Matte Carbon Gray\/Golden Blazed Green.<\/p>\n<p>Sul fronte della connettivit\u00e0, ricordiamo che sia Z650 S sia Z900 integrano l&#8217;app <strong>Kawasaki Rideology<\/strong> ed entrambe possono essere personalizzate attraverso la gamma di accessori originali del marchio.<\/p>\n<p>\n            Nuovi colori per le Kawasaki Z650 S e Z900 2027\n        <\/p>\n<p>                    <a class=\"aimg-link app-gallery-opener\" data-index=\"0\" href=\"#\" aria-label=\"Apri gallery\"><\/p>\n<p>                        <img decoding=\"async\" class=\"img-fluid\" loading=\"lazy\" alt=\"\" src=\"https:\/\/www.europesays.com\/it\/wp-content\/uploads\/2026\/09\/z650s-e-z900-my2027-dimensioni-grandi.jpg\" width=\"1280\" height=\"664\"\/><\/p>\n<p>                                            <\/a><\/p>\n<p>                    <a class=\"aimg-link app-gallery-opener\" data-index=\"1\" href=\"#\" aria-label=\"Apri gallery\"><\/p>\n<p>                        <img decoding=\"async\" class=\"img-fluid\" loading=\"lazy\" alt=\"\" src=\"https:\/\/www.europesays.com\/it\/wp-content\/uploads\/2026\/09\/1788416486_143_27er650w44twt2darfk-dimensioni-grandi.jpg\" width=\"1280\" height=\"961\"\/><\/p>\n<p>                                            <\/a><\/p>\n<p>                    <script async src=\"\/\/www.instagram.com\/embed.js\"><\/script><\/p>\n","protected":false},"excerpt":{"rendered":"Veste cromatica rinnovata per due modelli che restano anche per il 2027 tra i pilastri della gamma naked&hellip;\n","protected":false},"author":3,"featured_media":662539,"comment_status":"","ping_status":"","sticky":false,"template":"","format":"standard","meta":{"footnotes":"","_share_on_mastodon":"0"},"categories":[173],"tags":[16807,9427,1537,90,89,9397,195,198,199,197,200,201,194,196,104391,104390,365134],"class_list":["post-662538","post","type-post","status-publish","format-standard","has-post-thumbnail","category-scienza-e-tecnologia","tag-16807","tag-colori","tag-it","tag-italia","tag-italy","tag-kawasaki","tag-science","tag-science-and-technology","tag-scienceandtechnology","tag-scienza","tag-scienza-e-tecnologia","tag-scienzaetecnologia","tag-technology","tag-tecnologia","tag-z650","tag-z650-s","tag-z900"],"share_on_mastodon":{"url":"https:\/\/pubeurope.com\/@it\/117205670908009761","error":""},"_links":{"self":[{"href":"https:\/\/www.europesays.com\/it\/wp-json\/wp\/v2\/posts\/662538","targetHints":{"allow":["GET"]}}],"collection":[{"href":"https:\/\/www.europesays.com\/it\/wp-json\/wp\/v2\/posts"}],"about":[{"href":"https:\/\/www.europesays.com\/it\/wp-json\/wp\/v2\/types\/post"}],"author":[{"embeddable":true,"href":"https:\/\/www.europesays.com\/it\/wp-json\/wp\/v2\/users\/3"}],"replies":[{"embeddable":true,"href":"https:\/\/www.europesays.com\/it\/wp-json\/wp\/v2\/comments?post=662538"}],"version-history":[{"count":0,"href":"https:\/\/www.europesays.com\/it\/wp-json\/wp\/v2\/posts\/662538\/revisions"}],"wp:featuredmedia":[{"embeddable":true,"href":"https:\/\/www.europesays.com\/it\/wp-json\/wp\/v2\/media\/662539"}],"wp:attachment":[{"href":"https:\/\/www.europesays.com\/it\/wp-json\/wp\/v2\/media?parent=662538"}],"wp:term":[{"taxonomy":"category","embeddable":true,"href":"https:\/\/www.europesays.com\/it\/wp-json\/wp\/v2\/categories?post=662538"},{"taxonomy":"post_tag","embeddable":true,"href":"https:\/\/www.europesays.com\/it\/wp-json\/wp\/v2\/tags?post=662538"}],"curies":[{"name":"wp","href":"https:\/\/api.w.org\/{rel}","templated":true}]}}