{"id":662559,"date":"2026-09-03T06:51:15","date_gmt":"2026-09-03T06:51:15","guid":{"rendered":"https:\/\/www.europesays.com\/it\/662559\/"},"modified":"2026-09-03T06:51:15","modified_gmt":"2026-09-03T06:51:15","slug":"paola-turani-a-18-anni-facevo-la-modella-si-saltavano-i-pasti-era-un-meccanismo-pericoloso-ho-avuto-la-forza-di-tornare-dai-miei-genitori-e-mollare-anche-milano","status":"publish","type":"post","link":"https:\/\/www.europesays.com\/it\/662559\/","title":{"rendered":"Paola Turani: \u00abA 18 anni facevo la modella: si saltavano i pasti, era un meccanismo pericoloso. Ho avuto la forza di tornare dai miei genitori (e mollare anche Milano)\u00bb"},"content":{"rendered":"<p>    di<br \/>\n    Francesca Angeleri<\/p>\n<p class=\"summary-art is-line-h-12\">L&#8217;influencer da due milioni di follower: \u00abAmo Pollock e Kandinskij, dipingo e in futuro vorrei fare solo questo. Mai pi\u00f9 foto del mio bimbo online. Il red carpet? Lo lascio ad altre\u00bb<\/p>\n<p class=\"chapter-paragraph\"><b>Paola Turani, ieri ha calcato nuovamente il red carpet di Venezia. La emoziona sempre?<\/b>\u00a0<br \/>\u00abRicordo ancora la prima volta: avevo 28 anni e mi ci port\u00f2 Twinset (il brand). Ero spiazzata perch\u00e9 passavo dai fitting al tappeto rosso della<a href=\"https:\/\/www.corriere.it\/spettacoli\/mostra-cinema-venezia\/\" rel=\"nofollow noopener\" target=\"_blank\"> Mostra del Cinema.<\/a> Sono stata  tra le prime influencer a essere invitate. Prima di salire pensavo che nessun fotografo mi avrebbe considerata, non mi ritenevo  abbastanza famosa. Invece cominciarono a chiamarmi per nome e cognome. Fu incredibile\u00bb.\u00a0<\/p>\n<p class=\"chapter-paragraph\"><b>Ha scritto sui social che sarebbe stato l\u2019ultimo: \u00e8 vero?<br \/><\/b>\u00abS\u00ec, assolutamente. Dopo dieci anni sento che \u00e8 giusto. Lascio spazio alle ragazze pi\u00f9 giovani e sono contenta cos\u00ec\u00bb.\u00a0    &#13;<br \/>\n&#13;<br \/>\n&#13;<br \/>\n&#13;<br \/>\n&#13;<br \/>\n&#13;<br \/>\n&#13;<br \/>\n&#13;<br \/>\n&#13;<br \/>\n&#13;<br \/>\n&#13;<br \/>\n&#13;<br \/>\n&#13;<br \/>\n&#13;<br \/>\n&#13;<br \/>\n&#13;<br \/>\n&#13;<br \/>\n&#13;<br \/>\n&#13;<br \/>\n&#13;<br \/>\n&#13;<br \/>\n&#13;<br \/>\n&#13;<br \/>\n&#13;<br \/>\n&#13;<br \/>\n&#13;<br \/>\n&#13;<br \/>\n&#13;<br \/>\n&#13;<br \/>\n&#13;<br \/>\n&#13;<br \/>\n&#13;<br \/>\n&#13;<br \/>\n&#13;<br \/>\n&#13;<br \/>\n&#13;<br \/>\n&#13;<br \/>\n&#13;<br \/>\n&#13;<br \/>\n&#13;<br \/>\n&#13;<br \/>\n&#13;<br \/>\n&#13;<br \/>\n&#13;<br \/>\n&#13;<br \/>\n&#13;<br \/>\n&#13;<br \/>\n&#13;<br \/>\n&#13;<br \/>\n&#13;<br \/>\n&#13;<br \/>\n&#13;<br \/>\n&#13;\n<\/p>\n<p class=\"chapter-paragraph\"><b>Lei su Instagram ha due milioni di follower. Ma sembra che si stia un po\u2019 allontanando dai social. \u00c8 cos\u00ec?<\/b><br \/>\u00a0\u00abI social sono cambiati e anche tutti noi. L\u2019entusiasmo che avevo 10-15 fa anni \u00e8 svanito. Questo riguarda me nel profondo ma vedo tanta gente che vuole disconnettersi  piuttosto che connettersi. Lo scrissi anche in un post l\u2019anno passato: mi collegher\u00f2 di meno. Non sar\u00f2 pi\u00f9 presente per forza\u00bb.<\/p>\n<p class=\"chapter-paragraph\"><b>Niente Fomo? (Fear of Missing Out).<\/b><br \/>\u00abInutile negare che l\u2019abbia avuta anche io. Specie quando ho fatto lo switch da modella a content creator, poi a  influencer. Quando ho iniziato a fare i primi lavori, i primi eventi, il desiderio di esserci sempre di pi\u00f9 c\u2019era e c\u2019\u00e8 stato negli  anni, per\u00f2 fortunatamente \u00e8 venuto un po\u2019 a mancare. Le priorit\u00e0 della mia vita oggi sono altre: mio figlio, la mia famiglia, i cani, la casa. Dopo 13 anni continuo a lavorare bene sui social e mi piace sempre condividere. Ma un po\u2019 meno\u00bb.<\/p>\n<p class=\"chapter-paragraph\"><b>Soprattutto meno vita privata.<\/b><br \/>\u00abNon cambierei nulla del racconto che ho fatto sui social. Tranne una  cosa\u00bb.<\/p>\n<p class=\"chapter-paragraph\"><b>Cosa?<\/b><br \/>\u00abL\u2019aver condiviso online mio figlio.  Lo facevo come tante altre mamme, in modo naturale, ingenuo. Al parco, al ristorante\u2026 Ci sta, tutti facciamo degli errori. Ma i pericoli su internet sono tanti, e  Enea inizia a essere grande, capisce. Lo riconoscono. Da un anno ho deciso di non pubblicare pi\u00f9 il suo viso\u00bb.<\/p>\n<p class=\"chapter-paragraph\"><b>C\u2019\u00e8 stato un momento in particolare in cui le \u00e8 scattato l\u2019allarme?<\/b>\u00a0<br \/>\u00abS\u00ec,  eravamo al parco, io e lui, con delle amiche e altri bimbi. Arriva una ragazza e lo saluta. Poi viene da  me e dice: \u201cHo riconosciuto prima Enea, poi ho cercato te\u201d. Mi sono detta: ok, non va bene. Non sono disposta a fargli fare questa vita\u00bb.\u00a0<\/p>\n<p class=\"chapter-paragraph\"><b>Enea \u00e8 stato molto desiderato, ed \u00e8 stato quello che si dice \u00abuna cicogna difficile\u00bb. Lei una volta fece un video, lo aspettava gi\u00e0, in cui parl\u00f2 dell\u2019infertilit\u00e0 della vostra coppia.\u00a0<\/b><br \/>\u00abQuel video \u00e8 una delle cose di cui vado pi\u00f9 orgogliosa. Nel 2013 con Ricky iniziammo a pensare di avere un figlio. Da l\u00ec passarono  molti anni e una diagnosi che evidenziava un problema. Concepire naturalmente per noi era alquanto improbabile. Abbiamo avuto momenti di grande sofferenza. Decidemmo di intraprendere una<a href=\"https:\/\/www.corriere.it\/salute\/figli-genitori\/concepimento\/26_agosto_10\/procreazione-medicalmente-assistita-riguarda-il-6-dei-bambini-nati-ogni-anno-in-italia-qual-e-la-procedura-f756cb0c-7b95-4b01-9ed4-748bb4d54xlk.shtml\" rel=\"nofollow noopener\" target=\"_blank\"> Pma<\/a> e poi \u00e8 successa una cosa incredibile: proprio nel mese in cui dovevamo iniziare il percorso, io sono rimasta incinta naturalmente\u00bb.<br \/><b><br \/>Quante persone le hanno scritto?<\/b><br \/>\u00a0\u00abUna valanga. Non ero mai stata cos\u00ec esplicita ma in tanti post avevo scritto che non era giusto chiedere, addentrarsi nella vita intima delle persone. Frasi come: \u201cMa quando lo fate un bambino?\u201d Creano un dolore profondo, un senso di inadeguatezza. Appena avevo la pancia un po\u2019 gonfia tutti subito a dire o scrivere: finalmente sei incinta. Non \u00e8 stato facile. Dopo 8 anni, finalmente \u00e8 arrivato Enea\u00bb.\u00a0<\/p>\n<p class=\"chapter-paragraph\"><b>Come \u00e8 la vostra famiglia adesso?<\/b><br \/>\u00abRiccardo credo abbia cambiato pi\u00f9 pannolini di me\u00bb. Ride<\/p>\n<p class=\"chapter-paragraph\"><b>\u00c8 della vergine, come scrive spesso lei.<\/b><br \/>\u00abDove non arrivo io, arriva lui. E viceversa. \u00c8 preciso, organizzato, a volte brontolone per\u00f2 fa tutto: lavatrici, valigie, treccine dei capelli. Non lo obbligo, agisce  in autonomia. Tiene in ordine la mia vita\u00bb.\u00a0<\/p>\n<p class=\"chapter-paragraph\"><b>Come vi siete conosciuti?\u00a0<\/b><br \/>\u00abAvevo 18 anni (hanno 14 anni di differenza, ndr). Io ero fidanzata con un suo amico e lui con una mia amica\u00bb.\u00a0<\/p>\n<p class=\"chapter-paragraph\"><b>Ahia.<\/b><br \/>\u00a0\u00abCi eravamo rimasti simpatici ma poi ci siamo persi di vista. Al tempo io viaggiavo molto come modella. Poi, a 23-24 anni sono tornata a Bergamo. E ci siamo rincontrati, da single. Lui, ho scoperto dopo, quella sera disse a un suo amico: \u201cLa vedi Paola? Sar\u00e0 la mia fidanzata\u201d. L\u2019altro gli disse di lasciar perdere che facevo la modella a Milano. Ma lui era convinto\u00bb.\u00a0<\/p>\n<p class=\"chapter-paragraph\"><b>Aveva ragione.<\/b><br \/>\u00abLanci\u00f2 la scusa perfetta per rivedermi: mi commission\u00f2 un quadro per la sua casa nuova. All\u2019epoca dipingevo molto\u00bb.<\/p>\n<p class=\"chapter-paragraph\"><b>Ancora adesso  dipinge tanto. \u00c8 l\u2019arte il nuovo sogno di Paola Turani?<\/b>  \u00abContinuare a dipingere \u00e8 il mio desiderio pi\u00f9 grande (ha aperto anche il profilo @paolaturani_gallery dedicato ai suoi quadri, ndr). Per ora sono ancora concentrata su altre cose ma vorrei diventasse qualcosa di pi\u00f9 serio. Nel futuro mi immagino nella mia casa intenta a dipingere su commissione e a preparare mostre\u00bb.\u00a0<\/p>\n<p class=\"chapter-paragraph\"><b>Che tipo di dipinti realizza?\u00a0<\/b><br \/>\u00abAmo i grandi quadri astratti. Mi ispiro a Kandinskij e Pollock. La pittura mi ha fatto capire che era il momento di cambiare un po\u2019 la mia vita, di stare pi\u00f9 offline\u00bb.\u00a0<\/p>\n<p class=\"chapter-paragraph\"><b>Della famiglia fanno parte anche Nadine e Gnomo, i vostri <a href=\"https:\/\/www.corriere.it\/animali\/adozioni\/\" rel=\"nofollow noopener\" target=\"_blank\">cagnoni<\/a>. Furono loro a portarvi gli anelli al matrimonio nel 2019.\u00a0<\/b><br \/>\u00ab\u00c8 uno dei ricordi pi\u00f9 belli della mia vita. Nadine e Gnomo sono stati i nostri primi figli. Sono importantissimi\u00bb.\u00a0<\/p>\n<p class=\"chapter-paragraph\"><b>Quanto deve ai social?\u00a0<\/b><br \/>\u00abTutto quello che \u00e8 successo nella mia vita professionale \u00e8 nato dai social. All\u2019inizio non ci credevo molto a questa professione, era un divertimento. Avevo 26 anni e lavoravo nella moda ma non vedevo un futuro lungo in quell\u2019ambiente\u00bb.<\/p>\n<p class=\"chapter-paragraph\"><b>Com\u2019era?\u00a0<\/b><br \/>\u00abMolto duro. A 18 anni viaggiavo gi\u00e0 per il mondo. Erano i primi anni 2000 e gli standard erano rigidissimi: iper magrezza. Ho attraversato un periodo in cui mangiavo veramente poco\u00bb.<\/p>\n<p class=\"chapter-paragraph\"><b>Poco quanto?<\/b><br \/>\u00abColazione e poi due frutti in tutta la giornata. Si saltavano i pasti, era un meccanismo pericoloso. Non si andava neanche in palestra perch\u00e9 non bisognava mettere muscolo\u00bb.<\/p>\n<p class=\"chapter-paragraph\"><b>Cosa provava?<\/b><br \/>\u00abSoffrivo tantissimo. Ero da sola, la mia famiglia e gli amici erano a Bergamo e non riuscivo a costruire legami. A un certo punto ho capito con lucidit\u00e0 che mi stavo rovinando. E ho avuto la forza di tornare a casa dai miei genitori. E di mollare anche Milano\u00bb.<br \/><b><br \/>\u00c8 riuscita a uscire dai meccanismi malati?<\/b><br \/>\u00abQuando mi sono fidanzata con Riccardo e uscivamo a cena ho riscoperto il piacere della tavola. Ho preso una taglia, sono passata a una 40-42. Ho continuato a fare la modella, ma a modo mio\u00bb.\u00a0<\/p>\n<p class=\"chapter-paragraph\"><b>Quale?<\/b><br \/>\u00abPer prima cosa ho lasciato le passerelle. Non entravo pi\u00f9 nei campionari. Sono diventata una modella commerciale: cataloghi, foto, tv. Sono ritornata forte: \u201cSe mi volete sono cos\u00ec\u201d. Ed \u00e8 andata bene\u00bb.<\/p>\n<p class=\"chapter-paragraph\"><b>Il momento in cui ha iniziato ad avere successo davvero?<\/b><br \/>\u00ab2015-2016, avevo gi\u00e0 2-300mila follower. I brand per cui posavo iniziarono a chiedermi quotazioni anche per i miei post su Instagram. Da cinque sono diventati 10 e ho cambiato agenzia, ne ho presa una specializzata sui social\u00bb.<\/p>\n<p class=\"chapter-paragraph\"><b>I soldi erano molti di pi\u00f9?<\/b>\u00a0<br \/>\u00abLe cifre non erano comparabili. Ero davvero incredula\u00bb.\u00a0<br \/><b><br \/>A cosa deve la sua grinta?<\/b><br \/>\u00abSono sempre stata una ragazza con i piedi per terra\u00bb.<\/p>\n<p class=\"chapter-paragraph\"><b>E come tale, \u00e8 diventata anche un\u2019imprenditrice.\u00a0<\/b><br \/>\u00abEveir \u00e8 nato 4 anni fa da una mia passione e da un\u2019esigenza legata ai miei capelli ricci. Dopo anni come testimonial di altri brand, con Riccardo abbiamo messo su qualcosa di nostro. Lui (che nasce come commercialista, ndr), \u00e8 focalizzato sulla parte business. \u00c8 un\u2019azienda di famiglia e ne siamo molto orgogliosi\u00bb.<\/p>\n<p class=\"is-last-update\" datetime=\"2026-09-02T22:13:15+02:00\">3 settembre 2026<\/p>\n<p class=\"is-copyright\">\n            \u00a9 RIPRODUZIONE RISERVATA\n        <\/p>\n","protected":false},"excerpt":{"rendered":"di Francesca Angeleri L&#8217;influencer da due milioni di follower: \u00abAmo Pollock e Kandinskij, dipingo e in futuro vorrei&hellip;\n","protected":false},"author":3,"featured_media":662560,"comment_status":"","ping_status":"","sticky":false,"template":"","format":"standard","meta":{"footnotes":"","_share_on_mastodon":"0"},"categories":[174],"tags":[94462,365168,365169,763,365170,365171,1495,4008,9521,2478,1687,12522,2295,3055,19248,122,1278,12270,31797,10407,13035,15084,203,1909,10453,2716,1685,228,2753,365153,365154,1975,40402,16792,4302,2734,6990,230,204,1537,90,89,365155,45171,5153,365156,28,10897,41827,365157,365158,365159,2737,39602,4052,1315,1393,333069,1575,84828,365160,365161,2513,172256,978,3338,5068,14641,1920,559,7391,7299,365162,365163,365164,988,2434,1686,1886,5248,1899,365165,365166,365152,365167,2392,5325],"class_list":["post-662559","post","type-post","status-publish","format-standard","has-post-thumbnail","category-intrattenimento","tag-addentrarsi","tag-addentrarsi-intima","tag-addentrarsi-intima-frasi","tag-agenzia","tag-agenzia-specializzata","tag-agenzia-specializzata-social","tag-altre","tag-amico","tag-amo","tag-arriva","tag-bergamo","tag-brand","tag-cambiato","tag-capelli","tag-carpet","tag-cose","tag-davvero","tag-desiderio","tag-dipingere","tag-disse","tag-diventata","tag-enea","tag-entertainment","tag-famiglia","tag-fidanzata","tag-figlio","tag-follower","tag-foto","tag-genitori","tag-genitori-mollare","tag-genitori-mollare-milano","tag-giusto","tag-gnomo","tag-incinta","tag-incredibile","tag-influencer","tag-iniziato","tag-instagram","tag-intrattenimento","tag-it","tag-italia","tag-italy","tag-kandinskij","tag-lascio","tag-meccanismo","tag-meccanismo-pericoloso","tag-milano","tag-modella","tag-mollare","tag-mollare-milano","tag-nadine","tag-nadine-gnomo","tag-nato","tag-naturalmente","tag-ndr","tag-online","tag-paola","tag-paola-turani","tag-parco","tag-pasti","tag-pasti-meccanismo","tag-pasti-meccanismo-pericoloso","tag-pericoloso","tag-pollock","tag-post","tag-primi","tag-profondo","tag-quadri","tag-ragazza","tag-red","tag-red-carpet","tag-riccardo","tag-saltavano","tag-saltavano-pasti","tag-saltavano-pasti-meccanismo","tag-scritto","tag-si","tag-social","tag-successo","tag-tanti","tag-tornare","tag-tornare-genitori","tag-tornare-genitori-mollare","tag-turani","tag-viaggiavo","tag-video","tag-vorrei"],"share_on_mastodon":{"url":"","error":"Validation failed: Text character limit of 500 exceeded"},"_links":{"self":[{"href":"https:\/\/www.europesays.com\/it\/wp-json\/wp\/v2\/posts\/662559","targetHints":{"allow":["GET"]}}],"collection":[{"href":"https:\/\/www.europesays.com\/it\/wp-json\/wp\/v2\/posts"}],"about":[{"href":"https:\/\/www.europesays.com\/it\/wp-json\/wp\/v2\/types\/post"}],"author":[{"embeddable":true,"href":"https:\/\/www.europesays.com\/it\/wp-json\/wp\/v2\/users\/3"}],"replies":[{"embeddable":true,"href":"https:\/\/www.europesays.com\/it\/wp-json\/wp\/v2\/comments?post=662559"}],"version-history":[{"count":0,"href":"https:\/\/www.europesays.com\/it\/wp-json\/wp\/v2\/posts\/662559\/revisions"}],"wp:featuredmedia":[{"embeddable":true,"href":"https:\/\/www.europesays.com\/it\/wp-json\/wp\/v2\/media\/662560"}],"wp:attachment":[{"href":"https:\/\/www.europesays.com\/it\/wp-json\/wp\/v2\/media?parent=662559"}],"wp:term":[{"taxonomy":"category","embeddable":true,"href":"https:\/\/www.europesays.com\/it\/wp-json\/wp\/v2\/categories?post=662559"},{"taxonomy":"post_tag","embeddable":true,"href":"https:\/\/www.europesays.com\/it\/wp-json\/wp\/v2\/tags?post=662559"}],"curies":[{"name":"wp","href":"https:\/\/api.w.org\/{rel}","templated":true}]}}