{"id":662573,"date":"2026-09-03T07:08:18","date_gmt":"2026-09-03T07:08:18","guid":{"rendered":"https:\/\/www.europesays.com\/it\/662573\/"},"modified":"2026-09-03T07:08:18","modified_gmt":"2026-09-03T07:08:18","slug":"semaj-christon-ko-cantu-fa-il-punto-sulle-condizioni-del-play-americano","status":"publish","type":"post","link":"https:\/\/www.europesays.com\/it\/662573\/","title":{"rendered":"Semaj Christon ko, Cant\u00f9 fa il punto sulle condizioni del play americano"},"content":{"rendered":"<p>Articolo di Nicola Lama<\/p>\n<p>Il co-capitano biancobl\u00f9 \u00e8 stato operato luned\u00ec mattina per ridurre la frattura alle ossa nasali rimediata sabato nella gara con Tortona.<\/p>\n<p>L\u2019Acqua S.Bernardo <a href=\"https:\/\/www.sportal.it\/news\/basket\" rel=\"nofollow noopener\" target=\"_blank\">Pallacanestro<\/a> Cant\u00f9 ha comunicato nella giornata di luned\u00ec gli esiti degli accertamenti medici effettuati dopo lo scrimmage di Tortona (giocato sabato e vinto dai piemontesi 78-76), con particolare attenzione alle condizioni di Semaj Christon, figura centrale nello spogliatoio biancobl\u00f9 tanto da essere designato come co\u2011capitano per la stagione 2026-2027, al fianco del capitano Riccardo Moraschini.<\/p>\n<p>Christon ha riportato una frattura delle ossa nasali, conseguenza del colpo subito durante la partita di sabato. Nella mattinata di luned\u00ec 31 agosto \u00e8 stato sottoposto a riduzione della frattura stessa dall\u2019\u00e9quipe del professor Klinger all\u2019Humanitas di Rozzano, un intervento che ha permesso di stabilizzare la situazione.<\/p>\n<p>Il club ha spiegato che il giocatore verr\u00e0 valutato quotidianamente, cos\u00ec da monitorare l\u2019evoluzione del quadro clinico e definire con precisione i tempi del suo rientro in gruppo. Sar\u00e0 importante gestire i tempi di recupero del giocatore classe 1992, arrivato a Cant\u00f9 dopo la stagione trascorsa a Udine per rinforzare la batteria dei playmaker a disposizione di coach <a href=\"https:\/\/www.sportal.it\/news\/frank-vitucci\" rel=\"nofollow noopener\" target=\"_blank\">Frank Vitucci<\/a>.<\/p>\n<p>Anche Matteo Parravicini ha sub\u00ecto un infortunio nella partita di sabato: gli esami cui \u00e8 stato sottoposto hanno evidenziato un trauma in elongazione del tendine del flessore dell\u2019alluce sinistro. La risonanza magnetica ha escluso lesioni significative, confermando un edema contusivo: il giocatore ha gi\u00e0 iniziato le terapie e proseguir\u00e0 il percorso riabilitativo sotto la supervisione dello staff sanitario.<\/p>\n","protected":false},"excerpt":{"rendered":"Articolo di Nicola Lama Il co-capitano biancobl\u00f9 \u00e8 stato operato luned\u00ec mattina per ridurre la frattura alle ossa&hellip;\n","protected":false},"author":3,"featured_media":662574,"comment_status":"","ping_status":"","sticky":false,"template":"","format":"standard","meta":{"footnotes":"","_share_on_mastodon":"0"},"categories":[1453],"tags":[1756,1757,2885,1537,90,89,1760,245,244],"class_list":["post-662573","post","type-post","status-publish","format-standard","has-post-thumbnail","category-basket","tag-basket","tag-basketball","tag-infortunio","tag-it","tag-italia","tag-italy","tag-pallacanestro-cantu","tag-sport","tag-sports"],"share_on_mastodon":{"url":"https:\/\/pubeurope.com\/@it\/117205854248123657","error":""},"_links":{"self":[{"href":"https:\/\/www.europesays.com\/it\/wp-json\/wp\/v2\/posts\/662573","targetHints":{"allow":["GET"]}}],"collection":[{"href":"https:\/\/www.europesays.com\/it\/wp-json\/wp\/v2\/posts"}],"about":[{"href":"https:\/\/www.europesays.com\/it\/wp-json\/wp\/v2\/types\/post"}],"author":[{"embeddable":true,"href":"https:\/\/www.europesays.com\/it\/wp-json\/wp\/v2\/users\/3"}],"replies":[{"embeddable":true,"href":"https:\/\/www.europesays.com\/it\/wp-json\/wp\/v2\/comments?post=662573"}],"version-history":[{"count":0,"href":"https:\/\/www.europesays.com\/it\/wp-json\/wp\/v2\/posts\/662573\/revisions"}],"wp:featuredmedia":[{"embeddable":true,"href":"https:\/\/www.europesays.com\/it\/wp-json\/wp\/v2\/media\/662574"}],"wp:attachment":[{"href":"https:\/\/www.europesays.com\/it\/wp-json\/wp\/v2\/media?parent=662573"}],"wp:term":[{"taxonomy":"category","embeddable":true,"href":"https:\/\/www.europesays.com\/it\/wp-json\/wp\/v2\/categories?post=662573"},{"taxonomy":"post_tag","embeddable":true,"href":"https:\/\/www.europesays.com\/it\/wp-json\/wp\/v2\/tags?post=662573"}],"curies":[{"name":"wp","href":"https:\/\/api.w.org\/{rel}","templated":true}]}}