{"id":662603,"date":"2026-09-03T07:40:22","date_gmt":"2026-09-03T07:40:22","guid":{"rendered":"https:\/\/www.europesays.com\/it\/662603\/"},"modified":"2026-09-03T07:40:22","modified_gmt":"2026-09-03T07:40:22","slug":"addio-a-yayoi-kusama-lartista-dellinfinito","status":"publish","type":"post","link":"https:\/\/www.europesays.com\/it\/662603\/","title":{"rendered":"Addio a Yayoi Kusama, l\u2019artista dell\u2019infinito"},"content":{"rendered":"<p data-journey-content=\"true\" data-node-id=\"3\" class=\"css-1ood0zq emevuu60\">Vedeva puntini ovunque, fin da bambina a Matsumoto: sul vestito, sul pavimento, sul soffitto, su ogni superficie che le capitava di attraversare con lo sguardo. Un\u2019allucinazione vera, che <strong data-node-id=\"3.1\"><a href=\"https:\/\/www.elledecor.com\/it\/arte\/a39888486\/yayoi-kusama-vita-opere\/\" target=\"_blank\" data-vars-ga-outbound-link=\"https:\/\/www.elledecor.com\/it\/arte\/a39888486\/yayoi-kusama-vita-opere\/\" data-vars-ga-ux-element=\"Hyperlink\" data-vars-ga-call-to-action=\"Yayoi Kusama\" data-node-id=\"3.1.0\" class=\"body-link css-g36lkp emevuu60\" rel=\"nofollow noopener\">Yayoi Kusama<\/a><\/strong> trasform\u00f2 presto in materia pittorica invece di lasciarsela addosso come una condanna. \u201cI puntini volano dappertutto, e io li dipingo\u201d, diceva ancora nel 2017, settant\u2019anni dopo aver iniziato. \u00c8 <strong data-node-id=\"3.3\">mancata il 14 agosto 2026<\/strong>, come ha reso noto il Museo a lei dedicato, dopo aver continuato a lavorare fino agli ultimi giorni. Aveva 97 anni.<\/p>\n<p>Yayoi Kusama: l\u2019arrivo a New York, con Judd e gli altri<br data-node-id=\"5.1\"\/><\/p>\n<p data-journey-content=\"true\" data-node-id=\"9\" class=\"css-1ood0zq emevuu60\">Nel 1957 lasci\u00f2 Kyoto e il Giappone per New York, con addosso solo una manciata di kimono da vendere e il coraggio procuratosi scrivendo, senza conoscerla, a Georgia O\u2019Keeffe: la pittrice le rispose, incoraggiandola a partire. Da l\u00ec, Kusama costru\u00ec in fretta un giro di frequentazioni che oggi si legge come un <strong data-node-id=\"9.1\">atlante dell\u2019arte del secondo Novecento<\/strong>. <a href=\"https:\/\/www.elledecor.com\/it\/people\/a39598769\/donald-judd-vita-opere\/\" target=\"_blank\" data-vars-ga-outbound-link=\"https:\/\/www.elledecor.com\/it\/people\/a39598769\/donald-judd-vita-opere\/\" data-vars-ga-ux-element=\"Hyperlink\" data-vars-ga-call-to-action=\"Donald Judd\" data-node-id=\"9.3\" class=\"body-link css-g36lkp emevuu60\" rel=\"nofollow noopener\">Donald Judd<\/a> le compr\u00f2 il primo quadro pagandolo a rate da 200 dollari l\u2019una, le abit\u00f2 accanto per anni su East 19th Street e le rest\u00f2 amico per sempre. Con l\u2019artista <a href=\"https:\/\/www.artforum.com\/features\/dot-dot-dot-the-lifework-of-yayoi-kusama-201990\/\" target=\"_blank\" rel=\"nofollow noopener\" data-vars-ga-outbound-link=\"https:\/\/www.artforum.com\/features\/dot-dot-dot-the-lifework-of-yayoi-kusama-201990\/\" data-vars-ga-ux-element=\"Hyperlink\" data-vars-ga-call-to-action=\"Joseph Cornell\" data-node-id=\"9.5\" class=\"body-link css-g36lkp emevuu60\">Joseph Cornell<\/a> il legame fu pi\u00f9 radicale: lui la sommergeva di lettere e collage, la chiamava in continuazione, passavano i pomeriggi a disegnarsi nudi a vicenda nel giardino. Eva Hesse, Claes Oldenburg, <a href=\"https:\/\/www.elledecor.com\/it\/arte\/a39701040\/andy-warhol-pop-art-opere-piu-famose\/\" target=\"_blank\" data-vars-ga-outbound-link=\"https:\/\/www.elledecor.com\/it\/arte\/a39701040\/andy-warhol-pop-art-opere-piu-famose\/\" data-vars-ga-ux-element=\"Hyperlink\" data-vars-ga-call-to-action=\"Andy Warhol\" data-node-id=\"9.7\" class=\"body-link css-g36lkp emevuu60\" rel=\"nofollow noopener\">Andy Warhol<\/a> completavano un giro di amicizie e rivalit\u00e0 che Kusama attravers\u00f2 da <strong data-node-id=\"9.9\">outsider assoluta<\/strong>, riuscendo comunque a farsi notare ottenendo la permanenza negli Stati Uniti anche grazie a una lettera di raccomandazione dello stesso Judd.<\/p>\n<p><img draggable=\"true\" alt=\"yayoi kusama\" title=\"Yayoi Kusama\" loading=\"lazy\" width=\"3000\" height=\"2400\" decoding=\"async\" data-nimg=\"1\" style=\"color:transparent;width:100%;height:auto;\"   src=\"https:\/\/www.europesays.com\/it\/wp-content\/uploads\/2026\/09\/21520ae6-bd6d-4520-af3c-1efb4eb93456.jpeg\" class=\"css-0 e1ddfba50\"\/><a target=\"_blank\" rel=\"noopener nofollow\" data-theme-key=\"base-link\" href=\"https:\/\/pinterest.com\/pin\/create\/button\/?url=https:\/\/www.elledecor.com\/it\/people\/a73539167\/yayoi-kusama-morta\/&amp;description=elledecoritalia&amp;media=https:\/\/hips.hearstapps.com\/hmg-prod\/images\/21520ae6-bd6d-4520-af3c-1efb4eb93456.jpeg?resize=1600:*\" class=\"pinterest css-on9hn5 e1socmtw0\"><img decoding=\"async\" data-dynamic-svg=\"true\" src=\"https:\/\/www.elledecor.com\/_assets\/design-tokens\/fre\/static\/icons\/social\/pinterest.e8cf655.svg?primary=%2523ffffff\" loading=\"lazy\" data-testid=\"dynamic-svg-base\" height=\"auto\" width=\"auto\" alt=\"pinterest\" class=\"css-4lml0h e1mlxuuw1\"\/><\/a><\/p>\n<p>New York Daily News\/\/Getty Images<\/p>\n<p><br data-node-id=\"11.0\"\/>Yayoi Kusama e il ritorno in Giappone <\/p>\n<p data-journey-content=\"true\" data-node-id=\"15\" class=\"css-1ood0zq emevuu60\">Il ritorno in Giappone nel 1973 e il ricovero volontario in una <strong data-node-id=\"15.1\">clinica psichiatrica<\/strong> quattro anni pi\u00f9 tardi diventarono la cornice stabile del resto della sua vita: da l\u00ec si faceva accompagnare ogni mattina nello studio poco distante, mentre il mondo la scopriva su scala sempre pi\u00f9 larga, <a href=\"https:\/\/www.elledecor.com\/it\/arte\/a37278143\/zucca-yayoi-kusama-naoshima-tifone\/\" target=\"_blank\" data-vars-ga-outbound-link=\"https:\/\/www.elledecor.com\/it\/arte\/a37278143\/zucca-yayoi-kusama-naoshima-tifone\/\" data-vars-ga-ux-element=\"Hyperlink\" data-vars-ga-call-to-action=\"tra zucche enormi\" data-node-id=\"15.3\" class=\"body-link css-g36lkp emevuu60\" rel=\"nofollow noopener\">tra zucche enormi<\/a> a pois e stanze di specchi capaci di restituire l\u2019illusione di uno spazio senza confini.<\/p>\n<p><img decoding=\"async\" data-dynamic-svg=\"true\" src=\"https:\/\/www.elledecor.com\/_assets\/design-tokens\/fre\/static\/icons\/arrow-right.7440adc.svg?primary=%2523D4D4D4\" loading=\"lazy\" data-testid=\"dynamic-svg-base\" height=\"auto\" width=\"auto\" aria-label=\"Prev carousel button\" alt=\"Chevron Left Icon\" data-theme-key=\"icon-button-icon\" transform=\"scaleX(-1)\" class=\"css-14vtfey erhb41k0\"\/><img decoding=\"async\" data-dynamic-svg=\"true\" src=\"https:\/\/www.elledecor.com\/_assets\/design-tokens\/fre\/static\/icons\/arrow-right.7440adc.svg?primary=%2523ffffff\" loading=\"lazy\" data-testid=\"dynamic-svg-base\" height=\"auto\" width=\"auto\" aria-label=\"Next carousel button\" alt=\"Chevron Right Icon\" data-theme-key=\"icon-button-icon\" class=\"css-18znc9e erhb41k0\"\/><img draggable=\"true\" alt=\"yayoi kusama's polka dots at madame tussauds hong kong\" title=\"Yayoi Kusama's Polka Dots At Madame Tussauds Hong Kong\" loading=\"lazy\" width=\"3024\" height=\"4032\" decoding=\"async\" data-nimg=\"1\" style=\"color:transparent;width:100%;height:auto;\"   src=\"https:\/\/www.europesays.com\/it\/wp-content\/uploads\/2026\/09\/9a67a5c2-4fcc-4b54-aeb6-e366418e01df.jpeg\" class=\"css-0 e1ddfba50\"\/><a target=\"_blank\" rel=\"noopener nofollow\" data-theme-key=\"base-link\" href=\"https:\/\/pinterest.com\/pin\/create\/button\/?url=https:\/\/www.elledecor.com\/it\/people\/a73539167\/yayoi-kusama-morta\/&amp;description=elledecoritalia&amp;media=https:\/\/hips.hearstapps.com\/hmg-prod\/images\/9a67a5c2-4fcc-4b54-aeb6-e366418e01df.jpeg?resize=1600:*\" class=\"pinterest css-on9hn5 e1socmtw0\"><img decoding=\"async\" data-dynamic-svg=\"true\" src=\"https:\/\/www.elledecor.com\/_assets\/design-tokens\/fre\/static\/icons\/social\/pinterest.e8cf655.svg?primary=%2523ffffff\" loading=\"lazy\" data-testid=\"dynamic-svg-base\" height=\"auto\" width=\"auto\" alt=\"pinterest\" class=\"css-4lml0h e1mlxuuw1\"\/><\/a><\/p>\n<p>VCG\/\/Getty Images<\/p>\n<p>La collaborazione tra Yayoi Kusama e Louis Vuitton <\/p>\n<p data-journey-content=\"true\" data-node-id=\"23\" class=\"css-1ood0zq emevuu60\">Per una fetta larghissima di pubblico, il nome Kusama \u00e8 arrivato attraverso le borse: nel 2012 Marc Jacobs, allora alla guida creativa di <strong data-node-id=\"23.1\">Louis Vuitton<\/strong>, la invit\u00f2 per una collaborazione che ricopr\u00ec di pois l\u2019intero repertorio della maison, dalla Speedy alla Keepall, in quella che resta una delle operazioni pi\u00f9 riuscite nella storia dei rapporti fra arte e lusso. Untitled (Nets) del 1959 \u00e8 stato venduto invece per 10,5 milioni di dollari nel 2022, cifra che la colloca fra le artiste pi\u00f9 quotate della sua generazione: due mercati diversissimi, arrivati a innamorarsi della stessa ossessione.<\/p>\n<p><img draggable=\"true\" alt=\"france luxury fashion louis vuitton\" title=\"FRANCE-LUXURY-FASHION-LOUIS VUITTON\" loading=\"lazy\" width=\"8256\" height=\"5504\" decoding=\"async\" data-nimg=\"1\" style=\"color:transparent;width:100%;height:auto;\"   src=\"https:\/\/www.europesays.com\/it\/wp-content\/uploads\/2026\/09\/19b24571-d358-4693-b694-c0ae302b07b5.jpeg\" class=\"css-0 e1ddfba50\"\/><a target=\"_blank\" rel=\"noopener nofollow\" data-theme-key=\"base-link\" href=\"https:\/\/pinterest.com\/pin\/create\/button\/?url=https:\/\/www.elledecor.com\/it\/people\/a73539167\/yayoi-kusama-morta\/&amp;description=elledecoritalia&amp;media=https:\/\/hips.hearstapps.com\/hmg-prod\/images\/19b24571-d358-4693-b694-c0ae302b07b5.jpeg?resize=1600:*\" class=\"pinterest css-on9hn5 e1socmtw0\"><img decoding=\"async\" data-dynamic-svg=\"true\" src=\"https:\/\/www.elledecor.com\/_assets\/design-tokens\/fre\/static\/icons\/social\/pinterest.e8cf655.svg?primary=%2523ffffff\" loading=\"lazy\" data-testid=\"dynamic-svg-base\" height=\"auto\" width=\"auto\" alt=\"pinterest\" class=\"css-4lml0h e1mlxuuw1\"\/><\/a><\/p>\n<p>EMMANUEL DUNAND\/\/Getty Images<\/p>\n<p>Yayoi Kusama in mostra a Torino <\/p>\n<p data-journey-content=\"true\" data-node-id=\"29\" class=\"css-1ood0zq emevuu60\">A Torino, con un tempismo imprevedibile, le OGR aprono il 31 ottobre una delle sue <strong data-node-id=\"29.1\">Infinity Mirrored Room<\/strong>, dentro un progetto dedicato ai rapporti fra fisica quantistica e percezione dello spazio: Kusama non ci sar\u00e0 fisicamente a tagliare il nastro, ma sar\u00e0 comunque riflessa all\u2019infinito negli specchi, esattamente come ha sempre voluto essere vista.<\/p>\n<p><img src=\"https:\/\/www.europesays.com\/it\/wp-content\/uploads\/2026\/09\/662aafc4-2c03-4257-804c-b45ff323b012_1708416299.file.png\" alt=\"Headshot of Ciro Marco Musella\" title=\"Headshot of Ciro Marco Musella\" width=\"100%\" height=\"100%\" decoding=\"async\" loading=\"lazy\" class=\"css-o0wq4v ev8dhu53\"\/><\/p>\n<p>Sono nato a Napoli, non parlo in terza persona e non curo cose, oggetti, persone o animali. Ho studiato architettura tra il Politecnico di Milano e l\u2019ENSA Paris-Belleville per poi laurearmi in Architettura delle Costruzioni. Mi sono occupato di allestimenti seguendo i progetti di NENDO, scrivo di grandi architetture e sto completando un dottorando in Composizione allo IUAV di Venezia. Nonostante questo, tutto regolare. \u00a0<\/p>\n","protected":false},"excerpt":{"rendered":"Vedeva puntini ovunque, fin da bambina a Matsumoto: sul vestito, sul pavimento, sul soffitto, su ogni superficie che&hellip;\n","protected":false},"author":3,"featured_media":662604,"comment_status":"","ping_status":"","sticky":false,"template":"","format":"standard","meta":{"footnotes":"","_share_on_mastodon":"0"},"categories":[1446],"tags":[1615,1613,1614,1611,1610,1612,203,86564,204,1537,90,89],"class_list":["post-662603","post","type-post","status-publish","format-standard","has-post-thumbnail","category-arte-e-design","tag-arte","tag-arte-e-design","tag-arteedesign","tag-arts","tag-arts-and-design","tag-design","tag-entertainment","tag-i","tag-intrattenimento","tag-it","tag-italia","tag-italy"],"share_on_mastodon":{"url":"https:\/\/pubeurope.com\/@it\/117205981458500261","error":""},"_links":{"self":[{"href":"https:\/\/www.europesays.com\/it\/wp-json\/wp\/v2\/posts\/662603","targetHints":{"allow":["GET"]}}],"collection":[{"href":"https:\/\/www.europesays.com\/it\/wp-json\/wp\/v2\/posts"}],"about":[{"href":"https:\/\/www.europesays.com\/it\/wp-json\/wp\/v2\/types\/post"}],"author":[{"embeddable":true,"href":"https:\/\/www.europesays.com\/it\/wp-json\/wp\/v2\/users\/3"}],"replies":[{"embeddable":true,"href":"https:\/\/www.europesays.com\/it\/wp-json\/wp\/v2\/comments?post=662603"}],"version-history":[{"count":0,"href":"https:\/\/www.europesays.com\/it\/wp-json\/wp\/v2\/posts\/662603\/revisions"}],"wp:featuredmedia":[{"embeddable":true,"href":"https:\/\/www.europesays.com\/it\/wp-json\/wp\/v2\/media\/662604"}],"wp:attachment":[{"href":"https:\/\/www.europesays.com\/it\/wp-json\/wp\/v2\/media?parent=662603"}],"wp:term":[{"taxonomy":"category","embeddable":true,"href":"https:\/\/www.europesays.com\/it\/wp-json\/wp\/v2\/categories?post=662603"},{"taxonomy":"post_tag","embeddable":true,"href":"https:\/\/www.europesays.com\/it\/wp-json\/wp\/v2\/tags?post=662603"}],"curies":[{"name":"wp","href":"https:\/\/api.w.org\/{rel}","templated":true}]}}