{"id":662611,"date":"2026-09-03T07:48:16","date_gmt":"2026-09-03T07:48:16","guid":{"rendered":"https:\/\/www.europesays.com\/it\/662611\/"},"modified":"2026-09-03T07:48:16","modified_gmt":"2026-09-03T07:48:16","slug":"questa-porsche-dipinta-interamente-a-mano-ha-una-storia-incredibile","status":"publish","type":"post","link":"https:\/\/www.europesays.com\/it\/662611\/","title":{"rendered":"Questa Porsche dipinta interamente a mano ha una storia incredibile"},"content":{"rendered":"<p>I modelli Porsche sono sempre ricercati dai collezionisti che, spesso, sono disposti a spendere cifre elevate per acquistare l\u2019esemplare dei propri sogni. In questi giorni \u00e8 diventato virale il caso di <strong>una Porsche davvero particolare<\/strong>. Si tratta di un modello degli anni \u201960 che \u00e8 stato personalizzato negli anni \u201980 da un\u2019artista che, a distanza di circa 40 anni, ha deciso di riacquistare la sua opera con l\u2019obiettivo di donarla a un museo.\n<\/p>\n<p>Una storia incredibile<\/p>\n<p>Nel 1984, l\u2019artista <strong>Phyllis<\/strong> <strong>Yes<\/strong> ha realizzato una vera e propria opera d\u2019arte partendo da una Porsche 911S del 1967, modello che oggi viene considerato una grande icona del mondo delle quattro ruote e che gi\u00e0 all\u2019epoca era una vettura da collezione.<\/p>\n<p>La versione realizzata dall\u2019artista presenta una <strong>verniciatura con un motivo a pizzo<\/strong> e, per questa scelta, fu soprannominata Por-She, con un gioco di parole che parte dal nome del brand.<\/p>\n<p>Il progetto non \u00e8 stato facile da realizzare. La verniciatura ha richiesto un approccio meticoloso e manuale, con un motivo tracciato usando del pizzo, seguito da centinaia e centinaia di ore di applicazione della vernice.<\/p>\n<p>La vettura in questione \u00e8 stata protagonista di varie mostre nel corso del tempo. Successivamente venne ritirata e custodita nello studio della Yes, per poi essere acquistata, per una cifra non nota, da un nuovo proprietario, nel 2010.<\/p>\n<p>Dopo il restauro, effettuato con l\u2019accortezza di non alterare la verniciatura originale, la vettura \u00e8 apparsa a vari eventi, come la Monterey Car Week del 2013 che ha visto la Por-She conquistare il pubblico e aggiudicarsi il concorso <strong>Legends of the Autobahn<\/strong>.<\/p>\n<p>Per vedere da vicino questa versione speciale della <a href=\"https:\/\/www.virgilio.it\/motori\/auto\/porsche-911-angelelli-automobili\/340424\/\" rel=\"nofollow noopener\" target=\"_blank\">911<\/a> potete dare un\u2019occhiata al carosello pubblicato su Instagram e che consente di ammirare da vicino la particolare soluzione estetica realizzata per personalizzare la vettura.<\/p>\n<blockquote class=\"instagram-media\" data-instgrm-captioned=\"\" data-instgrm-permalink=\"https:\/\/www.instagram.com\/p\/Dct-fZpmwhv\/?utm_source=ig_embed&amp;utm_campaign=loading\" data-instgrm-version=\"14\" style=\" background:#FFF; border:0; border-radius:3px; box-shadow:0 0 1px 0 rgba(0,0,0,0.5),0 1px 10px 0 rgba(0,0,0,0.15); margin: 1px; max-width:100%; min-width:326px; padding:0; width:99.375%; width:-webkit-calc(100% - 2px); width:calc(100% - 2px);\"\/>\n<p>La conclusione di un viaggio<\/p>\n<p>Di recente, Phyllis Yes ha scoperto che la \u201csua\u201d <a href=\"https:\/\/www.virgilio.it\/motori\/auto\/porsche-911-gt4-r-competizioni\/335222\/\" rel=\"nofollow noopener\" target=\"_blank\">Porsche<\/a> era finita sul mercato ed era alla ricerca di un compratore. Considerando la necessit\u00e0 di restaurare il modello e di preservarne le condizioni, l\u2019artista ha deciso di presentare<strong> un\u2019offerta per riacquisire il veicolo<\/strong>.<\/p>\n<p>L\u2019offerta \u00e8 stata di <strong>250 mila dollari<\/strong>, un importo sufficiente a garantire una rapida conclusione della trattativa. Yes ha poi ribadito che la sua volont\u00e0 \u00e8 quella di trovare alla vettura un posto in un museo, permettendo a tutti gli appassionati la possibilit\u00e0 di poter ammirare il progetto, realizzato meticolosamente negli anni \u201980 e ancora oggi particolarmente interessante.<\/p>\n<p>Ad oggi non sappiamo quale sar\u00e0 il destino del modello, ma \u00e8 chiaro che la sua creatrice far\u00e0 di tutto per assicurare che la vettura trovi il suo spazio e possa continuare a svolgere il suo \u201clavoro\u201d di opera d\u2019arte, sempre pronta ad essere ammirata dagli appassionati del mondo delle quattro ruote.<\/p>\n<p>Maggiori dettagli in merito dovrebbero arrivare nel corso delle prossime settimane.<\/p>\n<p>\t<script async src=\"\/\/www.instagram.com\/embed.js\"><\/script><\/p>\n","protected":false},"excerpt":{"rendered":"I modelli Porsche sono sempre ricercati dai collezionisti che, spesso, sono disposti a spendere cifre elevate per acquistare&hellip;\n","protected":false},"author":3,"featured_media":662612,"comment_status":"","ping_status":"","sticky":false,"template":"","format":"standard","meta":{"footnotes":"","_share_on_mastodon":"0"},"categories":[173],"tags":[1679,1612,1537,90,89,6243,195,198,199,197,200,201,194,196],"class_list":["post-662611","post","type-post","status-publish","format-standard","has-post-thumbnail","category-scienza-e-tecnologia","tag-curiosita","tag-design","tag-it","tag-italia","tag-italy","tag-porsche","tag-science","tag-science-and-technology","tag-scienceandtechnology","tag-scienza","tag-scienza-e-tecnologia","tag-scienzaetecnologia","tag-technology","tag-tecnologia"],"share_on_mastodon":{"url":"https:\/\/pubeurope.com\/@it\/117206011819099512","error":""},"_links":{"self":[{"href":"https:\/\/www.europesays.com\/it\/wp-json\/wp\/v2\/posts\/662611","targetHints":{"allow":["GET"]}}],"collection":[{"href":"https:\/\/www.europesays.com\/it\/wp-json\/wp\/v2\/posts"}],"about":[{"href":"https:\/\/www.europesays.com\/it\/wp-json\/wp\/v2\/types\/post"}],"author":[{"embeddable":true,"href":"https:\/\/www.europesays.com\/it\/wp-json\/wp\/v2\/users\/3"}],"replies":[{"embeddable":true,"href":"https:\/\/www.europesays.com\/it\/wp-json\/wp\/v2\/comments?post=662611"}],"version-history":[{"count":0,"href":"https:\/\/www.europesays.com\/it\/wp-json\/wp\/v2\/posts\/662611\/revisions"}],"wp:featuredmedia":[{"embeddable":true,"href":"https:\/\/www.europesays.com\/it\/wp-json\/wp\/v2\/media\/662612"}],"wp:attachment":[{"href":"https:\/\/www.europesays.com\/it\/wp-json\/wp\/v2\/media?parent=662611"}],"wp:term":[{"taxonomy":"category","embeddable":true,"href":"https:\/\/www.europesays.com\/it\/wp-json\/wp\/v2\/categories?post=662611"},{"taxonomy":"post_tag","embeddable":true,"href":"https:\/\/www.europesays.com\/it\/wp-json\/wp\/v2\/tags?post=662611"}],"curies":[{"name":"wp","href":"https:\/\/api.w.org\/{rel}","templated":true}]}}