{"id":662615,"date":"2026-09-03T07:50:15","date_gmt":"2026-09-03T07:50:15","guid":{"rendered":"https:\/\/www.europesays.com\/it\/662615\/"},"modified":"2026-09-03T07:50:15","modified_gmt":"2026-09-03T07:50:15","slug":"israele-parla-lex-generale-golan-nethanyahu-e-sua-moglie-vogliono-riscrivere-la-storia-del-7-ottobre","status":"publish","type":"post","link":"https:\/\/www.europesays.com\/it\/662615\/","title":{"rendered":"Israele, parla l&#8217;ex generale Golan: \u00abNethanyahu e sua moglie vogliono riscrivere la storia del 7 ottobre\u00bb"},"content":{"rendered":"<p>    di<br \/>\n    Greta Privitera<\/p>\n<p class=\"summary-art is-line-h-12\">Intervista con l&#8217;ex generale e leader democratico: \u00abDopo il voto sono pronto a lavorare con Eisenkot e con altri per ricostruire il Paese\u00bb<\/p>\n<p class=\"chapter-paragraph\">DALLA NOSTRA INVIATA\u00a0<br \/>TEL AVIV &#8211; Arriva tardi <b>Yair Golan<\/b>, perch\u00e9 un incontro con la comunit\u00e0 araba si \u00e8 allungato oltre il previsto. A Mishmar HaEmek, kibbutz storico fra le colline della Galilea, le famiglie hanno appena finito di mangiare nella mensa comune. <b><a href=\"https:\/\/www.corriere.it\/esteri\/26_agosto_30\/israele-l-ascesa-di-ofer-winter-il-generale-messianico-che-preoccupa-netanyahu-22718b41-4a01-4dac-baad-15b77e90bxlk.shtml\" target=\"_blank\" rel=\"nofollow noopener\">Il 27 ottobre Israele vota<\/a><\/b>, e Golan, ex generale, guida<b> i Democratici<\/b>, il partito nato nel 2024 dalla fusione fra Meretz e laburisti che secondo i sondaggi avrebbe 10-11 seggi. \u00abQui mi sento a casa\u00bb, ci dice entrando nell\u2019auditorium. Lo abbracciano come vecchi amici. \u00c8 il suo ambiente politico, ma anche qualcosa di pi\u00f9. I kibbutz sono stati per decenni il codice genetico della sinistra israeliana, un\u2019idea di comunit\u00e0 che il Paese ha ritrovato in modo tragico il 7 ottobre. Quel mattino, quando le sirene cominciano a suonare, Golan si precipita verso il Sud. <b>Al festival Nova<\/b>, dove Hamas ha ucciso 378 persone. La sua corsa \u00e8 diventata il materiale di una teoria del sospetto. Sara Netanyahu, moglie del premier, ha insinuato che quella prontezza potesse significare conoscenza anticipata dell\u2019assalto.<\/p>\n<p class=\"chapter-paragraph\"><b>Ha dato alla signora Netanyahu ventiquattr&#8217;ore per scusarsi. Lo ha fatto?<\/b><br \/>\u00abFiguriamoci. Proceder\u00f2 per vie legali. Chieder\u00f2 non meno di 2,5 milioni di shekel e li destiner\u00f2 alle famiglie delle vittime del Nova. Ho saputo dell\u2019attacco alle 6.29, con le sirene. Ho salvato sei ragazzi\u00bb.    &#13;<br \/>\n&#13;<br \/>\n&#13;<br \/>\n&#13;<br \/>\n&#13;<br \/>\n&#13;<br \/>\n&#13;<br \/>\n&#13;<br \/>\n&#13;<br \/>\n&#13;<br \/>\n&#13;<br \/>\n&#13;<br \/>\n&#13;<br \/>\n&#13;<br \/>\n&#13;<br \/>\n&#13;<br \/>\n&#13;<br \/>\n&#13;<br \/>\n&#13;<br \/>\n&#13;<br \/>\n&#13;<br \/>\n&#13;<br \/>\n&#13;<br \/>\n&#13;<br \/>\n&#13;<br \/>\n&#13;<br \/>\n&#13;<br \/>\n&#13;<br \/>\n&#13;<br \/>\n&#13;<br \/>\n&#13;<br \/>\n&#13;<br \/>\n&#13;<br \/>\n&#13;<br \/>\n&#13;<br \/>\n&#13;<br \/>\n&#13;<br \/>\n&#13;<br \/>\n&#13;<br \/>\n&#13;<br \/>\n&#13;<br \/>\n&#13;<br \/>\n&#13;<br \/>\n&#13;<br \/>\n&#13;<br \/>\n&#13;<br \/>\n&#13;<br \/>\n&#13;<br \/>\n&#13;<br \/>\n&#13;<br \/>\n&#13;<br \/>\n&#13;<br \/>\n&#13;\n<\/p>\n<p class=\"chapter-paragraph\"><b>Perch\u00e9 questa accusa?<\/b><br \/>\u00abLei e suo marito cercano di riscrivere il 7 ottobre. Vogliono cancellare le responsabilit\u00e0 del premier per il pi\u00f9 grande fallimento della storia di questo Paese. Trasformano in traditori chi ha difeso lo Stato e in vittime quelli che hanno finanziato Hamas. Faremo una commissione d\u2019inchiesta\u00bb.<\/p>\n<p class=\"chapter-paragraph\"><b>C\u2019\u00e8 la possibilit\u00e0 che vinca un governo di centro-sinistra?<\/b><br \/>\u00abSono ottimista. L\u2019unico governo che possa riparare i danni degli ultimi quattro anni non pu\u00f2 includere nessuno dei partiti dell\u2019attuale esecutivo. Una coalizione di unit\u00e0 nazionale, formata da partiti impegnati nel cambiamento e nella ricostruzione\u00bb.<\/p>\n<p class=\"chapter-paragraph\"><b>Potrebbe guidarlo Gadi Eisenkot?<\/b><br \/>\u00abSono pronto a lavorare con lui e con gli altri. Dovremo impegnarci sulla sicurezza e chiudere i numerosi fronti aperti attraverso accordi che tengano gli israeliani al sicuro. E difendere la nostra democrazia sotto attacco\u00bb.<\/p>\n<p class=\"chapter-paragraph\"><b>Vorrebbe i partiti arabi nella coalizione?<\/b><br \/>\u00abLi accoglierei con favore, come ho gi\u00e0 fatto in passato con Ra\u2019am. C\u2019\u00e8 molto da guadagnare\u00bb<\/p>\n<p class=\"chapter-paragraph\"><b>Pu\u00f2 vincere Netanyahu?<\/b><br \/>\u00abTutti hanno visto l\u2019enorme danno che ha fatto al nostro Paese, \u00e8 stato il governo pi\u00f9 radicale e incompetente di sempre\u00bb.<\/p>\n<p class=\"chapter-paragraph\"><b>Lei sembra l\u2019unico a opporsi ai coloni. Come farete nella coalizione?<\/b><br \/>\u00abIl nuovo governo dovr\u00e0 ripristinare legalit\u00e0 e ordine in Cisgiordania. Ci\u00f2 significa agire con decisione contro il terrorismo, compreso quello ebraico, e rimuovere gli insediamenti illegali. Credo che raggiungeremo un accordo\u00bb.<\/p>\n<p class=\"chapter-paragraph\"><b>Sostiene ancora la soluzione dei due Stati?<\/b><br \/>\u00abL\u2019alternativa alla catastrofica politica di annessione di Netanyahu \u00e8 separarsi. Vedo anche un\u2019enorme opportunit\u00e0 di lavorare insieme ai nostri partner nella regione: Giordania, Egitto, Emirati Arabi Uniti, Bahrein e Marocco, con i quali abbiamo gi\u00e0 trattati di pace\u00bb.<\/p>\n<p class=\"chapter-paragraph\"><b>E il Libano?<\/b><br \/>\u00abIl governo di Joseph Aoun \u00e8 il migliore da una generazione a questa parte. Vogliamo tutti un Libano ricostruito e libero da Hezbollah. Anche il nuovo governo siriano rappresenta un cambiamento positivo rispetto al regime assassino di Assad\u00bb.<\/p>\n<p class=\"chapter-paragraph\"><b>Proseguirebbe la guerra in Iran?<\/b><br \/>\u00abGli ayatollah sono un regime fanatico e genocida. Finch\u00e9 ci saranno, noi saremo sotto minaccia. Ma le due guerre hanno inferto un duro colpo, ora bisogna negoziare e impedire che l\u2019Iran abbia armi nucleari. Da uomo delle forze armate, so che l\u2019uso dell\u2019esercito pu\u00f2 cambiare gli equilibri, ma solo la diplomazia consolida i risultati\u00bb.<\/p>\n<p class=\"chapter-paragraph\"><b>Che cosa dovrebbe essere fatto a Gaza?<\/b><br \/>\u00abDovremmo adottare il piano in 15 punti proposto dal diplomatico bulgaro Nickolay Mladenov come tabella di marcia per smantellare Hamas come organizzazione militare e privarla del suo ruolo politico. Ma senza un\u2019alternativa, resteranno al potere. Gi\u00e0 si stanno riorganizzando\u00bb.<\/p>\n<p class=\"chapter-paragraph\"><b>Da dopo l\u2019uccisione di Yitzhak Rabin la sinistra non sembra essersi pi\u00f9 ripresa, perch\u00e9 \u00e8 cos\u00ec in difficolt\u00e0?<\/b><br \/>\u00abDobbiamo smetterla di scusarci. Quando ci chiamano traditori ed estremisti, dobbiamo rispondere che siamo fedeli alla Dichiarazione d\u2019indipendenza di Israele, che siamo sionisti e patrioti. Siamo la spina dorsale ideologica dell\u2019opposizione e lo saremo del nuovo governo\u00bb.<\/p>\n<p class=\"is-last-update\" datetime=\"2026-09-03T08:33:37+02:00\">3 settembre 2026 ( modifica il 3 settembre 2026 | 08:33)<\/p>\n<p class=\"is-copyright\">\n            \u00a9 RIPRODUZIONE RISERVATA\n        <\/p>\n","protected":false},"excerpt":{"rendered":"di Greta Privitera Intervista con l&#8217;ex generale e leader democratico: \u00abDopo il voto sono pronto a lavorare con&hellip;\n","protected":false},"author":3,"featured_media":662616,"comment_status":"","ping_status":"","sticky":false,"template":"","format":"standard","meta":{"footnotes":"","_share_on_mastodon":"0"},"categories":[160],"tags":[52418,365211,365212,365213,365214,365215,1471,365216,365217,579,365218,365219,506,5294,17340,765,4913,121,931,14,164,165,2149,301783,3881,943,55944,75,764,72,25940,3776,1208,1229,166,890,7,15,77007,893,30572,332,115,1917,365210,4309,113638,315,12652,1567,233053,11,167,12,168,2958,838,2668,161,162,163],"class_list":["post-662615","post","type-post","status-publish","format-standard","has-post-thumbnail","category-mondo","tag-abbracciano","tag-abbracciano-vecchi","tag-abbracciano-vecchi-amici","tag-accoglierei","tag-accoglierei-passato","tag-accoglierei-passato-ra","tag-accordi","tag-accordi-tengano","tag-accordi-tengano-israeliani","tag-accordo","tag-accordo-sostiene","tag-accordo-sostiene-soluzione","tag-accusa","tag-alternativa","tag-arabi","tag-attacco","tag-cambiamento","tag-coalizione","tag-comunita","tag-cronaca","tag-dal-mondo","tag-dalmondo","tag-dobbiamo","tag-eisenkot","tag-enorme","tag-famiglie","tag-golan","tag-hamas","tag-iran","tag-israele","tag-kibbutz","tag-lavorare","tag-libano","tag-moglie","tag-mondo","tag-netanyahu","tag-news","tag-notizie","tag-nova","tag-ottobre","tag-partiti","tag-politico","tag-premier","tag-pronto","tag-pronto-lavorare","tag-regime","tag-riscrivere","tag-sinistra","tag-sirene","tag-storia","tag-traditori","tag-ultime-notizie","tag-ultime-notizie-di-mondo","tag-ultimenotizie","tag-ultimenotiziedimondo","tag-unico","tag-vittime","tag-vogliono","tag-world","tag-world-news","tag-worldnews"],"share_on_mastodon":{"url":"","error":"Validation failed: Text character limit of 500 exceeded"},"_links":{"self":[{"href":"https:\/\/www.europesays.com\/it\/wp-json\/wp\/v2\/posts\/662615","targetHints":{"allow":["GET"]}}],"collection":[{"href":"https:\/\/www.europesays.com\/it\/wp-json\/wp\/v2\/posts"}],"about":[{"href":"https:\/\/www.europesays.com\/it\/wp-json\/wp\/v2\/types\/post"}],"author":[{"embeddable":true,"href":"https:\/\/www.europesays.com\/it\/wp-json\/wp\/v2\/users\/3"}],"replies":[{"embeddable":true,"href":"https:\/\/www.europesays.com\/it\/wp-json\/wp\/v2\/comments?post=662615"}],"version-history":[{"count":0,"href":"https:\/\/www.europesays.com\/it\/wp-json\/wp\/v2\/posts\/662615\/revisions"}],"wp:featuredmedia":[{"embeddable":true,"href":"https:\/\/www.europesays.com\/it\/wp-json\/wp\/v2\/media\/662616"}],"wp:attachment":[{"href":"https:\/\/www.europesays.com\/it\/wp-json\/wp\/v2\/media?parent=662615"}],"wp:term":[{"taxonomy":"category","embeddable":true,"href":"https:\/\/www.europesays.com\/it\/wp-json\/wp\/v2\/categories?post=662615"},{"taxonomy":"post_tag","embeddable":true,"href":"https:\/\/www.europesays.com\/it\/wp-json\/wp\/v2\/tags?post=662615"}],"curies":[{"name":"wp","href":"https:\/\/api.w.org\/{rel}","templated":true}]}}