{"id":662637,"date":"2026-09-03T08:15:16","date_gmt":"2026-09-03T08:15:16","guid":{"rendered":"https:\/\/www.europesays.com\/it\/662637\/"},"modified":"2026-09-03T08:15:16","modified_gmt":"2026-09-03T08:15:16","slug":"skyrim-x-ikea-e-la-collaborazione-che-non-ti-aspetti-quando-esce-e-di-cosa-si-tratta","status":"publish","type":"post","link":"https:\/\/www.europesays.com\/it\/662637\/","title":{"rendered":"Skyrim X IKEA \u00e8 la collaborazione che non ti aspetti: quando esce e di cosa si tratta?"},"content":{"rendered":"<p><strong>Una collaborazione tra IKEA e Skyrim prima di The Elder Scrolls 6<\/strong>: \u00e8 proprio quello che succeder\u00e0 tra pochissimi giorni, pi\u00f9 precisamente il 9 settembre 2026. Di cosa si tratta? Ecco tutto ci\u00f2 che sappiamo al momento.<\/p>\n<p>IKEA approda in The Elder Scrolls V: Skyrim<\/p>\n<p>IKEA ci ha evidentemente preso gusto con il mondo dei videogiochi: dopo aver annunciato <a href=\"https:\/\/www.everyeye.it\/notizie\/xbox-linea-yxstaby-svelati-mobili-accessori-collaborazione-ikea-897030.html\" rel=\"nofollow noopener\" target=\"_blank\">la collezione di mobili a tema Xbox<\/a>, immediatamente finita in cima alla lista dei desideri dei giocatori con il pallino del design casalingo, la compagnia svedese si \u00e8 affacciata sui social per annunciare <strong>una collaborazione con The Elder Scrolls V: Skyrim<\/strong>.<\/p>\n<p>Il teaser trailer condiviso da IKEA mette subito in chiaro che il crossover non dar\u00e0 vita a nuovi arredi per le nostre case, bens\u00ec seguir\u00e0 un percorso diametralmente opposto: <strong>sar\u00e0 IKEA a debuttare nel regno di Skyrim nell&#8217;ambito della modalit\u00e0 Creazioni \u2013<\/strong> che permette ai fan, agli sviluppatori e, in questo caso, alle aziende multimiliardarie svedesi specializzate in mobili, complementi d&#8217;arredo e oggettistica di condividere le proprie creazioni con il grande pubblico di appassionati.<\/p>\n<p>Qual \u00e8 la natura del crossover?<\/p>\n<p><strong>Il teaser trailer mostra uno scaffale della serie KALLAX<\/strong> sormontare un grosso cumulo di armi, armature ed equipaggiamenti abbandonati e ricoperti della gelida neve della regione settentrionale di Tamriel, senza esplicare la natura della collaborazione.<\/p>\n<p>Qualcosa ci dice, in ogni caso, che il crossover comprender\u00e0 <strong>mobili, arredi e oggetti digitali in stile IKEA<\/strong> da utilizzare nella propria abitazione in-game. Resta da capire se saranno gratuiti o a pagamento, ma ne sapremo di pi\u00f9 a stretto giro, dal momento che il debutto \u00e8 fissato per <strong>mercoled\u00ec 9 settembre 2026<\/strong>.<\/p>\n<p>Qualche giorno fa, intanto, abbiamo calcolato <a href=\"https:\/\/www.everyeye.it\/notizie\/uscito-skyrim-15-anni-numeri-scioccanti-897111.html\" rel=\"nofollow noopener\" target=\"_blank\">lo scioccante numero di volte in cui Skyrim \u00e8 uscito sul mercato<\/a>, il tutto mentre <a href=\"https:\/\/www.everyeye.it\/notizie\/the-elder-scrolls-6-esclusiva-xbox-asha-sharma-vaga-897764.html\" rel=\"nofollow noopener\" target=\"_blank\">The Elder Scrolls 6 continua a latitare<\/a>.<\/p>\n<p class=\"p-dealLink\"><a class=\"p-dealLink__link\" href=\"https:\/\/www.amazon.it\/dp\/B0H3C3HWKD?tag=notizie_vg-21\" rel=\"nofollow noopener\" target=\"_blank\">Marvel&#8221;s Wolverine PS5 \u00e8 uno dei pi\u00f9 venduti oggi su <img decoding=\"async\" class=\"p-dealLink__img\" src=\"https:\/\/cdn.everyeye.it\/img13\/affiliation\/logo-amazon-light.svg\" alt=\"Amazon\" loading=\"lazy\" width=\"69\" height=\"30\"\/><img decoding=\"async\" class=\"p-dealLink__img p-dealLink__img_dark\" src=\"https:\/\/cdn.everyeye.it\/img13\/affiliation\/logo-amazon-dark.svg\" alt=\"Amazon\" loading=\"lazy\" width=\"69\" height=\"30\"\/><\/a><\/p>\n","protected":false},"excerpt":{"rendered":"Una collaborazione tra IKEA e Skyrim prima di The Elder Scrolls 6: \u00e8 proprio quello che succeder\u00e0 tra&hellip;\n","protected":false},"author":3,"featured_media":662638,"comment_status":"","ping_status":"","sticky":false,"template":"","format":"standard","meta":{"footnotes":"","_share_on_mastodon":"0"},"categories":[173],"tags":[1537,90,89,195,198,199,197,200,201,194,196],"class_list":["post-662637","post","type-post","status-publish","format-standard","has-post-thumbnail","category-scienza-e-tecnologia","tag-it","tag-italia","tag-italy","tag-science","tag-science-and-technology","tag-scienceandtechnology","tag-scienza","tag-scienza-e-tecnologia","tag-scienzaetecnologia","tag-technology","tag-tecnologia"],"share_on_mastodon":{"url":"https:\/\/pubeurope.com\/@it\/117206118404241672","error":""},"_links":{"self":[{"href":"https:\/\/www.europesays.com\/it\/wp-json\/wp\/v2\/posts\/662637","targetHints":{"allow":["GET"]}}],"collection":[{"href":"https:\/\/www.europesays.com\/it\/wp-json\/wp\/v2\/posts"}],"about":[{"href":"https:\/\/www.europesays.com\/it\/wp-json\/wp\/v2\/types\/post"}],"author":[{"embeddable":true,"href":"https:\/\/www.europesays.com\/it\/wp-json\/wp\/v2\/users\/3"}],"replies":[{"embeddable":true,"href":"https:\/\/www.europesays.com\/it\/wp-json\/wp\/v2\/comments?post=662637"}],"version-history":[{"count":0,"href":"https:\/\/www.europesays.com\/it\/wp-json\/wp\/v2\/posts\/662637\/revisions"}],"wp:featuredmedia":[{"embeddable":true,"href":"https:\/\/www.europesays.com\/it\/wp-json\/wp\/v2\/media\/662638"}],"wp:attachment":[{"href":"https:\/\/www.europesays.com\/it\/wp-json\/wp\/v2\/media?parent=662637"}],"wp:term":[{"taxonomy":"category","embeddable":true,"href":"https:\/\/www.europesays.com\/it\/wp-json\/wp\/v2\/categories?post=662637"},{"taxonomy":"post_tag","embeddable":true,"href":"https:\/\/www.europesays.com\/it\/wp-json\/wp\/v2\/tags?post=662637"}],"curies":[{"name":"wp","href":"https:\/\/api.w.org\/{rel}","templated":true}]}}