{"id":662644,"date":"2026-09-03T08:19:17","date_gmt":"2026-09-03T08:19:17","guid":{"rendered":"https:\/\/www.europesays.com\/it\/662644\/"},"modified":"2026-09-03T08:19:17","modified_gmt":"2026-09-03T08:19:17","slug":"clima-allarme-onu-pianeta-nella-zona-di-pericolo","status":"publish","type":"post","link":"https:\/\/www.europesays.com\/it\/662644\/","title":{"rendered":"Clima, allarme Onu: &#8216;Pianeta nella zona di pericolo&#8217;"},"content":{"rendered":"<p>Il segretario generale Antonio Guterres lancia l\u2019allarme sulla situazione climatica: &#8220;El Ni\u00f1o sta assumendo proporzioni gigantesche. Il pianeta si trova in acque inesplorate. Le temperature continuano a salire e il mondo si trova nella zona di pericolo delle condizioni meteorologiche estreme&#8221;. L&#8217;agenzia delle Nazioni Unite per il clima stima che El Ni\u00f1o \u00e8 quasi certo che persister\u00e0 fino a febbraio<\/p>\n<p>L\u2019Onu lancia l\u2019allarme sulla situazione climatica. Il segretario generale Antonio Guterres ha ammonito: il <a data-intcmp=\"skytg24_foglia articolo_interlink_text\" href=\"https:\/\/tg24.sky.it\/mondo\/2026\/08\/24\/super-el-nino-oceano-pacifico-temperatura\" target=\"_self\" rel=\"nofollow noopener\">fenomeno El Ni\u00f1o<\/a> &#8220;di proporzioni gigantesche&#8221; sta facendo precipitare il pianeta in una &#8220;zona di pericolo&#8221; del clima estremo. &#8220;El Ni\u00f1o sta assumendo proporzioni gigantesche. La scienza non lascia spazio a dubbi: il pianeta si trova in acque inesplorate, e quelle acque si stanno riscaldando. Le temperature continuano a salire e il mondo si trova nella zona di pericolo delle condizioni meteorologiche estreme&#8221;, ha affermato Guterres. L&#8217;agenzia Onu per il clima stima che El Ni\u00f1o \u00e8 destinato a diventare &#8220;molto intenso&#8221; ed \u00e8 quasi certo che persister\u00e0 fino a febbraio.<\/p>\n<p>\t\t \tIl monito su El Ni\u00f1o<\/p>\n<p>Il fenomeno meteorologico El Ni\u00f1o \u00e8 destinato a diventare &#8220;molto intenso&#8221; nei prossimi mesi, spiega l&#8217;agenzia climatica delle Nazioni Unite. &#8220;\u00c8 ormai saldamente consolidato e si intensificher\u00e0 nei prossimi mesi, diventando un fenomeno di grande portata, con notevoli ripercussioni sulle precipitazioni e sulle temperature, nonch\u00e9 sui rischi associati di inondazioni, siccit\u00e0 e caldo estremo&#8221;, ha dichiarato l&#8217;Organizzazione meteorologica mondiale.<\/p>\n<p>Cosa potr\u00e0 accadere<\/p>\n<p>&#8220;El\u00a0Ni\u00f1o ha il potenziale di infliggere un colpo devastante alle comunit\u00e0 e alle economie di tutto il mondo&#8221;, ha affermato Celeste Saulo, Segretaria Generale dell&#8217;Organizzazione meteorologica mondiale (OMM) delle Nazioni Unite, citata dal Guardian. &#8220;Stiamo gi\u00e0 assistendo a sconvolgimenti e devastazioni causati da siccit\u00e0 e inondazioni e prevediamo che questi impatti aumentino con l&#8217;intensificarsi di El Ni\u00f1o&#8221;. &#8220;Mai prima d&#8217;ora, nei 50 anni di storia dell&#8217;OMM, abbiamo avviato una mobilitazione di tale portata con i servizi meteorologici e idrologici nazionali, che sono in prima linea nel fornire previsioni e servizi per salvare vite umane e mezzi di sussistenza. Non c&#8217;\u00e8 tempo da perdere&#8221;. El Ni\u00f1o, stima il Guardian, sar\u00e0 probabilmente il pi\u00f9 intenso degli ultimi 1.000 anni e aggiunger\u00e0 ulteriore calore a un&#8217;atmosfera in cui le temperature stanno gi\u00e0 aumentando rapidamente a causa del riscaldamento globale. Questa combinazione fa s\u00ec che il 2027 sia destinato a spazzare via ogni record e a diventare l&#8217;anno pi\u00f9 caldo mai registrato. L&#8217;aumento del calore causato da El Ni\u00f1o sta gi\u00e0 avendo ripercussioni, dall&#8217;aggravarsi degli incendi boschivi in Indonesia all&#8217;indebolimento delle fondamentali piogge monsoniche in India. Gli effetti si estenderanno a livello globale, da un maggiore rischio di incendi in Australia a inondazioni pi\u00f9 intense in Sudamerica. Il Programma Alimentare Mondiale ha affermato ad agosto che El Ni\u00f1o rischia di spingere circa 50 milioni di persone in una situazione di fame acuta.\u00a0<\/p>\n<p>\t\t\t<a class=\"c-inline-card j-inline-card c-inline-card--with-image\" href=\"https:\/\/tg24.sky.it\/ambiente\/2026\/08\/31\/cambiamento-climatico-el-nino-studio-science\" rel=\"follow nofollow noopener\" data-intcmp=\"skytg24_articolo_approfondimenti_inline\" target=\"_blank\"><\/p>\n<p>\t\t\t         <img decoding=\"async\" crossorigin=\"anonymous\" alt=\"\"  loading=\"lazy\"  src=\"https:\/\/www.europesays.com\/it\/wp-content\/uploads\/2026\/09\/GettyImages-2290274737.jpg\"\/><\/p>\n<p>\n\t\t\t         Vedi anche<br \/>\n\t\t\t         Cambiamento climatico, El Ni\u00f1o pi\u00f9 intenso per le emissioni di CO2\n\t\t\t      <\/p>\n<p>\t\t\t<\/a><\/p>\n<p>\t\t \tIl riscaldamento globale superer\u00e0 1,5\u00b0c nei prossimi anni<\/p>\n<p>Ieri l&#8217;Unep, l&#8217;agenza dell&#8217;Onu per l&#8217;ambiente, in un rapporto intitolato &#8220;Limiting Overshoot&#8221; (Limitare il superamento della soglia) ha affermato che nei prossimi anni, la temperatura globale media aumenter\u00e0 come minimo di 1,8 gradi rispetto al periodo 1850-1900, ma forse anche di pi\u00f9. E questo porter\u00e0 ondate di calore, siccit\u00e0, alluvioni, uragani, innalzamento dei mari. Nello scenario pi\u00f9 ottimistico, il picco dell&#8217;aumento della temperatura raggiunger\u00e0 nei prossimi anni 1,8\u00b0C rispetto ai livelli preindustriali. La maggior parte degli altri scenari prevede picchi pi\u00f9 elevati.\u00a0 \u00a0\u00a0<\/p>\n<p>\t\t\t<a class=\"c-inline-card j-inline-card c-inline-card--with-image\" href=\"https:\/\/tg24.sky.it\/ambiente\/2026\/09\/02\/clima-onu-riscaldamento-globale\" rel=\"follow nofollow noopener\" data-intcmp=\"skytg24_articolo_approfondimenti_inline\" target=\"_blank\"><\/p>\n<p>\t\t\t         <img decoding=\"async\" crossorigin=\"anonymous\" alt=\"\"  loading=\"lazy\"  src=\"https:\/\/www.europesays.com\/it\/wp-content\/uploads\/2026\/09\/IPA_alamy_riscaldamento_globale.jpg\"\/><\/p>\n<p>\n\t\t\t         Vedi anche<br \/>\n\t\t\t         L&#8217;allarme Onu: &#8220;Riscaldamento globale sopra 1,5\u00b0C nei prossimi anni&#8221;\n\t\t\t      <\/p>\n<p>\t\t\t<\/a><\/p>\n<p>\t\t \tCosa si pu\u00f2 fare<\/p>\n<p>L&#8217;Unep sostiene che \u00e8 ancora possibile ridurre al minimo la durata di questo sforamento, facendo rientrare in breve tempo le temperature entro 1,5\u00b0C dai livelli pre-industriali, l&#8217;obiettivo pi\u00f9 ambizioso dell&#8217;Accordo di Parigi (l&#8217;altro \u00e8 rimanere almeno sotto i 2\u00b0C). Ma occorre agire subito e in modo deciso. Da un lato, si legge nel rapporto, serve la mitigazione del cambiamento climatico, riducendo le emissioni e catturando e stoccando la Co2 nell&#8217;atmosfera. Dall&#8217;altro lato occorre puntare sull&#8217;adattamento, rendendo le comunit\u00e0 e le economie pi\u00f9 preparate e pi\u00f9 resistenti all&#8217;aumento delle temperature. Il rapporto avverte che la probabilit\u00e0 di superare punti di non ritorno irreversibili aumenta in funzione dell&#8217;entit\u00e0 e della durata delle temperature pi\u00f9 elevate. Fra questi punti critici ci sono la destabilizzazione delle calotte glaciali, il degrado della foresta pluviale amazzonica e l&#8217;alterazione delle correnti atlantiche che regolano il clima.\u00a0<\/p>\n<p>\t\t\t<a class=\"c-inline-card j-inline-card c-inline-card--with-image\" href=\"https:\/\/tg24.sky.it\/economia\/2026\/07\/22\/caldo-riscaldamento-globale-decarbonizzazione-emissioni\" rel=\"follow nofollow noopener\" data-intcmp=\"skytg24_articolo_approfondimenti_inline\" target=\"_blank\"><\/p>\n<p>\t\t\t         <img decoding=\"async\" crossorigin=\"anonymous\" alt=\"\"  loading=\"lazy\"  src=\"https:\/\/www.europesays.com\/it\/wp-content\/uploads\/2026\/09\/GettyImages-1242430559.jpg\"\/><\/p>\n<p>\n\t\t\t         Leggi anche<br \/>\n\t\t\t         Caldo estremo e decarbonizzazione: cosa non stiamo facendo\n\t\t\t      <\/p>\n<p>\t\t\t<\/a><\/p>\n<p>\t            TAG:<\/p>\n","protected":false},"excerpt":{"rendered":"Il segretario generale Antonio Guterres lancia l\u2019allarme sulla situazione climatica: &#8220;El Ni\u00f1o sta assumendo proporzioni gigantesche. Il pianeta&hellip;\n","protected":false},"author":3,"featured_media":662645,"comment_status":"","ping_status":"","sticky":false,"template":"","format":"standard","meta":{"footnotes":"","_share_on_mastodon":"0"},"categories":[6],"tags":[4914,8840,14,369,8,1537,90,89,7,15,82,9,83,10,971,11661,13,11,80,84,12,81,85],"class_list":["post-662644","post","type-post","status-publish","format-standard","has-post-thumbnail","category-ultime-notizie","tag-cambiamento-climatico","tag-clima","tag-cronaca","tag-digitall","tag-headlines","tag-it","tag-italia","tag-italy","tag-news","tag-notizie","tag-notizie-di-cronaca","tag-notizie-principali","tag-notiziedicronaca","tag-notizieprincipali","tag-onu","tag-riscaldamento-globale","tag-titoli","tag-ultime-notizie","tag-ultime-notizie-di-cronaca","tag-ultime-notizie-e-news-di-oggi","tag-ultimenotizie","tag-ultimenotiziedicronaca","tag-ultimenotizieenewsdioggi"],"share_on_mastodon":{"url":"https:\/\/pubeurope.com\/@it\/117206134318839526","error":""},"_links":{"self":[{"href":"https:\/\/www.europesays.com\/it\/wp-json\/wp\/v2\/posts\/662644","targetHints":{"allow":["GET"]}}],"collection":[{"href":"https:\/\/www.europesays.com\/it\/wp-json\/wp\/v2\/posts"}],"about":[{"href":"https:\/\/www.europesays.com\/it\/wp-json\/wp\/v2\/types\/post"}],"author":[{"embeddable":true,"href":"https:\/\/www.europesays.com\/it\/wp-json\/wp\/v2\/users\/3"}],"replies":[{"embeddable":true,"href":"https:\/\/www.europesays.com\/it\/wp-json\/wp\/v2\/comments?post=662644"}],"version-history":[{"count":0,"href":"https:\/\/www.europesays.com\/it\/wp-json\/wp\/v2\/posts\/662644\/revisions"}],"wp:featuredmedia":[{"embeddable":true,"href":"https:\/\/www.europesays.com\/it\/wp-json\/wp\/v2\/media\/662645"}],"wp:attachment":[{"href":"https:\/\/www.europesays.com\/it\/wp-json\/wp\/v2\/media?parent=662644"}],"wp:term":[{"taxonomy":"category","embeddable":true,"href":"https:\/\/www.europesays.com\/it\/wp-json\/wp\/v2\/categories?post=662644"},{"taxonomy":"post_tag","embeddable":true,"href":"https:\/\/www.europesays.com\/it\/wp-json\/wp\/v2\/tags?post=662644"}],"curies":[{"name":"wp","href":"https:\/\/api.w.org\/{rel}","templated":true}]}}