{"id":662650,"date":"2026-09-03T08:34:15","date_gmt":"2026-09-03T08:34:15","guid":{"rendered":"https:\/\/www.europesays.com\/it\/662650\/"},"modified":"2026-09-03T08:34:15","modified_gmt":"2026-09-03T08:34:15","slug":"la-fotografia-musicale-di-luigi-ghirri-in-mostra-a-reggio-emilia","status":"publish","type":"post","link":"https:\/\/www.europesays.com\/it\/662650\/","title":{"rendered":"La fotografia musicale di Luigi Ghirri in mostra a Reggio Emilia"},"content":{"rendered":"<p>Tra l\u2019inverno e la primavera di quest\u2019anno ho lavorato alla curatela musicale della mostra \u201c<a href=\"https:\/\/www.musei.re.it\/appuntamenti\/mostra-luigi-ghirri-a-series-of-dreams\/\" rel=\"nofollow noopener\" target=\"_blank\">Luigi Ghirri. A Series of Dreams. Paesaggi visivi e paesaggi sonori<\/a>\u201d, allestita al Palazzo dei Musei di Reggio Emilia fino al 28 febbraio 2027 grazie alla Fondazione Luigi Ghirri, che da anni porta avanti proprio al museo reggiano un\u2019esplorazione del lavoro del fotografo attraverso annuali mostre tematiche. Il tema di quest\u2019anno \u00e8 la relazione a molte mandate tra <a href=\"https:\/\/www.editorialedomani.it\/idee\/cultura\/il-viaggio-di-luigi-ghirri-che-ha-cambiato-il-paesaggio-italiano-i27urdsy\" rel=\"nofollow noopener\" target=\"_blank\">Luigi Ghirri<\/a> e la musica. La relazione profonda tra fotografia e musica, tra immagine e ascolto, tra visione e ritmo, tra ecologia del guardare e del sentire.<\/p>\n<p>\u00c8 un\u2019ipotesi interpretativa tanto semplice nella formulazione quanto complessa e stratificata nelle implicazioni, che invita a rileggere, relativamente a questo tema, l\u2019opera di uno dei maggiori fotografi europei del Novecento, ponendo ancora una volta una distanza radicale tra la sua figura e la retorica del cantore del paesaggio italiano e dell\u2019immagine del quotidiano, preferibilmente emiliano-romagnolo, fatto di nebbie, fossi e spiagge vuote della Riviera.<\/p>\n<p>Implicata come sono stata e sono in questo lavoro di restituzione al pubblico, non posso certo muovermi qui in un discorso critico, quanto piuttosto tentare di raccontare cosa abbia nutrito, attraverso il tempo, questa relazione tra immagine e suono e cosa questa mostra, curata con Ilaria Campioli e Andrea Tinterri, cercando di offrire una piena indagine del rapporto del fotografo con precisi mondi, scene e materiali musicali, possa dire di Ghirri e del valore della musica e dei suoi scenari nel suo discorso umano e fotografico.<\/p>\n<p> <strong>La tensione dell\u2019ascolto<\/strong><\/p>\n<p>La genealogia culturale e fotografica di Ghirri, com\u2019\u00e8 noto, non appartiene esclusivamente alla storia della fotografia, ma si estende a un universo pi\u00f9 ampio, felicemente spalancato alla curiosit\u00e0 e alla scoperta perpetua: un approccio libero, antiaccademico e ricco di entusiasmi e innamoramenti, dove letteratura, cinema, arti visive e musica costituiscono linguaggi permeabili e in costante scambio interdisciplinare. Tra questi, come testimoniano molti dei suoi testi teorici, da Niente di antico sotto il sole (SEI) alle Lezioni di fotografia (Quodlibet), la musica ha un ruolo predominante.<\/p>\n<p>Luigi Ghirri era infatti anzitutto un ascoltatore non comune, dotato di una tensione all\u2019ascolto profonda e tutt\u2019altro che fragile o casuale. Con Adele Ghirri, figlia di Luigi Ghirri e oggi alla guida della Fondazione, abbiamo iniziato a ragionare intorno a questo tema diversi anni fa, quando visitai per la prima volta l\u2019archivio e la collezione di dischi del fotografo, cercando di dare una forma al suo ascolto, di definire per via deduttiva che tipo di ascoltatore fosse, verso quali gusti e modi tendesse, cosa cercasse nell\u2019ascolto dei suoi dischi.<\/p>\n<p>Da quel momento il nostro ragionare di musica e fotografia non si \u00e8 mai fermato. Oltre alla relazione che Ghirri intesseva con il materiale musicale \u2013 classico, pop, folk, con una tensione particolare verso <a href=\"https:\/\/www.editorialedomani.it\/idee\/cultura\/nel-nuovo-bootleg-di-bob-dylan-gli-antichi-furori-giovanili-ykamj52l\" rel=\"nofollow noopener\" target=\"_blank\">Bob Dylan<\/a>, il suo preferito in assoluto, e pi\u00f9 in generale verso la forma canzone \u2013 emergeva qualcosa di cruciale nel suo modo di guardare: la fotografia per lui non registrava semplicemente il reale, ma lo ascoltava.<\/p>\n<p> <strong>Grammatica visiva<\/strong><\/p>\n<p>La musica rappresenta una modalit\u00e0 di pensiero dell\u2019immagine, una grammatica capace di spiegare il modo in cui Ghirri organizza, osserva e fotografa, costruendo il tempo ritmico della visione. Il paesaggio di Ghirri \u00e8 meno un luogo geografico che una forma temporale: le sue immagini sembrano sospendere continuamente l\u2019azione, trattenere il momento prima che qualcosa accada o subito dopo che qualcosa \u00e8 accaduto, segnalando la forza morbida di una fotografia costruita sull\u2019intervallo, sul silenzio, sull\u2019attesa, elementi strutturalmente propri della partitura.<\/p>\n<p>La mostra conduce per\u00f2 anche pienamente dentro la materia musicale, esplorando come nello sguardo di Ghirri la musica fosse sempre presente e come, manifestandosi su un muro, in una piazza, per strada, lungo la Senna o dentro un negozio di pianoforti, lo spingesse all\u2019azione fotografica, cio\u00e8 allo scatto. Il percorso ricostruisce soprattutto la sua relazione con il reale discografico, soffermandosi sul rapporto con la scena emiliana dalla met\u00e0 degli anni Ottanta fino ai primi anni Novanta, quando Ghirri morir\u00e0 prematuramente.<\/p>\n<p>Il fotografo, insieme alla moglie Paola Borgonzoni, eccezionale art director e grafica alla quale la mostra restituisce finalmente un meritato spazio di racconto, diventa uno dei protagonisti di quella scena che fa capo a <a href=\"https:\/\/www.editorialedomani.it\/fatti\/vannacci-futura-dalla-scontro-rivolta-musica-contro-appropriazioni-sovraniste-xdz9lx57\" rel=\"nofollow noopener\" target=\"_blank\">Lucio Dalla<\/a>, una sorta di collettivo che sembra costituirsi intorno a lui e che in quegli anni \u00e8 di fatto alla guida della canzone italiana pop.<\/p>\n<p>Il rapporto con Dalla, un\u2019amicizia importante, per non dire cruciale, nel lavoro discografico di Ghirri, lo avvicina umanamente e poi artisticamente ad Angela Baraldi, Ron, agli Stadio, a Luca Carboni e a Gianni Morandi. Per quasi ognuno di loro Ghirri, insieme a Borgonzoni, lavorer\u00e0 alle copertine di dischi importanti: dal cambio di passo di Carboni in Persone silenziose al fruttuoso ritorno sulle scene di Morandi con Variet\u00e0, anticipato dal grande successo di DallaMorandi, uno degli episodi centrali della collaborazione con Ghirri.<\/p>\n<p>Il lavoro di Luigi Ghirri sul formato del disco in vinile si mette in dialogo con quanto avrebbe successivamente formulato in \u201cImmagini per la musica\u201d, l\u2019ultima delle Lezioni di fotografia per l\u2019Universit\u00e0 del Progetto. In quel testo, soffermandosi sui profondi cambiamenti attraversati dall\u2019industria discografica tra la fine degli anni Ottanta e l\u2019inizio dei Novanta, Ghirri riflette sul progressivo mutamento dell\u2019immaginario visivo legato all\u2019album musicale.<\/p>\n<p>La sua critica \u00e8 rivolta soprattutto alla crescente centralit\u00e0 del volto come dispositivo promozionale: secondo Ghirri, la nuova discografia \u00e8 ormai \u00abossessionata\u00bb dalle facce, trasformate nell\u2019elemento dominante delle copertine, a scapito di immagini pi\u00f9 aperte, enigmatiche e capaci di evocare la complessit\u00e0 del contenuto musicale. In questo contesto richiama l\u2019esempio della celebre copertina di Atom Heart Mother dei Pink Floyd, osservando come un\u2019immagine apparentemente estranea alla rappresentazione dell\u2019artista sarebbe ormai impensabile e non gradita nella produzione discografica contemporanea.<\/p>\n<p> <strong>Sperimentazioni <\/strong><\/p>\n<p>Le copertine realizzate da Ghirri anticipano e al tempo stesso incarnano queste riflessioni teoriche. Il lavoro sulla fotografia per la musica diventa, insieme a Paola Borgonzoni, uno dei campi di sperimentazione pi\u00f9 fertili della sua ricerca, uno spazio in cui l\u2019immagine non si limita ad accompagnare il disco, ma contribuisce a costruirne un immaginario autonomo e non didascalico, di indagini su forme, sagome, identit\u00e0 visive.<\/p>\n<p>Accanto al percorso espositivo ho personalmente sviluppato anche un ciclo di podcast (ascoltabili anche sul sito della mostra), un valido ulteriore strumento di approfondimento attraverso cui sono stati intervistati alcuni dei protagonisti degli incontri tra Luigi Ghirri e il mondo della musica: Luca Carboni, Angela Baraldi, Gianni Morandi e Massimo Zamboni dei CCCP, protagonisti dell\u2019ultima significativa collaborazione musicale di Ghirri, per Epica Etica Etnica Pathos e per la raccolta Ecco i miei gioielli.<\/p>\n<p>Una sezione della mostra \u00e8 dedicata all\u2019interazione del lavoro di Ghirri con un artista contemporaneo. La scelta \u00e8 ricaduta su Iosonouncane, Jacopo Incani, coinvolto nella realizzazione di un\u2019installazione sonora site-specific capace di mettere in relazione tre diverse traiettorie di ricerca: il lavoro di Murray Schafer sull\u2019ecologia sonora, la riflessione di Ghirri sul paesaggio sonoro e sulla relazione tra immagine e ambiente, e il rapporto dello stesso Incani con il paesaggio delle proprie origini e del proprio immaginario interiore e il proprio inconscio sonoro: quello di Buggerru, il suo paese natale, nel sud-est della Sardegna.<\/p>\n<p>L\u2019intervento \u00e8 diventato dunque un luogo di incontro tra ascolto, memoria e territorio, ampliando il dialogo tra fotografia e musica attraverso una nuova forma di esperienza immersiva che dalle stanze dedicate attraversa, per frammenti, la mostra intera. La mostra \u00e8 ricchissima di inediti, non solo strettamente fotografici, ma video e persino editoriali: ci sono infatti esposti due veri e propri menab\u00f2 di due progetti di volume, uno dedicato a Bob Dylan e un altro dedicato alla relazione di amicizia e collaborazione con Lucio Dalla. Il secondo include un Ghirri completamente nuovo che ritrae gli Stati Uniti nel marzo del 1986, proprio in occasione del tour di Dalla tra Usa e Canada.<\/p>\n<p>Mi limito a dire, essendo in fondo questo un diario di bordo dall\u2019interno molto personale, che tutto questo materiale risulta abbacinante e sorprendente. Che dunque possa sconvolgervi appena lo incontrerete.<\/p>\n<p>\u00a9 Riproduzione riservata<\/p>\n","protected":false},"excerpt":{"rendered":"Tra l\u2019inverno e la primavera di quest\u2019anno ho lavorato alla curatela musicale della mostra \u201cLuigi Ghirri. A Series&hellip;\n","protected":false},"author":3,"featured_media":662651,"comment_status":"","ping_status":"","sticky":false,"template":"","format":"standard","meta":{"footnotes":"","_share_on_mastodon":"0"},"categories":[1446],"tags":[1615,1613,1614,1611,1610,1612,203,204,1537,90,89],"class_list":["post-662650","post","type-post","status-publish","format-standard","has-post-thumbnail","category-arte-e-design","tag-arte","tag-arte-e-design","tag-arteedesign","tag-arts","tag-arts-and-design","tag-design","tag-entertainment","tag-intrattenimento","tag-it","tag-italia","tag-italy"],"share_on_mastodon":{"url":"https:\/\/pubeurope.com\/@it\/117206192130085470","error":""},"_links":{"self":[{"href":"https:\/\/www.europesays.com\/it\/wp-json\/wp\/v2\/posts\/662650","targetHints":{"allow":["GET"]}}],"collection":[{"href":"https:\/\/www.europesays.com\/it\/wp-json\/wp\/v2\/posts"}],"about":[{"href":"https:\/\/www.europesays.com\/it\/wp-json\/wp\/v2\/types\/post"}],"author":[{"embeddable":true,"href":"https:\/\/www.europesays.com\/it\/wp-json\/wp\/v2\/users\/3"}],"replies":[{"embeddable":true,"href":"https:\/\/www.europesays.com\/it\/wp-json\/wp\/v2\/comments?post=662650"}],"version-history":[{"count":0,"href":"https:\/\/www.europesays.com\/it\/wp-json\/wp\/v2\/posts\/662650\/revisions"}],"wp:featuredmedia":[{"embeddable":true,"href":"https:\/\/www.europesays.com\/it\/wp-json\/wp\/v2\/media\/662651"}],"wp:attachment":[{"href":"https:\/\/www.europesays.com\/it\/wp-json\/wp\/v2\/media?parent=662650"}],"wp:term":[{"taxonomy":"category","embeddable":true,"href":"https:\/\/www.europesays.com\/it\/wp-json\/wp\/v2\/categories?post=662650"},{"taxonomy":"post_tag","embeddable":true,"href":"https:\/\/www.europesays.com\/it\/wp-json\/wp\/v2\/tags?post=662650"}],"curies":[{"name":"wp","href":"https:\/\/api.w.org\/{rel}","templated":true}]}}