{"id":662654,"date":"2026-09-03T08:39:16","date_gmt":"2026-09-03T08:39:16","guid":{"rendered":"https:\/\/www.europesays.com\/it\/662654\/"},"modified":"2026-09-03T08:39:16","modified_gmt":"2026-09-03T08:39:16","slug":"torino-i-pro-e-contro-di-daniel-braganca","status":"publish","type":"post","link":"https:\/\/www.europesays.com\/it\/662654\/","title":{"rendered":"Torino, i pro e contro di Daniel Bragan\u00e7a"},"content":{"rendered":"<p class=\"font-bold md:hidden text-ink leading-[22px]\">\n            1 di 5\n        <\/p>\n<p>                    <a href=\"https:\/\/www.toronews.net\/toro\/torino-i-pro-e-contro-di-braganca\/2\/\" class=\"flex justify-center items-center w-12 h-12 rounded-full cursor-pointer md:px-4 md:w-auto md:h-12 bg-primary-light md:gap-[11px] hover:bg-primary\" aria-label=\"Scheda successiva\" rel=\"nofollow noopener\" target=\"_blank\"><\/p>\n<p>                   Prossima scheda 1 di 5<\/p>\n<p>            <\/a><\/p>\n<p>        Daniel Bragan\u00e7a<\/p>\n<p class=\"isSelectedEnd\">Con l\u2019ufficialit\u00e0 di Daniel<strong> Bragan\u00e7a<\/strong>, il Torino mette a disposizione di Ignazio Abate un centrocampista in grado di portare maggiore tecnica e nuove soluzioni in mezzo al campo. Il classe 1999 arriva dallo <strong>Sporting<\/strong> in prestito con diritto di riscatto, destinato a trasformarsi in obbligo al raggiungimento di determinate condizioni sportive. Il costo complessivo dell\u2019affare si aggira sui <strong>4 milioni di euro<\/strong>, tra parte fissa e riscatto.<\/p>\n<p>\nBragan\u00e7a pu\u00f2 offrire <strong>visione di gioco, qualit\u00e0 nel palleggio e capacit\u00e0 di inserirsi negli spazi<\/strong>, caratteristiche utili per ampliare le alternative della mediana granata. Restano per\u00f2 da verificare l\u2019adattamento alla Serie A e la continuit\u00e0 che riuscir\u00e0 a garantire nel corso della stagione. Un innesto che presenta diversi punti di forza, ma anche alcuni interrogativi: ecco i principali <strong>pro e contro<\/strong> dell\u2019arrivo di Daniel Bragan\u00e7a al Torino.\n<\/p>\n<p>        <img src=\"https:\/\/www.europesays.com\/it\/wp-content\/uploads\/2026\/08\/GettyImages-2266613283-b2df35568cb7-1200x947.jpg\"   width=\"2560\" height=\"2020\" alt=\"Sporting Clube de Portugal v FK Bodo\/Glimt - UEFA Champions League 2025\/26 Round of 16 Second Leg\" title=\"Sporting Clube de Portugal v FK Bodo\/Glimt - UEFA Champions League 2025\/26 Round of 16 Second Leg\" loading=\"eager\" fetchpriority=\"high\" decoding=\"sync\" class=\"w-full h-auto aspect-3\/2 object-cover object-top rounded-lg\"\/><\/p>\n<p class=\"font-bold md:hidden text-ink leading-[22px]\">\n            1 di 5\n        <\/p>\n<p>                    <a href=\"https:\/\/www.toronews.net\/toro\/torino-i-pro-e-contro-di-braganca\/2\/\" class=\"flex justify-center items-center w-12 h-12 rounded-full cursor-pointer md:px-4 md:w-auto md:h-12 bg-primary-light md:gap-[11px] hover:bg-primary\" aria-label=\"Scheda successiva\" rel=\"nofollow noopener\" target=\"_blank\"><\/p>\n<p>                   Prossima scheda 1 di 5<\/p>\n<p>            <\/a><\/p>\n","protected":false},"excerpt":{"rendered":"1 di 5 Prossima scheda 1 di 5 Daniel Bragan\u00e7a Con l\u2019ufficialit\u00e0 di Daniel Bragan\u00e7a, il Torino mette&hellip;\n","protected":false},"author":3,"featured_media":653282,"comment_status":"","ping_status":"","sticky":false,"template":"","format":"standard","meta":{"footnotes":"","_share_on_mastodon":"0"},"categories":[176],"tags":[63862,1237,1262,365239,4675,360365,365240,360366,1856,921,62288,3153,7204,4415,790,20372,23583,360367,365241,2276,26599,6258,2729,5115,2391,23536,2267,2024,299522,336383,8455,6990,20373,12132,1537,90,89,29242,45614,13201,1465,4963,1821,245,244,577,33084,1641],"class_list":["post-662654","post","type-post","status-publish","format-standard","has-post-thumbnail","category-sport","tag-abate","tag-aggiunge","tag-arrivo","tag-arrivo-campionato","tag-aspetti","tag-braganca","tag-braganca-offrire","tag-braganca-torino","tag-campionato","tag-campo","tag-caratteristica","tag-centrocampista","tag-centrocampo","tag-continuita","tag-corso","tag-crociato","tag-daniel","tag-daniel-braganca","tag-daniel-braganca-torino","tag-dare","tag-dettaglio","tag-disposizione","tag-diversa","tag-diverse","tag-diversi","tag-duttilita","tag-giocato","tag-gioco","tag-gzn_page_title","tag-gzn_page_title-pro","tag-infortuni","tag-iniziato","tag-inserirsi","tag-intensita","tag-it","tag-italia","tag-italy","tag-mancino","tag-offrire","tag-portoghese","tag-pro","tag-qualita","tag-serie","tag-sport","tag-sports","tag-stagione","tag-tecnica","tag-torino"],"share_on_mastodon":{"url":"","error":"Validation failed: Text character limit of 500 exceeded"},"_links":{"self":[{"href":"https:\/\/www.europesays.com\/it\/wp-json\/wp\/v2\/posts\/662654","targetHints":{"allow":["GET"]}}],"collection":[{"href":"https:\/\/www.europesays.com\/it\/wp-json\/wp\/v2\/posts"}],"about":[{"href":"https:\/\/www.europesays.com\/it\/wp-json\/wp\/v2\/types\/post"}],"author":[{"embeddable":true,"href":"https:\/\/www.europesays.com\/it\/wp-json\/wp\/v2\/users\/3"}],"replies":[{"embeddable":true,"href":"https:\/\/www.europesays.com\/it\/wp-json\/wp\/v2\/comments?post=662654"}],"version-history":[{"count":0,"href":"https:\/\/www.europesays.com\/it\/wp-json\/wp\/v2\/posts\/662654\/revisions"}],"wp:featuredmedia":[{"embeddable":true,"href":"https:\/\/www.europesays.com\/it\/wp-json\/wp\/v2\/media\/653282"}],"wp:attachment":[{"href":"https:\/\/www.europesays.com\/it\/wp-json\/wp\/v2\/media?parent=662654"}],"wp:term":[{"taxonomy":"category","embeddable":true,"href":"https:\/\/www.europesays.com\/it\/wp-json\/wp\/v2\/categories?post=662654"},{"taxonomy":"post_tag","embeddable":true,"href":"https:\/\/www.europesays.com\/it\/wp-json\/wp\/v2\/tags?post=662654"}],"curies":[{"name":"wp","href":"https:\/\/api.w.org\/{rel}","templated":true}]}}