{"id":66266,"date":"2025-08-24T14:04:12","date_gmt":"2025-08-24T14:04:12","guid":{"rendered":"https:\/\/www.europesays.com\/it\/66266\/"},"modified":"2025-08-24T14:04:12","modified_gmt":"2025-08-24T14:04:12","slug":"pensioni-durigon-in-manovra-lo-stop-allaumento-dei-requisiti-di-eta-ce-lok-di-giorgetti","status":"publish","type":"post","link":"https:\/\/www.europesays.com\/it\/66266\/","title":{"rendered":"Pensioni, Durigon: \u00abIn Manovra lo stop all\u2019aumento dei requisiti di et\u00e0, c\u2019\u00e8 l\u2019ok di Giorgetti\u00bb"},"content":{"rendered":"<p>    di<br \/>\n    Redazione Economia<\/p>\n<p class=\"summary-art is-line-h-12 is-mr-t-20\">Il sottosegretario al Lavoro: \u00abHo gi\u00e0 parlato con il ministro incontrando la sua disponibilit\u00e0 a inserire il provvedimento all&#8217;interno della Legge di bilancio\u00bb<\/p>\n<p class=\"chapter-paragraph\">Nella prossima Manovra ci sar\u00e0 il congelamento del requisito dell\u2019et\u00e0 per la pensione. Sulla base degli scenari demografici presentati dall\u2019Istat, i requisiti per andare in pensione di vecchiaia dal 2027 dovrebbero salire 67 anni e 3 mesi d\u2019et\u00e0. Se il meccanismo venisse bloccato, invece, non ci sarebbe pi\u00f9 l\u2019aumento di tre mesi e il requisito rimarrebbe quello attuale. \u00abHo gi\u00e0 parlato con il ministro Giorgetti incontrando la sua disponibilit\u00e0 a inserire il provvedimento all&#8217;interno della Legge di bilancio\u00bb, ha dichiarato<b> il sottosegretario al Lavoro, Claudio Durigon<\/b>, intervistato da Il Sussidiario. Durigon, ospite al Meeting di Rimini, spiega che nella prossima Legge di bilancio, ci sar\u00e0 \u00abun meccanismo che incentivi l&#8217;investimento sulla futura pensione, tramite il secondo pilastro\u00bb.\u00a0<\/p>\n<p>    Bonus Giorgetti<\/p>\n<p class=\"chapter-paragraph\">Per il sottosegretario in materia previdenziale \u00e8 anche \u00abfondamentale\u00bb<a href=\"https:\/\/www.corriere.it\/economia\/finanza\/25_agosto_21\/per-chi-rinvia-la-pensione-lo-stipendio-sale-del-10-con-il-bonus-giorgetti-quali-sono-i-pro-e-i-contro-della-scelta-9049574d-1676-4e23-af1e-bddd6d0a6xlk.shtml\" title=\"Per chi rinvia la pensione, lo stipendio sale del 10% con il bonus Giorgetti: quali sono i pro e i contro della scelta\" rel=\"nofollow noopener\" target=\"_blank\"> il cosiddetto bonus Giorgetti<\/a>, \u00abuna misura &#8211; sottolinea &#8211; che rafforza la libert\u00e0 del lavoratore, che si tratti di restare al suo posto o di poter andare prima in pensione\u00bb.    &#13;<br \/>\n&#13;<br \/>\n&#13;<br \/>\n&#13;<br \/>\n&#13;<br \/>\n&#13;<br \/>\n&#13;<br \/>\n&#13;<br \/>\n&#13;<br \/>\n&#13;<br \/>\n&#13;<br \/>\n&#13;<br \/>\n&#13;<br \/>\n&#13;<br \/>\n&#13;<br \/>\n&#13;<br \/>\n&#13;<br \/>\n&#13;<br \/>\n&#13;<br \/>\n&#13;<br \/>\n&#13;<br \/>\n&#13;<br \/>\n&#13;<br \/>\n&#13;<br \/>\n&#13;<br \/>\n&#13;<br \/>\n&#13;<br \/>\n&#13;<br \/>\n&#13;<br \/>\n&#13;<br \/>\n&#13;<br \/>\n&#13;<br \/>\n&#13;<br \/>\n&#13;<br \/>\n&#13;<br \/>\n&#13;<br \/>\n&#13;<br \/>\n&#13;<br \/>\n&#13;<br \/>\n&#13;<br \/>\n&#13;<br \/>\n&#13;<br \/>\n&#13;<br \/>\n&#13;<br \/>\n&#13;<br \/>\n&#13;<br \/>\n&#13;<br \/>\n&#13;<br \/>\n&#13;<br \/>\n&#13;<br \/>\n&#13;<br \/>\n&#13;<br \/>\n&#13;\n<\/p>\n<p>    Rafforzare Opzione donna<\/p>\n<p class=\"chapter-paragraph\">\u00ab<b>Opzione donna <\/b>andrebbe rafforzata perch\u00e9 oggi risulta una misura poco efficiente e ha avuto scarso appeal. Quota 103, invece, visto anche lo scarso utilizzo, non penso possa rappresentare una forma ottimale di flessibilit\u00e0 in uscita\u00bb, ha aggiunto. Durigon ha poi ribadito la proposta di una <b>flat tax al 5% per i giovani<\/b>: \u00abCon una flat tax al 5% per cinque anni per i nuovi assunti fino a 30 anni, e per gli under 35 che tornano a risiedere in Italia, lo Stato potrebbe fare la sua parte. Occorre, per\u00f2, anche un cambiamento culturale da parte di molte imprese italiane, che non devono cercare di ridurre il costo del lavoro a scapito dei giovani, magari con un inquadramento contrattuale inferiore\u00bb, ha concluso.<\/p>\n<p>    Fava (Inps):\u00a0\u00abCi atteniamo alle decisioni del legislatore<\/p>\n<p class=\"chapter-paragraph\">\u00ab\u00c8 il legislatore che decide su questi temi, sono di sua competenza. Quindi, noi come Inps, come soggetto attuatore, ci atteniamo scrupolosamente e cercheremo di attuare le linee legislative nel miglior modo possibile\u00bb, ha dichiarato<b> il presidente dell&#8217;Inps, Gabriele Fava<\/b>, rispondendo alle domande dei giornalisti che, al Meeting di Rimini, gli chiedevano un commento su quanto annunciato da Durigon. Parlando dell&#8217;equilibrio dei conti dell&#8217;Inps ha aggiunto: \u00abIl sistema \u00e8 solido, tiene. Nel 2024 abbiamo raggiunto 27 milioni di assicurati, dei quali 7 milioni sono under 35. Quindi il sistema tiene, \u00e8 solido ma il futuro dipende dall&#8217;occupazione: pi\u00f9 giovani, pi\u00f9 donne e pi\u00f9 senior. Solo in questa maniera terremo in piedi la previdenza in Italia\u00bb.<\/p>\n<p><a href=\"https:\/\/www.corriere.it\/app-economia\/?intcmp=DL-app_nd_011024_corriere_ss_conomia\" target=\"_blank\" class=\"bck-app-banner\" rel=\"nofollow noopener\"><img decoding=\"async\" class=\"bck-app-img\" src=\"https:\/\/www.europesays.com\/it\/wp-content\/uploads\/2025\/07\/app.png\"\/><\/p>\n<p>Nuova app <strong>L&#8217;Economia<\/strong>. News, approfondimenti e l&#8217;assistente virtuale al tuo servizio.<\/p>\n<p>SCARICA L&#8217; APP<\/p>\n<p><img decoding=\"async\" src=\"https:\/\/www.europesays.com\/it\/wp-content\/uploads\/2025\/07\/eco.png\"\/><\/a><\/p>\n<p>Iscriviti alle <a href=\"https:\/\/www.corriere.it\/newsletter\/?theme=4\" rel=\"nofollow noopener\" target=\"_blank\">newsletter de L&#8217;Economia<\/a>. Analisi e commenti sui principali avvenimenti\u00a0economici a cura delle firme del Corriere.<\/p>\n<p class=\"is-last-update\" datetime=\"2025-08-24T15:30:05+02:00\">24 agosto 2025 ( modifica il 24 agosto 2025 | 15:30)<\/p>\n<p class=\"is-copyright\">\n            \u00a9 RIPRODUZIONE RISERVATA\n        <\/p>\n","protected":false},"excerpt":{"rendered":"di Redazione Economia Il sottosegretario al Lavoro: \u00abHo gi\u00e0 parlato con il ministro incontrando la sua disponibilit\u00e0 a&hellip;\n","protected":false},"author":3,"featured_media":66267,"comment_status":"","ping_status":"","sticky":false,"template":"","format":"standard","meta":{"footnotes":"","_share_on_mastodon":"0"},"categories":[6],"tags":[772,32,32046,51497,737,1033,587,8938,14,766,2850,51498,51499,1731,40922,2152,51500,26544,26545,32233,51501,1598,8,51502,51503,51504,7710,23312,1537,90,89,1207,51496,7,15,82,9,83,10,9841,29776,13,11,80,84,12,81,85],"class_list":["post-66266","post","type-post","status-publish","format-standard","has-post-thumbnail","category-ultime-notizie","tag-aggiunto","tag-andare","tag-andare-pensione","tag-atteniamo","tag-aumento","tag-bilancio","tag-bonus","tag-bonus-giorgetti","tag-cronaca","tag-dichiarato","tag-disponibilita","tag-disponibilita-inserire","tag-disponibilita-inserire-provvedimento","tag-donna","tag-durigon","tag-eta","tag-fava","tag-flat","tag-flat-tax","tag-giorgetti","tag-giorgetti-sottosegretario","tag-giovani","tag-headlines","tag-incontrando","tag-incontrando-disponibilita","tag-incontrando-disponibilita-inserire","tag-inps","tag-inserire","tag-it","tag-italia","tag-italy","tag-legge","tag-legge-bilancio","tag-news","tag-notizie","tag-notizie-di-cronaca","tag-notizie-principali","tag-notiziedicronaca","tag-notizieprincipali","tag-pensione","tag-sottosegretario","tag-titoli","tag-ultime-notizie","tag-ultime-notizie-di-cronaca","tag-ultime-notizie-e-news-di-oggi","tag-ultimenotizie","tag-ultimenotiziedicronaca","tag-ultimenotizieenewsdioggi"],"share_on_mastodon":{"url":"","error":""},"_links":{"self":[{"href":"https:\/\/www.europesays.com\/it\/wp-json\/wp\/v2\/posts\/66266","targetHints":{"allow":["GET"]}}],"collection":[{"href":"https:\/\/www.europesays.com\/it\/wp-json\/wp\/v2\/posts"}],"about":[{"href":"https:\/\/www.europesays.com\/it\/wp-json\/wp\/v2\/types\/post"}],"author":[{"embeddable":true,"href":"https:\/\/www.europesays.com\/it\/wp-json\/wp\/v2\/users\/3"}],"replies":[{"embeddable":true,"href":"https:\/\/www.europesays.com\/it\/wp-json\/wp\/v2\/comments?post=66266"}],"version-history":[{"count":0,"href":"https:\/\/www.europesays.com\/it\/wp-json\/wp\/v2\/posts\/66266\/revisions"}],"wp:featuredmedia":[{"embeddable":true,"href":"https:\/\/www.europesays.com\/it\/wp-json\/wp\/v2\/media\/66267"}],"wp:attachment":[{"href":"https:\/\/www.europesays.com\/it\/wp-json\/wp\/v2\/media?parent=66266"}],"wp:term":[{"taxonomy":"category","embeddable":true,"href":"https:\/\/www.europesays.com\/it\/wp-json\/wp\/v2\/categories?post=66266"},{"taxonomy":"post_tag","embeddable":true,"href":"https:\/\/www.europesays.com\/it\/wp-json\/wp\/v2\/tags?post=66266"}],"curies":[{"name":"wp","href":"https:\/\/api.w.org\/{rel}","templated":true}]}}