{"id":662672,"date":"2026-09-03T09:06:15","date_gmt":"2026-09-03T09:06:15","guid":{"rendered":"https:\/\/www.europesays.com\/it\/662672\/"},"modified":"2026-09-03T09:06:15","modified_gmt":"2026-09-03T09:06:15","slug":"modric-tra-milan-e-real-madrid-la-champions-il-futuro-e","status":"publish","type":"post","link":"https:\/\/www.europesays.com\/it\/662672\/","title":{"rendered":"Modric tra Milan e Real Madrid: &#8220;La Champions, il futuro e&#8230;&#8221;"},"content":{"rendered":"<p>                                Il croato si confessa in un&#8217;intervista a Marca: &#8220;Lasciare Madrid e il Real \u00e8 stata dura. Ma qui mi hanno accolto aperte sin dal primo momento, e si respira la storia. Anche per questo motivo ho deciso di restare&#8221;\u00a0\u00a0<\/p>\n<p>                    3 settembre &#8211; 09:47  &#8211; MILANO<\/p>\n<p class=\"paragraph\" spellcheck=\"true\">&#8220;Mi manca Madrid, la citt\u00e0, il Real e tutto il resto. Per\u00f2 posso dire che qui a Milano sto bene e sono felice. Mi hanno accolto a braccia aperte fin dal primo giorno e sono molto contento. Il fatto che sia rimasto qui per il secondo anno consecutivo ne \u00e8 una dimostrazione. Quindi, anche se Madrid mi manca molto, adesso sono a Milano e sono felice anche qui&#8221;. Queste le prime parole di Luka Modric, che compir\u00e0 41 anni il 9 settembre, in un&#8217;intervista rilasciata al tidiano spagnolo Marca. Il centrocampista croato del Milan non si risparmia, proprio come fa in campo, e dice ancora:\u00a0 &#8220;Credo sia stato pi\u00f9 difficile dire addio a Madrid e al Real pi\u00f9 che abituarmi alla nuova realt\u00e0, perch\u00e9 poi devi accettare che un giorno tutto questo finisca. Ti distacchi da esperienze che hai vissuto al massimo. Per me \u00e8 stato pi\u00f9 difficile salutare che arrivare a Milano e, poco alla volta, abituarmi a una nuova quotidianit\u00e0, a una nuova realt\u00e0 e a un nuovo club. Non \u00e8 stato facile dire addio, ma, come ho detto, fa parte della vita. Quando sai di aver dato tutto, di aver fatto tutto ci\u00f2 che era nelle tue possibilit\u00e0 per quel club, te ne vai a testa alta. Io me ne sono andato a testa alta&#8221;.<\/p>\n<p>        milan\u2014 \u00a0<\/p>\n<p class=\"paragraph\" spellcheck=\"true\">Poi Luka descrive l&#8217;atmosfera Milan: &#8220;Come il Real, anche il Milan \u00e8 uno dei migliori club del mondo, un club storico che magari negli ultimi anni non ha ottenuto i risultati a cui tutti erano abituati, ma questo non cambia il fatto che continui a essere un grandissimo club e uno dei pi\u00f9 amati al mondo. Quando arrivi qui lo percepisci. Si respira la storia del Milan. Anche qui, al centro sportivo, la senti. Quante leggende e quanti grandi giocatori hanno giocato qui\u2026 Sicuramente \u00e8 stato uno dei motivi per cui ho scelto il Milan. Quando ero bambino e guardavo il calcio italiano, il Milan era la mia squadra preferita. Quindi si sono unite diverse cose che hanno reso pi\u00f9 semplice la decisione dopo il Real Madrid, perch\u00e9 ho sempre provato grande affetto e rispetto per il Milan. Quando si \u00e8 presentata questa opportunit\u00e0 dopo il Madrid, non ho avuto molti dubbi&#8221;.<\/p>\n<p>        Obiettivi e motivazioni\u2014 \u00a0<\/p>\n<p class=\"paragraph\" spellcheck=\"true\">\u00a0Il discorso si sposta poi sugli obiettivi per la stagione appena cominciata: &#8220;Voglio fare meglio dello scorso anno. Per molto tempo abbiamo fatto molto bene, siamo rimasti pi\u00f9 o meno fino a marzo in lotta per lo scudetto, poi nelle ultime partite abbiamo quasi buttato via tutto e non siamo riusciti a qualificarci per la Champions. \u00c8 stato un colpo duro per il Milan, perch\u00e9 il Milan, per la sua storia, deve giocare almeno la Champions League ogni anno. \u00c8 il secondo club con pi\u00f9 titoli dopo il Real Madrid. Gli obiettivi sono fare bene, aiutare la squadra sotto ogni aspetto, dentro e fuori dal campo. C\u2019\u00e8 grande entusiasmo. Quest\u2019anno ci sono stati molti cambiamenti nella squadra, un nuovo allenatore, parecchi giocatori nuovi, e il club mi ha considerato una parte importante del progetto. Mi voleva qui ed \u00e8 per questo che sono rimasto. Voglio competere, dare tutto e provare a far tornare il Milan a vincere. Tutti insieme. Un giocatore da solo non pu\u00f2 farcela, ma tutti insieme dobbiamo fare uno sforzo per riportare gradualmente il Milan dove merita di stare&#8221;. E non nasconde le motivazioni: &#8220;Faccio ci\u00f2 che amo. Il calcio \u00e8 la mia vita. Ho iniziato ad allenarmi a sei anni e il calcio \u00e8 davvero la mia vita. Continuo a divertirmi, continuo ad avere la stessa ambizione, motivazione e passione. Quando provi queste sensazioni \u00e8 pi\u00f9 facile andare avanti. Grazie a Dio mi sento bene fisicamente e mentalmente, che \u00e8 molto importante, e credo che questi siano i motivi principali. Soprattutto l\u2019amore che provo per questo sport. Perch\u00e9 se poi il fisico non ti sostiene, diventa difficile. Io per\u00f2 non considero tutto questo un lavoro. Per me \u00e8 qualcosa con cui mi diverto. Continuo a divertirmi e a godermelo. Non ho giorni in cui penso: &#8216;Non ne ho pi\u00f9 voglia, non voglio allenarmi o alzarmi&#8217;. Non mi \u00e8 mai successo. Finch\u00e9 mi sentir\u00f2 cos\u00ec, non vedo alcun motivo per smettere. So che molti parlano dell\u2019et\u00e0 ed \u00e8 diventato anche un po\u2019 noioso. Credo faccia parte di questa narrativa, come si dice, ma non mi condiziona. Vivo giorno per giorno e mi diverto. Credo che sar\u00e0 il mio corpo a dirmi quando sar\u00e0 arrivato il momento. Sono sempre stato realista e sincero con me stesso e penso che, anche se quel momento sar\u00e0 sicuramente difficile, arriver\u00e0. \u00c8 vicino, pi\u00f9 vicino di prima. Ma vedremo quanto tempo ancora rester\u00f2 e continuer\u00f2 a giocare&#8221;.<\/p>\n<p><a class=\"is-partner-link\" href=\"https:\/\/ad.doubleclick.net\/ddm\/trackclk\/N1792338.340088CAIRORCSMEDIAS.P.\/B28038690.452531709;dc_trk_aid=646241311;dc_trk_cid=173665161;dc_lat=;dc_rdid=;tag_for_child_directed_treatment=;tfua=;gdpr=%24%7BGDPR%7D;gdpr_consent=%24%7BGDPR_CONSENT_755%7D;ltd=;dc_tdv=1\" rel=\"nofollow noopener\" target=\"_blank\">Guarda tutte le partite di Serie A Enilive in esclusiva nei locali Sky! Trova il locale pi\u00f9 vicino a te.<\/a><\/p>\n<p>        Tempo libero e futuro\u2014 \u00a0<\/p>\n<p class=\"paragraph\" spellcheck=\"true\">\u00a0L&#8217;intervista si conclude con un cenno al tempo libero in questo periodo rossonero: &#8220;Sono una persona normale. Un uomo di famiglia. Cerco di stare con la mia famiglia, con i miei figli, di fare cose normali, niente di straordinario. Sto con i miei amici. Mi piace giocare a padel, a tennis e a basket. Ogni volta che posso, lo faccio. Cerco semplicemente di fare cose normali, niente di speciale o fuori dal comune&#8221;. E un rapido cenno al futuro: &#8220;Non ho bisogno di nasconderlo. Madrid \u00e8 casa mia e naturalmente un giorno mi piacerebbe tornare. Per\u00f2 vedremo come e in quale ruolo, se succeder\u00e0. Non voglio tornare soltanto per tornare e stare l\u00ec senza uno scopo. Non sono fatto cos\u00ec. Voglio essere utile, voglio aiutare il Real Madrid. Non voglio essere l\u00ec senza sapere perch\u00e9. Questa \u00e8 la mia mentalit\u00e0. Il Madrid mi ha dato tutto, mi ha dato tantissimo, e credo che tornerei soltanto per fare qualcosa di utile, fare bene le cose e lavorare non &#8216;nel Real Madrid&#8217;, ma &#8216;per il Real Madrid&#8217;. Come ha detto Mourinho recentemente, dobbiamo aiutarlo in qualsiasi modo e renderlo sempre pi\u00f9 grande. Soltanto cos\u00ec mi piacerebbe tornare&#8221;.<\/p>\n<p class=\"is-above-copyright is-mr-r-10\" spellcheck=\"true\">La Gazzetta dello Sport<\/p>\n<p class=\"is-copyright\">\u00a9 RIPRODUZIONE RISERVATA<\/p>\n","protected":false},"excerpt":{"rendered":"Il croato si confessa in un&#8217;intervista a Marca: &#8220;Lasciare Madrid e il Real \u00e8 stata dura. Ma qui&hellip;\n","protected":false},"author":3,"featured_media":662673,"comment_status":"","ping_status":"","sticky":false,"template":"","format":"standard","meta":{"footnotes":"","_share_on_mastodon":"0"},"categories":[176],"tags":[64049,365275,9683,2983,4240,6846,7554,23138,721,921,48972,4018,1969,483,554,42,365276,122,247062,1367,7917,1277,6927,210933,72918,2149,6543,2606,1909,2245,1889,3412,48,1282,1537,90,89,1914,1491,18569,5382,365274,4964,40900,553,28,365277,5904,16663,273,854,11377,28270,245,244,1857,2183,1567,1899,8188],"class_list":["post-662672","post","type-post","status-publish","format-standard","has-post-thumbnail","category-sport","tag-abituarmi","tag-abituarmi-nuova","tag-accolto","tag-addio","tag-aiutare","tag-allenarmi","tag-alta","tag-aperte","tag-calcio","tag-campo","tag-cenno","tag-cerco","tag-champions","tag-cio","tag-club","tag-continuo","tag-continuo-divertirmi","tag-cose","tag-cose-normali","tag-credo","tag-croato","tag-dato","tag-difficile","tag-divertirmi","tag-diverto","tag-dobbiamo","tag-dura","tag-facile","tag-famiglia","tag-felice","tag-giocare","tag-giocatori","tag-importante","tag-intervista","tag-it","tag-italia","tag-italy","tag-li","tag-libero","tag-luka","tag-madrid","tag-madrid-real","tag-manca","tag-marca","tag-milan","tag-milano","tag-milano-felice","tag-modric","tag-motivazioni","tag-nuova","tag-obiettivi","tag-real","tag-real-madrid","tag-sport","tag-sports","tag-squadra","tag-stare","tag-storia","tag-tornare","tag-voglio"],"share_on_mastodon":{"url":"","error":"Validation failed: Text character limit of 500 exceeded"},"_links":{"self":[{"href":"https:\/\/www.europesays.com\/it\/wp-json\/wp\/v2\/posts\/662672","targetHints":{"allow":["GET"]}}],"collection":[{"href":"https:\/\/www.europesays.com\/it\/wp-json\/wp\/v2\/posts"}],"about":[{"href":"https:\/\/www.europesays.com\/it\/wp-json\/wp\/v2\/types\/post"}],"author":[{"embeddable":true,"href":"https:\/\/www.europesays.com\/it\/wp-json\/wp\/v2\/users\/3"}],"replies":[{"embeddable":true,"href":"https:\/\/www.europesays.com\/it\/wp-json\/wp\/v2\/comments?post=662672"}],"version-history":[{"count":0,"href":"https:\/\/www.europesays.com\/it\/wp-json\/wp\/v2\/posts\/662672\/revisions"}],"wp:featuredmedia":[{"embeddable":true,"href":"https:\/\/www.europesays.com\/it\/wp-json\/wp\/v2\/media\/662673"}],"wp:attachment":[{"href":"https:\/\/www.europesays.com\/it\/wp-json\/wp\/v2\/media?parent=662672"}],"wp:term":[{"taxonomy":"category","embeddable":true,"href":"https:\/\/www.europesays.com\/it\/wp-json\/wp\/v2\/categories?post=662672"},{"taxonomy":"post_tag","embeddable":true,"href":"https:\/\/www.europesays.com\/it\/wp-json\/wp\/v2\/tags?post=662672"}],"curies":[{"name":"wp","href":"https:\/\/api.w.org\/{rel}","templated":true}]}}