{"id":662694,"date":"2026-09-03T09:26:12","date_gmt":"2026-09-03T09:26:12","guid":{"rendered":"https:\/\/www.europesays.com\/it\/662694\/"},"modified":"2026-09-03T09:26:12","modified_gmt":"2026-09-03T09:26:12","slug":"juve-koopmeiners-blindato-dallofferta-del-besiktas","status":"publish","type":"post","link":"https:\/\/www.europesays.com\/it\/662694\/","title":{"rendered":"Juve, Koopmeiners blindato dall&#8217;offerta del Besiktas"},"content":{"rendered":"<p>                                Anche nell&#8217;ultimo giorno del calciomercato italiano il Besiktas ha spinto per l&#8217;olandese, ma come per gli altri club la Signora ha chiuso la porta a una cessione. I motivi<\/p>\n<p>            <a class=\"image is-50x50\" href=\"https:\/\/www.gazzetta.it\/redazione\/matteo-nava\/\" rel=\"nofollow noopener\" target=\"_blank\"><br \/>\n                <img decoding=\"async\" class=\"is-rounded\" src=\"https:\/\/www.europesays.com\/it\/wp-content\/uploads\/2025\/11\/matteo_nava_avatar.png\" alt=\"Matteo Nava\"\/><br \/>\n            <\/a><\/p>\n<p>Giornalista<\/p>\n<p>                    2 settembre &#8211; 19:27  &#8211; MILANO<\/p>\n<p class=\"paragraph\" spellcheck=\"true\">A lungo la maggior parte dei tifosi bianconeri lo ha immaginato con le valigie in mano, per\u00f2 &#8211; alla fine &#8211; Teun Koopmeiners \u00e8 rimasto alla Juventus. Non solo. Fino alle ultime ore in cui la sessione estiva \u00e8 rimasta aperta per i club di Serie A, c&#8217;\u00e8 chi ha provato a convincere calciatore e societ\u00e0 a trattare per una cessione, ma la Signora ha fatto muro nonostante a inizio estate l&#8217;olandese fosse a tutti gli effetti considerato come uno dei principali esuberi. In una manciata di settimane, per\u00f2, alla Continassa \u00e8 cambiato parecchio.<\/p>\n<p>        coperta corta\u2014 \u00a0<\/p>\n<p class=\"paragraph\" spellcheck=\"true\">In questo scenario la rete di Koopmeiners contro il Parma, nella seconda giornata di campionato, sembra contare relativamente: \u00e8 pi\u00f9 un sintomo che una causa. Ovviamente non si pu\u00f2 negare che a oggi l&#8217;ex atalantino non sia centrale nel progetto di Luciano Spalletti, ma la trasformazione del suo status da &#8220;esubero&#8221; a &#8220;blindato&#8221; pu\u00f2 sorprendere pi\u00f9 di qualcuno. Di fatto, sostanzialmente, la verit\u00e0 \u00e8 che i bianconeri hanno bisogno di Teun. Fabio Miretti \u00e8 andato in prestito con diritto di riscatto al Besiktas, Vasilije Adzic con la stessa formula (ma con un controriscatto in pi\u00f9) ha gi\u00e0 avuto un ottimo impatto al Sassuolo e Khephren Thuram non si vedr\u00e0 in campo fino al 2027 alla luce dell&#8217;operazione al ginocchio. Senza l&#8217;olandese, il centrocampo della Juventus andrebbe in sofferenza: per questo motivo la Juventus non ha aperto la porta a chi ha provato a bussare chiedendo di lui, considerando che insieme a Manuel Locatelli, Douglas Luiz, Pape Matar Sarr e Augusto Owusu ci sia bisogno pure delle indubbie qualit\u00e0 di Teun, seppur ancora inespresso da quando \u00e8 a Torino.<\/p>\n<p><a class=\"is-partner-link\" href=\"https:\/\/fantacampionato.gazzetta.it\/?intcmp=FC2627_CTArticolo2627\" rel=\"nofollow noopener\" target=\"_blank\">Sfida l&#8217;Italia intera con Fantacampionato: la classifica generale parte alla sesta giornata, gioca ora!<\/a><\/p>\n<p>        richieste &#8220;last minute&#8221;\u2014 \u00a0<\/p>\n<p class=\"paragraph\" spellcheck=\"true\">Un po&#8217; come chi spera di strappare dei prezzi di favore prenotando i voli aerei a pochi giorni dalla partenza, anche marted\u00ec la Juventus e l&#8217;entourage del calciatore hanno ricevuto delle richieste, di cui alcune pressanti. Su tutti ha spinto il Besiktas che gi\u00e0 ha preso dai bianconeri Miretti e (a fine contratto) Dusan Vlahovic: il club turco ci ha provato sia in tarda mattinata che dopo cena, scontrandosi per\u00f2 con il fatto che i tempi erano troppo stretti per permettere alla Juventus di andare a caccia di un sostituto. Ad agosto erano stati poi gi\u00e0 registrati anche sondaggi da Galatasaray, Monaco e un paio di squadre di Premier League, ma nessuno era riuscito a convincere al contempo calciatore e societ\u00e0 per sedersi davvero intorno a un tavolo. Ora, cos\u00ec, comincia per Koopmeiners una nuova fase, una terza stagione bianconera in cui convincere allenatore, ambiente e tifoseria che il primo opaco biennio \u00e8 stato solo uno sfortunato incidente di percorso. Quel gol, in teoria, pu\u00f2 essere benaugurante.<\/p>\n<p class=\"is-copyright\">\u00a9 RIPRODUZIONE RISERVATA<\/p>\n","protected":false},"excerpt":{"rendered":"Anche nell&#8217;ultimo giorno del calciomercato italiano il Besiktas ha spinto per l&#8217;olandese, ma come per gli altri club&hellip;\n","protected":false},"author":3,"featured_media":662695,"comment_status":"","ping_status":"","sticky":false,"template":"","format":"standard","meta":{"footnotes":"","_share_on_mastodon":"0"},"categories":[1452],"tags":[54487,365297,365298,4112,365299,7200,585,37,22953,2281,365295,721,571,554,6611,33242,365296,1740,1537,90,89,558,27732,7186,6049,98,3672,1320,2372,1739,1359,36866,245,244,37796],"class_list":["post-662694","post","type-post","status-publish","format-standard","has-post-thumbnail","category-calcio","tag-adzic","tag-adzic-formula","tag-adzic-formula-controriscatto","tag-aerei","tag-aerei-pochi","tag-besiktas","tag-bianconeri","tag-bisogno","tag-blindato","tag-calciatore","tag-calciatore-societa","tag-calcio","tag-cessione","tag-club","tag-convincere","tag-esubero","tag-esubero-blindato","tag-football","tag-it","tag-italia","tag-italy","tag-juventus","tag-koopmeiners","tag-miretti","tag-olandese","tag-porta","tag-provato","tag-richieste","tag-signora","tag-soccer","tag-societa","tag-spinto","tag-sport","tag-sports","tag-teun"],"share_on_mastodon":{"url":"https:\/\/pubeurope.com\/@it\/117206397533383818","error":""},"_links":{"self":[{"href":"https:\/\/www.europesays.com\/it\/wp-json\/wp\/v2\/posts\/662694","targetHints":{"allow":["GET"]}}],"collection":[{"href":"https:\/\/www.europesays.com\/it\/wp-json\/wp\/v2\/posts"}],"about":[{"href":"https:\/\/www.europesays.com\/it\/wp-json\/wp\/v2\/types\/post"}],"author":[{"embeddable":true,"href":"https:\/\/www.europesays.com\/it\/wp-json\/wp\/v2\/users\/3"}],"replies":[{"embeddable":true,"href":"https:\/\/www.europesays.com\/it\/wp-json\/wp\/v2\/comments?post=662694"}],"version-history":[{"count":0,"href":"https:\/\/www.europesays.com\/it\/wp-json\/wp\/v2\/posts\/662694\/revisions"}],"wp:featuredmedia":[{"embeddable":true,"href":"https:\/\/www.europesays.com\/it\/wp-json\/wp\/v2\/media\/662695"}],"wp:attachment":[{"href":"https:\/\/www.europesays.com\/it\/wp-json\/wp\/v2\/media?parent=662694"}],"wp:term":[{"taxonomy":"category","embeddable":true,"href":"https:\/\/www.europesays.com\/it\/wp-json\/wp\/v2\/categories?post=662694"},{"taxonomy":"post_tag","embeddable":true,"href":"https:\/\/www.europesays.com\/it\/wp-json\/wp\/v2\/tags?post=662694"}],"curies":[{"name":"wp","href":"https:\/\/api.w.org\/{rel}","templated":true}]}}