{"id":662696,"date":"2026-09-03T09:33:16","date_gmt":"2026-09-03T09:33:16","guid":{"rendered":"https:\/\/www.europesays.com\/it\/662696\/"},"modified":"2026-09-03T09:33:16","modified_gmt":"2026-09-03T09:33:16","slug":"giraudo-dopo-20-anni-da-calciopoli-con-gianni-agnelli-in-vita-non-sarebbe-successo-se-elkann-mi-invita-torno-allo-stadium","status":"publish","type":"post","link":"https:\/\/www.europesays.com\/it\/662696\/","title":{"rendered":"Giraudo dopo 20 anni da Calciopoli: \u00abCon Gianni Agnelli in vita non sarebbe successo. Se Elkann mi invita torno allo Stadium\u00bb"},"content":{"rendered":"<p>    di<br \/>\n    Redazione Sport<\/p>\n<p class=\"summary-art is-line-h-12\">Vent&#8217;anni dopo Calciopoli, Antonio Giraudo torna a parlare: cita la sentenza della Corte di Giustizia europea e assicura che \u00abnessun campionato\u00bb fu \u00abalterato\u00bb dalla Juventus. Poi il ricordo di Sandulli: \u00abun mondo fatto di cattive abitudini, non di illeciti classici\u00bb<\/p>\n<p class=\"chapter-paragraph\"><b>Antonio Giraudo <\/b>torna a parlare. Dopo <b>20 anni di silenzio e a 80 ormai compiuti<\/b>, ex <b>amministratore delegato della Juventus dal 1994 al 2006<\/b>, si \u00e8 raccontato sulle pagine de \u00abLa Stampa\u00bb, parlando della sua vicenda personale nel <b>post Calciopoli<\/b> (processo che per l&#8217;ex dirigente \u00e8 andato in prescrizione), ma soffermandosi anche sul presente e sul futuro della Juventus. <a href=\"https:\/\/www.corriere.it\/sport\/11_giugno_15\/moggi-giraudo-radiati_97cec480-9771-11e0-83e2-2963559124a0.shtml\" title=\"Radiati Moggi, Giraudo e Mazzini\" target=\"_blank\" rel=\"nofollow noopener\">Giraudo \u00e8 stato radiato dalla Figc nel 2011<\/a> e oggi vive e lavora a Londra.<\/p>\n<p class=\"chapter-paragraph\">\u00abPerch\u00e9 ho deciso di parlare adesso? Perch\u00e9 <b>\u00e8 cambiato il contesto in cui la storia pu\u00f2 essere raccontata <\/b>\u2014 ha spiegato l&#8217;ex dirigente\u00a0 \u2014 Ad oggi tutti i processi ordinari si sono conclusi senza alcuna condanna. Ma c&#8217;\u00e8 una novit\u00e0 che riguarda la giustizia sportiva\u00bb, cio\u00e8 \u00ab<a href=\"https:\/\/www.corriere.it\/sport\/20_marzo_23\/calciopoli-giraudo-ricorre-corte-europea-diritti-dell-uomo-c1f655c0-6cf1-11ea-ba71-0c6303b9bf2d.shtml\" title=\"Calciopoli: Giraudo ricorre alla Corte europea dei diritti dell\u2019uomo\" target=\"_blank\" rel=\"nofollow noopener\">la recente sentenza della Corte di Giustizia europea<\/a>\u00a0\u2014 emanata a met\u00e0 luglio, e che non \u00e8 retroattiva, ndr \u2014. Chiarisce un principio fondamentale: chi si vede inflitta una <b>sanzione sportiva<\/b> deve avere <b>diritto a rivolgersi a un giudice in grado di valutarle la legittimit\u00e0<\/b>\u00bb.    &#13;<br \/>\n&#13;<br \/>\n&#13;<br \/>\n&#13;<br \/>\n&#13;<br \/>\n&#13;<br \/>\n&#13;<br \/>\n&#13;<br \/>\n&#13;<br \/>\n&#13;<br \/>\n&#13;<br \/>\n&#13;<br \/>\n&#13;<br \/>\n&#13;<br \/>\n&#13;<br \/>\n&#13;<br \/>\n&#13;<br \/>\n&#13;<br \/>\n&#13;<br \/>\n&#13;<br \/>\n&#13;<br \/>\n&#13;<br \/>\n&#13;<br \/>\n&#13;<br \/>\n&#13;<br \/>\n&#13;<br \/>\n&#13;<br \/>\n&#13;<br \/>\n&#13;<br \/>\n&#13;<br \/>\n&#13;<br \/>\n&#13;<br \/>\n&#13;<br \/>\n&#13;<br \/>\n&#13;<br \/>\n&#13;<br \/>\n&#13;<br \/>\n&#13;<br \/>\n&#13;<br \/>\n&#13;<br \/>\n&#13;<br \/>\n&#13;<br \/>\n&#13;<br \/>\n&#13;<br \/>\n&#13;<br \/>\n&#13;<br \/>\n&#13;<br \/>\n&#13;<br \/>\n&#13;<br \/>\n&#13;<br \/>\n&#13;<br \/>\n&#13;<br \/>\n&#13;\n<\/p>\n<p class=\"chapter-paragraph\">Con questa sentenza un giudice riscriver\u00e0 la storia? \u00abMi stupirei del contrario. Un giudice potr\u00e0 annullare una pronuncia disciplinare \u201cdomestica\u201d che si ritiene illegittima. Come ha sostenuto il mio avvocato Dupont, l&#8217;attuale sistema \u00e8 contrario ai principi del diritto europeo\u00bb, ha aggiunto Giraudo, che ha definito <b>Calciopoli \u00abuna gogna mediatica senza precedenti, figlia dell&#8217;invidia di chi non ci ha battuto sul campo<\/b>. Ma la vera conseguenza \u00e8 stata quella di <b>affossare il calcio italiano<\/b>. A conti fatti \u00e8 stato, per invertire la formula, un topolino che ha partorito una montagna\u00bb, ha proseguito: \u00abIl topolino \u00e8 la fotografia che emerge alla fine dei lunghi processi: nessun campionato alterato. Come disse <b>Sandulli, presidente della Corte Federale, \u201cun mondo fatto di cattive abitudini<\/b>, non di illeciti classici\u201d\u00bb.<\/p>\n<p>    <strong>Giraudo: \u00abCon gli Agnelli Calciopoli non sarebbe mai esplosa\u00bb<\/strong><\/p>\n<p class=\"chapter-paragraph\"><b>Con Gianni e Umberto Agnelli Calciopoli sarebbe mai esplosa? \u00abNon sarebbe successo nulla di quello che \u00e8 successo<\/b>\u00bb, l&#8217;opinione dell&#8217;ex bianconero. \u00abCi hanno seguiti, intercettati e spiati privatamente. Non si sarebbero mai permessi nemmeno di immaginare certe cose con loro. Sarebbe prevalso il codice di rispetto che vigeva nel capitalismo italiano\u00bb, ha spiegato. <b>Il comportamento della societ\u00e0? \u00abMi ha sempre lasciato perplesso. Ha chiesto il patteggiamento <\/b>nel processo sui bilanci e i suoi dirigenti sono stati assolti. Ha <b>accettato la serie B, senza neanche aver letto le intercettazioni. <\/b>L&#8217;errore di valutazione fu enorme\u00bb.<\/p>\n<p>    <strong>Giraudo: \u00abTornerei allo Juventus Stadium solo su invito di Elkann\u00bb<\/strong><\/p>\n<p class=\"chapter-paragraph\">Allo Juventus Stadium \u00abnon ci sono mai pi\u00f9 voluto tornare\u00bb, ha detto Giraudo. \u00abHo ceduto solo una volta. Mio figlio aveva comprato tre biglietti ai distinti, per me e il mio nipotino. Non ho potuto dire di no\u00bb. Poi ha aggiunto: \u00abMi hanno riconosciuto. E non riuscivo a uscire dallo stadio tra foto e selfie. E il coro \u201ctorni, torni\u201d\u00bb.<br \/>Oggi tornerebbe in tribuna? \u00abSolo se mi invita l&#8217;Ingegner Elkann\u00bb, ha risposto, definendo la propriet\u00e0 solida. \u00abHa preso una Exor che capitalizzava due miliardi: oggi ne capitalizza ventidue. La sua riservatezza non deve ingannare. Ha retto, da giovanissimo, personalit\u00e0 come Romiti, Gabetti, Marchionne. Oggi li ha superati partecipando ai consigli di amministrazione dei principali gruppi del tech americano. E viene ricevuto alla Casa Bianca, all&#8217;Eliseo e al Quirinale\u00bb. Sul suo rapporto con Elkann, Giraudo ha affermato: \u00abHo molto apprezzato, dopo l&#8217;assoluzione nel processo sui bilanci, un suo sms in cui si complimentava con me perch\u00e9 il fatto non sussisteva. Perfetto stile Juve\u00bb.<\/p>\n<p class=\"is-last-update\" datetime=\"2026-09-03T11:27:41+02:00\">3 settembre 2026 ( modifica il 3 settembre 2026 | 11:27)<\/p>\n<p class=\"is-copyright\">\n            \u00a9 RIPRODUZIONE RISERVATA\n        <\/p>\n","protected":false},"excerpt":{"rendered":"di Redazione Sport Vent&#8217;anni dopo Calciopoli, Antonio Giraudo torna a parlare: cita la sentenza della Corte di Giustizia&hellip;\n","protected":false},"author":3,"featured_media":662697,"comment_status":"","ping_status":"","sticky":false,"template":"","format":"standard","meta":{"footnotes":"","_share_on_mastodon":"0"},"categories":[176],"tags":[25653,365300,365301,772,19512,365302,365303,269758,119,365304,365305,16562,15233,365306,1856,365307,86089,365308,365309,13481,5372,2336,23731,26378,2283,806,10579,156965,2697,11405,51072,365310,365311,2449,485,26379,150164,1537,90,89,558,5775,405,2319,245,244,26884,1886],"class_list":["post-662696","post","type-post","status-publish","format-standard","has-post-thumbnail","category-sport","tag-abitudini","tag-abitudini-illeciti","tag-abitudini-illeciti-classici","tag-aggiunto","tag-agnelli","tag-agnelli-calciopoli","tag-agnelli-calciopoli-esplosa","tag-alterato","tag-antonio","tag-antonio-giraudo","tag-antonio-giraudo-torna","tag-bilanci","tag-calciopoli","tag-calciopoli-esplosa","tag-campionato","tag-campionato-alterato","tag-cattive","tag-cattive-abitudini","tag-cattive-abitudini-illeciti","tag-classici","tag-contrario","tag-corte","tag-corte-giustizia","tag-corte-giustizia-europea","tag-dirigente","tag-diritto","tag-elkann","tag-esplosa","tag-europea","tag-gianni","tag-giraudo","tag-giraudo-torna","tag-giraudo-torna-parlare","tag-giudice","tag-giustizia","tag-giustizia-europea","tag-illeciti","tag-it","tag-italia","tag-italy","tag-juventus","tag-parlare","tag-processo","tag-sentenza","tag-sport","tag-sports","tag-stadium","tag-successo"],"share_on_mastodon":{"url":"","error":"Validation failed: Text character limit of 500 exceeded"},"_links":{"self":[{"href":"https:\/\/www.europesays.com\/it\/wp-json\/wp\/v2\/posts\/662696","targetHints":{"allow":["GET"]}}],"collection":[{"href":"https:\/\/www.europesays.com\/it\/wp-json\/wp\/v2\/posts"}],"about":[{"href":"https:\/\/www.europesays.com\/it\/wp-json\/wp\/v2\/types\/post"}],"author":[{"embeddable":true,"href":"https:\/\/www.europesays.com\/it\/wp-json\/wp\/v2\/users\/3"}],"replies":[{"embeddable":true,"href":"https:\/\/www.europesays.com\/it\/wp-json\/wp\/v2\/comments?post=662696"}],"version-history":[{"count":0,"href":"https:\/\/www.europesays.com\/it\/wp-json\/wp\/v2\/posts\/662696\/revisions"}],"wp:featuredmedia":[{"embeddable":true,"href":"https:\/\/www.europesays.com\/it\/wp-json\/wp\/v2\/media\/662697"}],"wp:attachment":[{"href":"https:\/\/www.europesays.com\/it\/wp-json\/wp\/v2\/media?parent=662696"}],"wp:term":[{"taxonomy":"category","embeddable":true,"href":"https:\/\/www.europesays.com\/it\/wp-json\/wp\/v2\/categories?post=662696"},{"taxonomy":"post_tag","embeddable":true,"href":"https:\/\/www.europesays.com\/it\/wp-json\/wp\/v2\/tags?post=662696"}],"curies":[{"name":"wp","href":"https:\/\/api.w.org\/{rel}","templated":true}]}}