{"id":662702,"date":"2026-09-03T09:36:20","date_gmt":"2026-09-03T09:36:20","guid":{"rendered":"https:\/\/www.europesays.com\/it\/662702\/"},"modified":"2026-09-03T09:36:20","modified_gmt":"2026-09-03T09:36:20","slug":"porsche-911-gt3-bergsport-ledizione-speciale-ispirata-alle-alpi-la-verita","status":"publish","type":"post","link":"https:\/\/www.europesays.com\/it\/662702\/","title":{"rendered":"Porsche 911 GT3 Bergsport, l\u2019edizione speciale ispirata alle Alpi \u2014 La Verit\u00e0"},"content":{"rendered":"<p class=\"wp-block-paragraph\">Dalla piccola segheria di Gm\u00fcnd, dove nacquero le prime auto sportive Porsche, ai passi alpini che ne hanno plasmato il carattere, la montagna \u00e8 parte integrante della storia e dell\u2019identit\u00e0 del Marchio. Le ripide pendenze e le strade tortuose delle Alpi hanno influenzato sia i modelli stradali sia le prime auto da competizione della Casa.<\/p>\n<p class=\"wp-block-paragraph\">Porsche propone ora la 911 GT3 Bergsport, un\u2019edizione speciale disponibile in Austria, Francia, Italia e Svizzera e ispirata ai paesaggi alpini e alle celebri strade di montagna. Basata sull\u2019attuale 911 GT3 Touring e realizzata da Porsche Exclusive Manufaktur, combina piacere di guida, leggerezza, precisione e un\u2019impostazione fortemente meccanica. Ne saranno prodotti appena 100 esemplari.<\/p>\n<p class=\"wp-block-paragraph\">L\u2019anteprima mondiale \u00e8 prevista il 3 settembre alla cronoscalata Arosa ClassicCar, in Svizzera. Al volante ci sar\u00e0 <strong>J\u00f6rg Bergmeister<\/strong>, ambasciatore Porsche, sul tracciato di 7,3 chilometri, con 422 metri di dislivello e 76 curve.<\/p>\n<p><img loading=\"lazy\" decoding=\"async\" class=\"lv-ad-placeholder__logo\" src=\"https:\/\/www.laverita.info\/wp-content\/plugins\/laverita-core\/assets\/ad-placeholder\/logo.svg\" alt=\"\" width=\"360\" height=\"80\"\/><\/p>\n<p>I colori delle Alpi<\/p>\n<p class=\"wp-block-paragraph\">Per la Bergsport \u00e8 stato sviluppato il nuovo colore Valleygreenmetallic, realizzato attraverso il programma Paint to Sample Plus. La tonalit\u00e0 richiama i verdi e i colori terrosi delle montagne, mentre le particelle metalliche dorate creano riflessi ispirati alla neve illuminata dal sole.<\/p>\n<p class=\"wp-block-paragraph\">Il Pacchetto alleggerito prevede cerchi in alluminio forgiato ad alta resistenza al posto di quelli in magnesio normalmente inclusi nel pacchetto. Il sistema di sollevamento dell\u2019asse anteriore facilita l\u2019utilizzo dell\u2019auto su pendenze e superfici irregolari, mentre il serbatoio da 90 litri aumenta l\u2019autonomia nei viaggi pi\u00f9 lunghi.<\/p>\n<p class=\"wp-block-paragraph\">I cerchi, in White Gold e Ceramica con finitura satinata, richiamano le cime innevate e incorniciano le pinze dei freni arancioni, ispirate all\u2019alpenglow, il fenomeno che colora le vette all\u2019alba e al tramonto.<\/p>\n<p><img loading=\"lazy\" decoding=\"async\" class=\"lv-ad-placeholder__logo\" src=\"https:\/\/www.laverita.info\/wp-content\/plugins\/laverita-core\/assets\/ad-placeholder\/logo.svg\" alt=\"\" width=\"360\" height=\"80\"\/><\/p>\n<p class=\"wp-block-paragraph\">Tra gli altri elementi distintivi figurano i fari oscurati a LED Matrix HD, il motivo a bandiera a scacchi sul cofano anteriore, ispirato alla 908 Bergspyder, e i badge \u00abGT3 Bergsport\u00bb. Sul cofano del vano motore \u00e8 presente un emblema circolare con quattro vette alpine, una per ciascuno dei Paesi interessati dall\u2019edizione, attraversate da una strada a tornanti.<\/p>\n<p class=\"wp-block-paragraph\">Per il lancio sar\u00e0 pubblicata anche un\u2019edizione speciale di Curves Magazine, limitata a 1.000 copie.<\/p>\n<p>Interni ispirati alla montagna<\/p>\n<p class=\"wp-block-paragraph\">Nell\u2019abitacolo il colore Valleygreen caratterizza i rivestimenti in pelle dei sedili sportivi a guscio alleggeriti, con schienale abbattibile in fibra di carbonio, inclusi nel Pacchetto alleggerito. Nonostante la vocazione sportiva, la vettura mantiene anche i sedili posteriori.<\/p>\n<p><img loading=\"lazy\" decoding=\"async\" class=\"lv-ad-placeholder__logo\" src=\"https:\/\/www.laverita.info\/wp-content\/plugins\/laverita-core\/assets\/ad-placeholder\/logo.svg\" alt=\"\" width=\"360\" height=\"80\"\/><\/p>\n<p class=\"wp-block-paragraph\">Le cuciture arancioni e la scritta \u00abGT3\u00bb sui poggiatesta riprendono i colori dell\u2019alpenglow. Gli stessi richiami cromatici sono presenti sull\u2019interruttore di avviamento, sul pedale dell\u2019acceleratore, sulla marcatura a ore 12 del volante, sulla leva del cambio manuale e nel Pacchetto Sport Chrono con orologio GT Porsche Design.<\/p>\n<p class=\"wp-block-paragraph\">Le portiere e la parte superiore del cruscotto sono impreziosite da cuciture bianche e nere a punto croce che formano sagome stilizzate di montagne. Completano la dotazione il Pacchetto Light Design e l\u2019impianto BOSE Surround Sound.<\/p>\n<p class=\"wp-block-paragraph\">Il badge GT3 Bergsport compare sulla griglia del cofano posteriore e sullo sportello in pelle della console centrale. Anche chiave, custodia in pelle e cartellina porta documenti sono stati realizzati con grafiche e colori dedicati.<\/p>\n<p><img loading=\"lazy\" decoding=\"async\" class=\"lv-ad-placeholder__logo\" src=\"https:\/\/www.laverita.info\/wp-content\/plugins\/laverita-core\/assets\/ad-placeholder\/logo.svg\" alt=\"\" width=\"360\" height=\"80\"\/><\/p>\n<p class=\"wp-block-paragraph\">Con la GT3 Bergsport, Porsche interpreta in chiave contemporanea il legame storico con le Alpi, unendo le caratteristiche tecniche della 911 GT3 a un design ispirato al paesaggio e alle strade di montagna.<\/p>\n<p>Gli accessori Porsche Lifestyle<\/p>\n<p class=\"wp-block-paragraph\">Porsche Lifestyle ha realizzato una collezione dedicata alla GT3 Bergsport e agli appassionati, disponibile in Italia con modellini in scala 1:43 e 1:18, tazze termiche da viaggio e portachiavi con lo stemma Porsche.<\/p>\n<p>Porsche Exclusive Manufaktur<\/p>\n<p class=\"wp-block-paragraph\">La personalizzazione \u00e8 una componente importante dell\u2019offerta Porsche: quasi tutti i clienti che acquistano una 911 scelgono almeno un\u2019opzione Exclusive Manufaktur.<\/p>\n<p><img loading=\"lazy\" decoding=\"async\" class=\"lv-ad-placeholder__logo\" src=\"https:\/\/www.laverita.info\/wp-content\/plugins\/laverita-core\/assets\/ad-placeholder\/logo.svg\" alt=\"\" width=\"360\" height=\"80\"\/><\/p>\n<p class=\"wp-block-paragraph\">Il programma comprende circa 300 opzioni per gli interni e gli esterni, dalle singole dotazioni alle piccole serie e alle edizioni speciali. A queste si aggiunge Paint to Sample, con oltre 230 colori aggiuntivi per gli esterni.<\/p>\n<p class=\"wp-block-paragraph\">La gamma comprende inoltre accessori, dotazioni installabili successivamente e soluzioni per personalizzare le vetture, tra cui i kit Manthey.<\/p>\n<p>\t\t\t\t\t<img src=\"https:\/\/www.europesays.com\/it\/wp-content\/uploads\/2026\/09\/911-bergsport-02-820x460.jpg\"   alt=\"\" loading=\"lazy\" decoding=\"async\"\/><br \/>\n\t\t\t\t\t\t\t\t\t\t\t(Porsche Media)<\/p>\n<p>\t\t\t\t\t<img src=\"https:\/\/www.europesays.com\/it\/wp-content\/uploads\/2026\/09\/911-bergsport03-820x460.jpg\"   alt=\"\" loading=\"lazy\" decoding=\"async\"\/><br \/>\n\t\t\t\t\t\t\t\t\t\t\t(Porsche Media)<\/p>\n<p>\t\t\t\t\t<img src=\"https:\/\/www.europesays.com\/it\/wp-content\/uploads\/2026\/09\/Porsche-911-GT3-Bergsport_-Gli-interni-in-pelle-Valleygreen-sono-ispirati-al-tema-della-montagna-820.jpeg\"   alt=\"\" loading=\"lazy\" decoding=\"async\"\/><br \/>\n\t\t\t\t\t\t\t\t\t\t\t(Porsche Media)<\/p>\n<p>\t\t\t\t\t<img src=\"https:\/\/www.europesays.com\/it\/wp-content\/uploads\/2026\/09\/911-bergsport-04-820x460.jpg\"   alt=\"911 bergsport 04\" loading=\"lazy\" decoding=\"async\"\/><br \/>\n\t\t\t\t\t\t\t\t\t\t\t(Porsche Media)<\/p>\n","protected":false},"excerpt":{"rendered":"Dalla piccola segheria di Gm\u00fcnd, dove nacquero le prime auto sportive Porsche, ai passi alpini che ne hanno&hellip;\n","protected":false},"author":3,"featured_media":662703,"comment_status":"","ping_status":"","sticky":false,"template":"","format":"standard","meta":{"footnotes":"","_share_on_mastodon":"0"},"categories":[173],"tags":[249124,365313,90342,1537,90,89,6243,195,198,199,197,200,201,194,196],"class_list":["post-662702","post","type-post","status-publish","format-standard","has-post-thumbnail","category-scienza-e-tecnologia","tag-249124","tag-bergsport","tag-gt3","tag-it","tag-italia","tag-italy","tag-porsche","tag-science","tag-science-and-technology","tag-scienceandtechnology","tag-scienza","tag-scienza-e-tecnologia","tag-scienzaetecnologia","tag-technology","tag-tecnologia"],"share_on_mastodon":{"url":"https:\/\/pubeurope.com\/@it\/117206436504639225","error":""},"_links":{"self":[{"href":"https:\/\/www.europesays.com\/it\/wp-json\/wp\/v2\/posts\/662702","targetHints":{"allow":["GET"]}}],"collection":[{"href":"https:\/\/www.europesays.com\/it\/wp-json\/wp\/v2\/posts"}],"about":[{"href":"https:\/\/www.europesays.com\/it\/wp-json\/wp\/v2\/types\/post"}],"author":[{"embeddable":true,"href":"https:\/\/www.europesays.com\/it\/wp-json\/wp\/v2\/users\/3"}],"replies":[{"embeddable":true,"href":"https:\/\/www.europesays.com\/it\/wp-json\/wp\/v2\/comments?post=662702"}],"version-history":[{"count":0,"href":"https:\/\/www.europesays.com\/it\/wp-json\/wp\/v2\/posts\/662702\/revisions"}],"wp:featuredmedia":[{"embeddable":true,"href":"https:\/\/www.europesays.com\/it\/wp-json\/wp\/v2\/media\/662703"}],"wp:attachment":[{"href":"https:\/\/www.europesays.com\/it\/wp-json\/wp\/v2\/media?parent=662702"}],"wp:term":[{"taxonomy":"category","embeddable":true,"href":"https:\/\/www.europesays.com\/it\/wp-json\/wp\/v2\/categories?post=662702"},{"taxonomy":"post_tag","embeddable":true,"href":"https:\/\/www.europesays.com\/it\/wp-json\/wp\/v2\/tags?post=662702"}],"curies":[{"name":"wp","href":"https:\/\/api.w.org\/{rel}","templated":true}]}}