{"id":662710,"date":"2026-09-03T09:40:15","date_gmt":"2026-09-03T09:40:15","guid":{"rendered":"https:\/\/www.europesays.com\/it\/662710\/"},"modified":"2026-09-03T09:40:15","modified_gmt":"2026-09-03T09:40:15","slug":"amal-clooney-fa-i-grattini-al-suo-george-sul-red-carpet-di-venezia-2026-con-unghie-color-latte-amica-it","status":"publish","type":"post","link":"https:\/\/www.europesays.com\/it\/662710\/","title":{"rendered":"Amal Clooney fa i grattini al suo George, sul red carpet di Venezia 2026, con unghie color latte &#8211; Amica.it"},"content":{"rendered":"<ol>\n<li><a href=\"https:\/\/news.google.com\/rss\/articles\/CBMipAFBVV95cUxOZFVUaWhaYnV5ZVVqUGc0ZUV2TDdxRzJJaWd4RWhfRkktNnRqMTFHVDY3M1FTUWRDcVVwVkpUdU9CNTZwbjhad3FvLXkyRDI5RnhHWXBkWExVSEN0dkZKdjFwY1kwdjE1ZG54Ylk4eHZ2TTV4dWZMdWNBOGhyVXpWdVZRdS1XSWpzX0drblpNR05oRlVWMXJOWGlzQ1Z5UklheUFHSA?oc=5\" target=\"_blank\" rel=\"nofollow noopener\">Amal Clooney fa i grattini al suo George, sul red carpet di Venezia 2026, con unghie color latte<\/a>&nbsp;&nbsp;Amica.it<\/li>\n<li><a href=\"https:\/\/news.google.com\/rss\/articles\/CBMitAJBVV95cUxObmtVYVpYY2NLdDdpOHdCcXFLMDBfVHBTTDVEUzBpeTVSbnliQzJiQnRZRHZObjNybGprZkx1QW9IdTVDbzU4aHR4RUxBOE44UVRNTHk1N3dhcURad1RrbkI4UzNjWFV5aURIcmNjcjhKNFhMUGM0a05Xd1V3eEhFZEQtcXhtbEMzQnFYSE5qYnVrMlZYMHRSbXVrd3JwbjR3dDl5NmtCVDg2aFRsdUtmY0tua2ZLZTdiamtyYk80QThiV2tRb3VfOHFTc0s5ZXQ2N2VLaVJNQ3dfZk1ZU2xjWTFsUDZjdkN6SlBnUHBTX3N3aWVFd1gyZmVWS2NuOGRaUEcwbmc2SFp5SVlGdU5VaFh0aC1yWmdraGlCenYzeXhvWHZEd3dqdGM4VmI5RUpWMDBaYQ?oc=5\" target=\"_blank\" rel=\"nofollow noopener\">Show di George Clooney sul red carpet di Venezia: &#8220;Il premio alla carriera? Ho pensato: &#8216;forse sanno qualcosa che io non so? Magari hanno parlato con i miei medici?'&#8221;<\/a>&nbsp;&nbsp;Il Fatto Quotidiano<\/li>\n<li><a href=\"https:\/\/news.google.com\/rss\/articles\/CBMijgFBVV95cUxOSEljcEZVdjNYeVNlY3J6TDVELUZTeFQ3VVlsTTBvSHJVZWZzM2hQekRmLXJqb1RaS3hIZ3JyeVFwZ3dRS3V0WjNYb1lQTTg4X0tjVzEwTHE2clBSZVZWSWdKVklfQWFRaXlqRGlqbWZ5VUxhczFHOEh2eWFCNk5HSDZWSWkwYXhHZDZrTDVB?oc=5\" target=\"_blank\" rel=\"nofollow noopener\">George Clooney a Venezia: \u00abHo 65 anni e tutto \u00e8 malinconico, ma la vita \u00e8 bella. Ho due figli di 9 anni, quindi non faccio pi\u00f9 il regista. Gli Stati Uniti e Trump? Supereremo anche questo\u00bb<\/a>&nbsp;&nbsp;Vanity Fair Italia<\/li>\n<li><a href=\"https:\/\/news.google.com\/rss\/articles\/CBMi4gFBVV95cUxORXhVQ0c3Rk1ZamoyeW9zS1J3aHV4Rk1tWUNKekRzX3ZvUjkteDFkVjVvN3NrTVhvaWZ6SjJ4YU42Q255UHBMcEpfQ1gyVXJNTlpxQmhSWW1BdGM2cXN5ZDB2S0RzT3B1VWJxV1BKUDVKVmZ0OHdKeVdrdy1HcmpPbl9BM080NUo1Rk4xX0J0MG1Cc1dBQjh3WGFqN1lmZlhaWGRKSzZvM0JfcmQwemdsWnA1eWQzMXc5R2s3aGxtMDJRSkg4ODY0dVhqRGdwRnlBTkNTbEhrZUhOem5zRDNfZkh30gHnAUFVX3lxTE1VaENuSWxjQkJXQmVlNVAyQksxalFUdTBVRFpUaXI5SGdSODM3VjB2T2gxaXhydHZJTG9IV0Z6U2F5SW9MdjdXRFR4cmpEUEtsemd2cG43SGtIOGNRU005WlRJRmdiUWpTMjNZUlVzTWtzWFFieDdZRTkyTDJ0TEY0eXhxdzZoeVNDWGRpRUpPTFZEMUgwYUQ2bEI1UFRlcE93aG9KZkdob3puc2lnd0p4c19yb0RPNjNES0h0VXhhVjcxbm9pUnRiSDlCTWVia2pqSEZ2S0dwaUY0QWNRWTE2Wi1Dc1BLMA?oc=5\" target=\"_blank\" rel=\"nofollow noopener\">Con George Clooney la Mostra di Venezia \u00e8 politica: \u201cAmerica guidata da incapaci\u201d<\/a>&nbsp;&nbsp;la Repubblica<\/li>\n<li><a href=\"https:\/\/news.google.com\/rss\/articles\/CBMilwFBVV95cUxNRnZCbW1fZ3B5Unc5XzVxakpZOVNkOHBPb2JfUWZQa0hBTmlUaWJvcnRPQ1N1M2x3R0xLTHJoZ1BaNGN5VzlNR09fTTlGMUFYUzl0alFYRkJIVHJsZ3M3NTJuM1dwaXl4SExWTklISkU0UWVOUi1xWDAyZ3RoM29iMDRjbFFLdWdpRGd5cldPX000N05TQTZZ?oc=5\" target=\"_blank\" rel=\"nofollow noopener\">La Mostra del cinema in diretta, consegnato il Leone d&#8217;oro alla carriera a Clooney<\/a>&nbsp;&nbsp;veneziatoday.it<\/li>\n<\/ol>\n","protected":false},"excerpt":{"rendered":"Amal Clooney fa i grattini al suo George, sul red carpet di Venezia 2026, con unghie color latte&nbsp;&nbsp;Amica.it&hellip;\n","protected":false},"author":3,"featured_media":662711,"comment_status":"","ping_status":"","sticky":false,"template":"","format":"standard","meta":{"footnotes":"","_share_on_mastodon":"0"},"categories":[6],"tags":[28818,217614,14,364291,8,1537,90,89,54564,7,15,82,9,83,10,13,11,80,84,12,81,85,42540,365314,364698],"class_list":["post-662710","post","type-post","status-publish","format-standard","has-post-thumbnail","category-ultime-notizie","tag-amal-clooney","tag-beauty-look","tag-cronaca","tag-festival-di-venezia-2026","tag-headlines","tag-it","tag-italia","tag-italy","tag-manicure","tag-news","tag-notizie","tag-notizie-di-cronaca","tag-notizie-principali","tag-notiziedicronaca","tag-notizieprincipali","tag-titoli","tag-ultime-notizie","tag-ultime-notizie-di-cronaca","tag-ultime-notizie-e-news-di-oggi","tag-ultimenotizie","tag-ultimenotiziedicronaca","tag-ultimenotizieenewsdioggi","tag-unghie","tag-unghie-2026","tag-venezia-2026"],"share_on_mastodon":{"url":"https:\/\/pubeurope.com\/@it\/117206451859862711","error":""},"_links":{"self":[{"href":"https:\/\/www.europesays.com\/it\/wp-json\/wp\/v2\/posts\/662710","targetHints":{"allow":["GET"]}}],"collection":[{"href":"https:\/\/www.europesays.com\/it\/wp-json\/wp\/v2\/posts"}],"about":[{"href":"https:\/\/www.europesays.com\/it\/wp-json\/wp\/v2\/types\/post"}],"author":[{"embeddable":true,"href":"https:\/\/www.europesays.com\/it\/wp-json\/wp\/v2\/users\/3"}],"replies":[{"embeddable":true,"href":"https:\/\/www.europesays.com\/it\/wp-json\/wp\/v2\/comments?post=662710"}],"version-history":[{"count":0,"href":"https:\/\/www.europesays.com\/it\/wp-json\/wp\/v2\/posts\/662710\/revisions"}],"wp:featuredmedia":[{"embeddable":true,"href":"https:\/\/www.europesays.com\/it\/wp-json\/wp\/v2\/media\/662711"}],"wp:attachment":[{"href":"https:\/\/www.europesays.com\/it\/wp-json\/wp\/v2\/media?parent=662710"}],"wp:term":[{"taxonomy":"category","embeddable":true,"href":"https:\/\/www.europesays.com\/it\/wp-json\/wp\/v2\/categories?post=662710"},{"taxonomy":"post_tag","embeddable":true,"href":"https:\/\/www.europesays.com\/it\/wp-json\/wp\/v2\/tags?post=662710"}],"curies":[{"name":"wp","href":"https:\/\/api.w.org\/{rel}","templated":true}]}}