{"id":662718,"date":"2026-09-03T09:53:11","date_gmt":"2026-09-03T09:53:11","guid":{"rendered":"https:\/\/www.europesays.com\/it\/662718\/"},"modified":"2026-09-03T09:53:11","modified_gmt":"2026-09-03T09:53:11","slug":"serie-a-gli-arbitri-del-terzo-turno-inter-napoli-a-sozza-a-mariani-juve-milan","status":"publish","type":"post","link":"https:\/\/www.europesays.com\/it\/662718\/","title":{"rendered":"Serie A, gli arbitri del terzo turno: Inter-Napoli a Sozza, a Mariani Juve-Milan"},"content":{"rendered":"<p>                                Le designazioni dell&#8217;Aia per il nuovo turno di campionato: scelto Massa per Fiorentina-Torino, Colombo per Roma-Atalanta. Il turno si chiude con Udinese-Lazio, fischia Tremolada<\/p>\n<p class=\"paragraph\" spellcheck=\"true\">L&#8217;Aia ha diramato l&#8217;elenco delle designazioni arbitrali per le dieci sfide della terza giornata di Serie A. Il match che aprir\u00e0 il turno venerd\u00ec sera sar\u00e0 Genoa-Como con il direttore di gara scelto che \u00e8 Guida. Sabato pomeriggio sar\u00e0 poi il turno del primo big match di giornata, Inter-Napoli, con il fischietto scelto che \u00e8 Sozza. In serata Roma-Atalanta sar\u00e0 invece diretta da Colombo. Domenica sera per Juventus-Milan \u00e8 stato scelto Mariani, con Fabbri al Var. La terza giornata di Serie A si chiuder\u00e0 luned\u00ec sera con Udinese-Lazio, affidata a Tremolada.<\/p>\n<p>    le designazioni del 3\u00b0 turno di A\u2014 \u00a0<\/p>\n<p class=\"paragraph is-inline\" spellcheck=\"true\">Di seguito l&#8217;elenco intero delle decisioni prese dall&#8217;Aia per le dieci partita della seconda giornata di Serie A 2026\/27:\u00a0<\/p>\n","protected":false},"excerpt":{"rendered":"Le designazioni dell&#8217;Aia per il nuovo turno di campionato: scelto Massa per Fiorentina-Torino, Colombo per Roma-Atalanta. Il turno&hellip;\n","protected":false},"author":3,"featured_media":662719,"comment_status":"","ping_status":"","sticky":false,"template":"","format":"standard","meta":{"footnotes":"","_share_on_mastodon":"0"},"categories":[1452],"tags":[15717,569,721,594,260518,1112,1740,59772,5183,350,50766,1537,90,89,558,91575,2841,1702,1821,1739,245,244,19627],"class_list":["post-662718","post","type-post","status-publish","format-standard","has-post-thumbnail","category-calcio","tag-aia","tag-atalanta","tag-calcio","tag-colombo","tag-designazioni","tag-domenica","tag-football","tag-giornata-serie","tag-giornata","tag-inter","tag-inter-napoli","tag-it","tag-italia","tag-italy","tag-juventus","tag-juventus-milan","tag-sabato","tag-scelto","tag-serie","tag-soccer","tag-sport","tag-sports","tag-turno"],"share_on_mastodon":{"url":"https:\/\/pubeurope.com\/@it\/117206503092767792","error":""},"_links":{"self":[{"href":"https:\/\/www.europesays.com\/it\/wp-json\/wp\/v2\/posts\/662718","targetHints":{"allow":["GET"]}}],"collection":[{"href":"https:\/\/www.europesays.com\/it\/wp-json\/wp\/v2\/posts"}],"about":[{"href":"https:\/\/www.europesays.com\/it\/wp-json\/wp\/v2\/types\/post"}],"author":[{"embeddable":true,"href":"https:\/\/www.europesays.com\/it\/wp-json\/wp\/v2\/users\/3"}],"replies":[{"embeddable":true,"href":"https:\/\/www.europesays.com\/it\/wp-json\/wp\/v2\/comments?post=662718"}],"version-history":[{"count":0,"href":"https:\/\/www.europesays.com\/it\/wp-json\/wp\/v2\/posts\/662718\/revisions"}],"wp:featuredmedia":[{"embeddable":true,"href":"https:\/\/www.europesays.com\/it\/wp-json\/wp\/v2\/media\/662719"}],"wp:attachment":[{"href":"https:\/\/www.europesays.com\/it\/wp-json\/wp\/v2\/media?parent=662718"}],"wp:term":[{"taxonomy":"category","embeddable":true,"href":"https:\/\/www.europesays.com\/it\/wp-json\/wp\/v2\/categories?post=662718"},{"taxonomy":"post_tag","embeddable":true,"href":"https:\/\/www.europesays.com\/it\/wp-json\/wp\/v2\/tags?post=662718"}],"curies":[{"name":"wp","href":"https:\/\/api.w.org\/{rel}","templated":true}]}}