{"id":662736,"date":"2026-09-03T10:19:16","date_gmt":"2026-09-03T10:19:16","guid":{"rendered":"https:\/\/www.europesays.com\/it\/662736\/"},"modified":"2026-09-03T10:19:16","modified_gmt":"2026-09-03T10:19:16","slug":"virtus-bologna-debutto-stagionale-a-rimini-alla-start-romagna-cup-2","status":"publish","type":"post","link":"https:\/\/www.europesays.com\/it\/662736\/","title":{"rendered":"Virtus Bologna, debutto stagionale a Rimini alla Start Romagna Cup"},"content":{"rendered":"<p>La stagione bianconera comincia davvero questa sera, quando la Virtus scender\u00e0 sul parquet del Flaminio di Rimini per il primo test ufficiale della preseason, valido per la Start Romagna Cup.<\/p>\n<p>Un\u2019amichevole che arriva dopo una decina di giorni di lavoro e che servir\u00e0 soprattutto a sciogliere le gambe, ritrovare ritmo e iniziare a vedere come si muove il gruppo costruito da coach <b>Mumbr\u00f9<\/b>.<\/p>\n<p>La squadra arriva al debutto con una notizia non semplice da gestire: il primo infortunio dell\u2019anno, con <a href=\"https:\/\/www.pianetabasket.com\/legabasket-serie-a\/virtus-bologna-tegola-kevin-kokila-lesione-muscolare-e-stop-di-circa-4-settimane\" target=\"_self\" rel=\"nofollow noopener\">Kokila costretto a fermarsi per quattro settimane<\/a>. Un contrattempo che non cambia per\u00f2 il programma della Virtus, pronta a misurarsi con una <b>Dole Rimini<\/b> ambiziosa e gi\u00e0 strutturata per l\u2019A2.<\/p>\n<p><b>Il test sar\u00e0 utile anche per inserire gradualmente gli arrivi dalle nazionali, che si sono aggregati solo all\u2019inizio della settimana<\/b>. \u00c8 molto probabile che <b>Marcus Carr,<\/b> reduce da un viaggio lunghissimo dal Canada dopo essersi esaltato nella finestra FIBA delle qualificazioni alla World Cup 2027, venga tenuto a riposo. Da valutare anche <b>Ferrari e Baldasso<\/b>, rientrati dalla convocazione in Nazionale, e il punto interrogativo <b>Diarra<\/b>, che ha mostrato buone cose con il Mali nelle stesse ultime uscite internazionali.<\/p>\n<p>Nel gruppo ci saranno anche <b>Berlingeri<\/b>, ormai stabilmente aggregato, e l\u2019under <b>Milazzo<\/b>, playmaker classe 2009 del vivaio bianconero, che avr\u00e0 l\u2019occasione di respirare il clima della prima squadra.<\/p>\n<p><b>L\u2019attesa, inevitabilmente, cresce<\/b>. C\u2019\u00e8 curiosit\u00e0 di capire cosa stia nascendo dentro questa Virtus, di osservare da vicino il talento di <b>Moore<\/b>, le possibilit\u00e0 di <b>Bello<\/b> e <b>Frazier<\/b>, e di intuire se, in pochi giorni di lavoro condiviso con lo staff italiano, le idee di Mumbr\u00f9 per un basket di grande corsa abbiano gi\u00e0 iniziato a sedimentare sotto pelle nei giocatori.<\/p>\n<p><b>Non sar\u00e0 un test definitivo, n\u00e9 potrebbe esserlo. <\/b>Ma sar\u00e0 il primo passo per vedere la Virtus muoversi, reagire, comunicare. E per cominciare a capire quale identit\u00e0 potr\u00e0 costruire nel corso della stagione.<\/p>\n<p><b>Mumbr\u00f9, intanto, ha raccontato le prime sensazioni della nuova esperienza alla Virtus in un\u2019intervista a Meridian Sport:<\/b> \u00abSto bene e, soprattutto, sono felice. Ero in nazionale, ora sono alla Virtus, dove sto iniziando la nuova stagione, quindi mi sto divertendo. Come sapete, abbiamo una squadra molto giovane e giochiamo in uno dei campionati pi\u00f9 antichi d&#8217;Europa. Ma vogliamo fare le cose a modo nostro ed essere una squadra proiettata verso il futuro, non solo per questa stagione, ma anche per quello che verr\u00e0. Vogliamo giocare una buona pallacanestro e ora \u00e8 il momento giusto per prendere le decisioni giuste\u00bb.<\/p>\n","protected":false},"excerpt":{"rendered":"La stagione bianconera comincia davvero questa sera, quando la Virtus scender\u00e0 sul parquet del Flaminio di Rimini per&hellip;\n","protected":false},"author":3,"featured_media":662626,"comment_status":"","ping_status":"","sticky":false,"template":"","format":"standard","meta":{"footnotes":"","_share_on_mastodon":"0"},"categories":[1453],"tags":[1756,1757,1537,90,89,54750,245,244,5128],"class_list":["post-662736","post","type-post","status-publish","format-standard","has-post-thumbnail","category-basket","tag-basket","tag-basketball","tag-it","tag-italia","tag-italy","tag-legabasket-serie-a","tag-sport","tag-sports","tag-virtus-bologna"],"share_on_mastodon":{"url":"https:\/\/pubeurope.com\/@it\/117206605038458040","error":""},"_links":{"self":[{"href":"https:\/\/www.europesays.com\/it\/wp-json\/wp\/v2\/posts\/662736","targetHints":{"allow":["GET"]}}],"collection":[{"href":"https:\/\/www.europesays.com\/it\/wp-json\/wp\/v2\/posts"}],"about":[{"href":"https:\/\/www.europesays.com\/it\/wp-json\/wp\/v2\/types\/post"}],"author":[{"embeddable":true,"href":"https:\/\/www.europesays.com\/it\/wp-json\/wp\/v2\/users\/3"}],"replies":[{"embeddable":true,"href":"https:\/\/www.europesays.com\/it\/wp-json\/wp\/v2\/comments?post=662736"}],"version-history":[{"count":0,"href":"https:\/\/www.europesays.com\/it\/wp-json\/wp\/v2\/posts\/662736\/revisions"}],"wp:featuredmedia":[{"embeddable":true,"href":"https:\/\/www.europesays.com\/it\/wp-json\/wp\/v2\/media\/662626"}],"wp:attachment":[{"href":"https:\/\/www.europesays.com\/it\/wp-json\/wp\/v2\/media?parent=662736"}],"wp:term":[{"taxonomy":"category","embeddable":true,"href":"https:\/\/www.europesays.com\/it\/wp-json\/wp\/v2\/categories?post=662736"},{"taxonomy":"post_tag","embeddable":true,"href":"https:\/\/www.europesays.com\/it\/wp-json\/wp\/v2\/tags?post=662736"}],"curies":[{"name":"wp","href":"https:\/\/api.w.org\/{rel}","templated":true}]}}