{"id":662761,"date":"2026-09-03T10:49:18","date_gmt":"2026-09-03T10:49:18","guid":{"rendered":"https:\/\/www.europesays.com\/it\/662761\/"},"modified":"2026-09-03T10:49:18","modified_gmt":"2026-09-03T10:49:18","slug":"fan-ho-la-hong-kong-di-luce-e-ombra","status":"publish","type":"post","link":"https:\/\/www.europesays.com\/it\/662761\/","title":{"rendered":"Fan Ho, la Hong Kong di luce e ombra"},"content":{"rendered":"<p>        di Redazione , pubblicato il 02\/09\/2026        <br \/>Categorie:<\/p>\n<p>        <a href=\"https:\/\/www.finestresullarte.info\/flash-news\/2c-mostre.php\" rel=\"nofollow noopener\" target=\"_blank\"><br \/>\n            Mostre        <\/a><\/p>\n<p>         \/ Argomenti: <a href=\"https:\/\/www.finestresullarte.info\/tag\/fotografia.php\" rel=\"nofollow noopener\" target=\"_blank\">Fotografia<\/a> &#8211; <a href=\"https:\/\/www.finestresullarte.info\/tag\/mostra-fotografica.php\" rel=\"nofollow noopener\" target=\"_blank\">Mostra fotografica<\/a> <\/p>\n<p>Dall\u201911 settembre 2026 al 10 gennaio 2027, Palazzo Falletti di Barolo a Torino presenta un\u2019antologica dedicata al fotografo cinese Fan Ho, con cento immagini che ripercorrono la sua ricerca sulla vita urbana di Hong Kong.<\/p>\n<p>Dal 11 settembre 2026 al 10 gennaio 2027 <strong>Palazzo Falletti di Barolo<\/strong> di <strong>Torino<\/strong> ospita\u00a0FAN HO. Il maestro della fotografia di Hong Kong, antologica dedicata a <strong>Fan<\/strong> <strong>Ho<\/strong> (1931\u20132016), tra i principali interpreti della street photography cinese. Prodotta e organizzata da Ares in collaborazione con Blue Lotus Gallery di Hong Kong, la mostra \u00e8 curata da <strong>Elisa<\/strong> <strong>Maupas<\/strong> e <strong>Sarah Van Ingelgom<\/strong> e riunisce cento fotografie, perlopi\u00f9 in bianco e nero, che ripercorrono la carriera dell\u2019autore e la sua rappresentazione della vita urbana della metropoli.<\/p>\n<p>La ricerca di Fan Ho si sviluppa in un punto di equilibrio tra realismo e astrazione. Facchini, venditori ambulanti e bambini che giocano per le strade sono presenze ricorrenti nelle sue immagini, attraverso le quali il fotografo osserva la fatica e la resilienza degli abitanti, pi\u00f9 che documentare gli anni di trasformazione della citt\u00e0. Le strade e i vicoli affollati diventano cos\u00ec scenari meditativi, spesso popolati da figure solitarie. \u201cOgni foto offre una piccola finestra attraverso la quale si vede e si prova ci\u00f2 che il fotografo ha visto e provato&#8221;, affermava Fan Ho, sottolineando il rapporto tra ricerca artistica e sensibilit\u00e0 nei confronti dei soggetti fotografati.<\/p>\n<p><img loading=\"lazy\" decoding=\"async\" alt=\"Fan Ho, Street Scene (1957) \u00a9 Fan Ho Estate, Blue Lotus Gallery\" src=\"https:\/\/www.europesays.com\/it\/wp-content\/uploads\/2026\/09\/fan-ho-street-scene.jpg\" width=\"750\" height=\"1036\" class=\"lazy\"\/>&#13;<br \/>\nFan Ho, Street Scene (1957) \u00a9 Fan Ho Estate, Blue Lotus Gallery&#13;<\/p>\n<p><img loading=\"lazy\" decoding=\"async\" alt=\"Fan Ho, Hong Kong Venice (1962) \u00a9 Fan Ho Estate, Blue Lotus Gallery\" src=\"https:\/\/www.europesays.com\/it\/wp-content\/uploads\/2026\/09\/fan-ho-hong-kong-venice.jpg\" width=\"750\" height=\"1176\" class=\"lazy\"\/>&#13;<br \/>\nFan Ho, Hong Kong Venice (1962) \u00a9 Fan Ho Estate, Blue Lotus Gallery&#13;<\/p>\n<p><img loading=\"lazy\" decoding=\"async\" alt=\"Fan Ho, Approaching Shadow (1954) \u00a9 Fan Ho Estate, Blue Lotus Gallery\" src=\"https:\/\/www.europesays.com\/it\/wp-content\/uploads\/2026\/09\/fan-ho-approaching-shadow.jpg\" width=\"750\" height=\"1047\" class=\"lazy\"\/>&#13;<br \/>\nFan Ho, Approaching Shadow (1954) \u00a9 Fan Ho Estate, Blue Lotus Gallery&#13;<\/p>\n<p>Sul piano formale, l\u2019autore applicava alla fotografia principi della composizione pittorica, con particolare attenzione alla sintesi geometrica. Gli elementi architettonici venivano organizzati in strutture capaci di trasformare la scena urbana in una trama astratta. Controluce e chiaroscuri contribuivano invece a rendere l\u2019atmosfera delle strade, facendo emergere sagome bianche e silhouette scure dalla penombra. La costruzione dell\u2019immagine proseguiva in camera oscura attraverso quella che Fan Ho definiva \u201ccomposizione di seconda mano\u201d. Ritaglio del negativo, fotoritocco e manipolazione dei toni permettevano di eliminare gli elementi superflui, rafforzare linee e volumi e accentuare il carattere enigmatico delle fotografie. Una concezione che, secondo l\u2019autore, accomunava fotografia e cinema, attivit\u00e0 a cui avrebbe dedicato una lunga carriera.<\/p>\n<p>Opere come\u00a0Pattern\u00a0e\u00a0A Play of Light and Shadow\u00a0evidenziano il rapporto tra direttrici verticali e orizzontali, mentre\u00a0Different Directions\u00a0trasforma la strada attraverso la gestione della luminosit\u00e0. In\u00a0Controversy, le persone diventano sagome immerse in una composizione dominata dai toni scuri e dalla geometria dei binari. Sono presenti inoltre\u00a0Approaching Shadow\u00a0e\u00a0Street Scene, tra le immagini pi\u00f9 note di Fan Ho e sintesi della sua ricerca formale ed estetica. Completa il progetto espositivo il catalogo pubblicato da Dario Cimorelli editore.<\/p>\n<p>Informazioni sulla mostra<a href=\"https:\/\/www.mostralesignoredellarte.it\/\" target=\"_blank\" data-etichetta=\"Banner 3 - Palazzo Cucchiari - Signore\" onclick=\"ga(&#039;send&#039;, &#039;event&#039;, &#039;Click&#039;, &#039;Banner 3 - Palazzo Cucchiari - Signore&#039;, 1);\" rel=\"nofollow noopener\"><br \/>\n\t\t\t<img decoding=\"async\" src=\"https:\/\/www.europesays.com\/it\/wp-content\/uploads\/2026\/09\/1788432558_486_banner finestre sull arte2.jpg\" alt=\"Le Signore dell'Arte - Palazzo Cucchiari, Carrara - dal 27 giugno al 25 ottobre 2026\" onmouseover=\"ga('send', 'event', 'Dwell', 'Banner 3 - Palazzo Cucchiari - Signore', 1);\" title=\"Le Signore dell'Arte - Palazzo Cucchiari, Carrara - dal 27 giugno al 25 ottobre 2026\" class=\"banner_fsa\" fetchpriority=\"high\" id=\"banner_3\" width=\"728\" height=\"90\" style=\"width:728px\"\/><br \/>\n\t\t\t<\/a><br \/>\n            <br \/>Se ti \u00e8 piaciuto questo articolo abbonati a Finestre sull&#8217;Arte.<br \/>\n\t\t\t\t\t\tal prezzo di 12,00 euro all&#8217;anno avrai accesso illimitato agli articoli pubblicati sul sito di Finestre sull&#8217;Arte e ci aiuterai a crescere e<br \/>\n\t\t\t\t\t\ta<br \/>\n\t\t\t\t\t\tmantenere la nostra informazione libera e indipendente.<br \/>\n\t\t\t\t\t\t<a href=\"https:\/\/shop.finestresullarte.info\/carrello\/?add-to-cart=8971\" rel=\"nofollow noopener\" target=\"_blank\">ABBONATI&#13;<br \/>\n\t\t\t\t\t\tA <br \/>FINESTRE SULL&#8217;ARTE<\/a><br \/>\n    <\/p>\n","protected":false},"excerpt":{"rendered":"di Redazione , pubblicato il 02\/09\/2026 Categorie: Mostre \/ Argomenti: Fotografia &#8211; Mostra fotografica Dall\u201911 settembre 2026 al&hellip;\n","protected":false},"author":3,"featured_media":662762,"comment_status":"","ping_status":"","sticky":false,"template":"","format":"standard","meta":{"footnotes":"","_share_on_mastodon":"0"},"categories":[1446],"tags":[1615,1613,1614,1611,1610,1612,203,4663,204,1537,90,89,3537],"class_list":["post-662761","post","type-post","status-publish","format-standard","has-post-thumbnail","category-arte-e-design","tag-arte","tag-arte-e-design","tag-arteedesign","tag-arts","tag-arts-and-design","tag-design","tag-entertainment","tag-fotografia","tag-intrattenimento","tag-it","tag-italia","tag-italy","tag-mostra-fotografica"],"share_on_mastodon":{"url":"https:\/\/pubeurope.com\/@it\/117206724813625989","error":""},"_links":{"self":[{"href":"https:\/\/www.europesays.com\/it\/wp-json\/wp\/v2\/posts\/662761","targetHints":{"allow":["GET"]}}],"collection":[{"href":"https:\/\/www.europesays.com\/it\/wp-json\/wp\/v2\/posts"}],"about":[{"href":"https:\/\/www.europesays.com\/it\/wp-json\/wp\/v2\/types\/post"}],"author":[{"embeddable":true,"href":"https:\/\/www.europesays.com\/it\/wp-json\/wp\/v2\/users\/3"}],"replies":[{"embeddable":true,"href":"https:\/\/www.europesays.com\/it\/wp-json\/wp\/v2\/comments?post=662761"}],"version-history":[{"count":0,"href":"https:\/\/www.europesays.com\/it\/wp-json\/wp\/v2\/posts\/662761\/revisions"}],"wp:featuredmedia":[{"embeddable":true,"href":"https:\/\/www.europesays.com\/it\/wp-json\/wp\/v2\/media\/662762"}],"wp:attachment":[{"href":"https:\/\/www.europesays.com\/it\/wp-json\/wp\/v2\/media?parent=662761"}],"wp:term":[{"taxonomy":"category","embeddable":true,"href":"https:\/\/www.europesays.com\/it\/wp-json\/wp\/v2\/categories?post=662761"},{"taxonomy":"post_tag","embeddable":true,"href":"https:\/\/www.europesays.com\/it\/wp-json\/wp\/v2\/tags?post=662761"}],"curies":[{"name":"wp","href":"https:\/\/api.w.org\/{rel}","templated":true}]}}