{"id":662778,"date":"2026-09-03T11:01:14","date_gmt":"2026-09-03T11:01:14","guid":{"rendered":"https:\/\/www.europesays.com\/it\/662778\/"},"modified":"2026-09-03T11:01:14","modified_gmt":"2026-09-03T11:01:14","slug":"addio-a-fabio-mussi-fu-ministro-con-prodi-lex-premier-fu-rigoroso","status":"publish","type":"post","link":"https:\/\/www.europesays.com\/it\/662778\/","title":{"rendered":"Addio a Fabio Mussi, fu ministro con Prodi. L&#8217;ex premier: fu rigoroso"},"content":{"rendered":"<p>    di<br \/>\n    Redazione Politica<\/p>\n<p class=\"summary-art is-line-h-12\">L&#8217;ex parlamentare si \u00e8 spento a 78 anni<\/p>\n<p class=\"chapter-paragraph\">\u00a0\u00abQuesta notte, all&#8217;ospedale Sant&#8217;Eugenio di Roma si \u00e8 spento Fabio Mussi\u00bb. A riferire la notizia \u00e8 una nota di Avs. Mussi \u00e8 stato \u00abministro del governo Prodi, esponente storico della sinistra ed era attualmente dirigente di Sinistra Italiana Avs.<\/p>\n<p class=\"chapter-paragraph\">Mussi \u00e8 stato \u00e8 uno dei protagonisti della sinistra degli ultimi decenni. Nato a Piombino, in provincia di Livorno, il 22 gennaio 1948, si \u00e8 avvicinato alla politica fin da giovane, <b>entrando nel Partito Comunista Italiano nel 1965<\/b>.<br \/>Dopo gli studi al liceo, ha frequentato la Scuola Normale Superiore di Pisa e si \u00e8 laureato in filosofia all\u2019Universit\u00e0 di Pisa.\u00a0 Nel corso degli anni Mussi ha avuto diversi incarichi all\u2019interno del Pci prima e, poi, del Partito Democratico della Sinistra e dei Democratici di Sinistra.\u00a0    &#13;<br \/>\n&#13;<br \/>\n&#13;<br \/>\n&#13;<br \/>\n&#13;<br \/>\n&#13;<br \/>\n&#13;<br \/>\n&#13;<br \/>\n&#13;<br \/>\n&#13;<br \/>\n&#13;<br \/>\n&#13;<br \/>\n&#13;<br \/>\n&#13;<br \/>\n&#13;<br \/>\n&#13;<br \/>\n&#13;<br \/>\n&#13;<br \/>\n&#13;<br \/>\n&#13;<br \/>\n&#13;<br \/>\n&#13;<br \/>\n&#13;<br \/>\n&#13;<br \/>\n&#13;<br \/>\n&#13;<br \/>\n&#13;<br \/>\n&#13;<br \/>\n&#13;<br \/>\n&#13;<br \/>\n&#13;<br \/>\n&#13;<br \/>\n&#13;<br \/>\n&#13;<br \/>\n&#13;<br \/>\n&#13;<br \/>\n&#13;<br \/>\n&#13;<br \/>\n&#13;<br \/>\n&#13;<br \/>\n&#13;<br \/>\n&#13;<br \/>\n&#13;<br \/>\n&#13;<br \/>\n&#13;<br \/>\n&#13;<br \/>\n&#13;<br \/>\n&#13;<br \/>\n&#13;<br \/>\n&#13;<br \/>\n&#13;<br \/>\n&#13;<br \/>\n&#13;\n<\/p>\n<p class=\"chapter-paragraph\">La sua storia personale e politica attraversa quindi alcune delle trasformazioni pi\u00f9 importanti della politica italiana: dalla fine del Pci alla nascita del Pds, dei Ds e infine del Partito Democratico. In Parlamento Mussi\u00a0 &#8211; come si legge nella nota &#8211; \u00ab\u00e8 stato capogruppo dei deputati del Pds-Ulivo nel 1996 e poi nel 2001 vicepresidente della Camera dei deputati. <b>\u00c8 stato anche vice direttore di Rinascita e poi condirettore de L&#8217;Unit\u00e0. Non ader\u00ec al Pd, e contribu\u00ec alla nascita prima di Sel e poi di Sinistra Italiana<\/b>. Nelle prossime ore saranno resi noti dalla famiglia i particolari per potergli dare un ultimo saluto\u00bb, conclude la nota.<\/p>\n<p class=\"chapter-paragraph\">\u00abApprendo con dolore della morte di Fabio Mussi con il quale ho condiviso le responsabilit\u00e0 di governo. Lo ricordo come ministro rigoroso, un appassionato politico, un uomo colto che ha sempre considerato l&#8217;azione politica come strumento collettivo per cambiare il mondo. Le mie condoglianze e il mio pensiero a tutti i suoi cari e a tutti coloro che gli hanno voluto bene\u00bb., ha commentato Romano Prodi.<\/p>\n<p class=\"is-last-update\" datetime=\"2026-09-03T11:51:36+02:00\">3 settembre 2026 ( modifica il 3 settembre 2026 | 11:51)<\/p>\n<p class=\"is-copyright\">\n            \u00a9 RIPRODUZIONE RISERVATA\n        <\/p>\n","protected":false},"excerpt":{"rendered":"di Redazione Politica L&#8217;ex parlamentare si \u00e8 spento a 78 anni \u00a0\u00abQuesta notte, all&#8217;ospedale Sant&#8217;Eugenio di Roma si&hellip;\n","protected":false},"author":3,"featured_media":662779,"comment_status":"","ping_status":"","sticky":false,"template":"","format":"standard","meta":{"footnotes":"","_share_on_mastodon":"0"},"categories":[6],"tags":[23660,365367,14,6802,10523,15504,365366,8,1537,90,4945,89,365365,365368,272,7,852,15,82,9,83,10,29,5168,66150,226232,3124,477,51801,315,13,11,80,84,12,81,85],"class_list":["post-662778","post","type-post","status-publish","format-standard","has-post-thumbnail","category-ultime-notizie","tag-avs","tag-avs-mussi","tag-cronaca","tag-democratico","tag-deputati","tag-fabio","tag-fabio-mussi","tag-headlines","tag-it","tag-italia","tag-italiana","tag-italy","tag-mussi","tag-mussi-prodi","tag-nascita","tag-news","tag-nota","tag-notizie","tag-notizie-di-cronaca","tag-notizie-principali","tag-notiziedicronaca","tag-notizieprincipali","tag-partito","tag-partito-democratico","tag-pci","tag-pds","tag-pisa","tag-politica","tag-prodi","tag-sinistra","tag-titoli","tag-ultime-notizie","tag-ultime-notizie-di-cronaca","tag-ultime-notizie-e-news-di-oggi","tag-ultimenotizie","tag-ultimenotiziedicronaca","tag-ultimenotizieenewsdioggi"],"share_on_mastodon":{"url":"","error":"Validation failed: Text character limit of 500 exceeded"},"_links":{"self":[{"href":"https:\/\/www.europesays.com\/it\/wp-json\/wp\/v2\/posts\/662778","targetHints":{"allow":["GET"]}}],"collection":[{"href":"https:\/\/www.europesays.com\/it\/wp-json\/wp\/v2\/posts"}],"about":[{"href":"https:\/\/www.europesays.com\/it\/wp-json\/wp\/v2\/types\/post"}],"author":[{"embeddable":true,"href":"https:\/\/www.europesays.com\/it\/wp-json\/wp\/v2\/users\/3"}],"replies":[{"embeddable":true,"href":"https:\/\/www.europesays.com\/it\/wp-json\/wp\/v2\/comments?post=662778"}],"version-history":[{"count":0,"href":"https:\/\/www.europesays.com\/it\/wp-json\/wp\/v2\/posts\/662778\/revisions"}],"wp:featuredmedia":[{"embeddable":true,"href":"https:\/\/www.europesays.com\/it\/wp-json\/wp\/v2\/media\/662779"}],"wp:attachment":[{"href":"https:\/\/www.europesays.com\/it\/wp-json\/wp\/v2\/media?parent=662778"}],"wp:term":[{"taxonomy":"category","embeddable":true,"href":"https:\/\/www.europesays.com\/it\/wp-json\/wp\/v2\/categories?post=662778"},{"taxonomy":"post_tag","embeddable":true,"href":"https:\/\/www.europesays.com\/it\/wp-json\/wp\/v2\/tags?post=662778"}],"curies":[{"name":"wp","href":"https:\/\/api.w.org\/{rel}","templated":true}]}}