{"id":662784,"date":"2026-09-03T11:14:09","date_gmt":"2026-09-03T11:14:09","guid":{"rendered":"https:\/\/www.europesays.com\/it\/662784\/"},"modified":"2026-09-03T11:14:09","modified_gmt":"2026-09-03T11:14:09","slug":"nazionale-mancini-esposito-avanti-ad-immobile-i-giocatori-non-mancano","status":"publish","type":"post","link":"https:\/\/www.europesays.com\/it\/662784\/","title":{"rendered":"Nazionale, Mancini: &#8220;Esposito avanti ad Immobile, i giocatori non mancano&#8221;"},"content":{"rendered":"<p>Intervista a Mancini<\/p>\n<p><strong>Liberali?<\/strong> &#8220;\u00c8 un giocatore tecnico e giovane, la strada \u00e8 quella giusta&#8221;.<\/p>\n<p><strong>Ripartenza?<\/strong> &#8220;Dobbiamo essere veloci e capire pi\u00f9 in fretta possibile come possiamo mettere insieme giocatori che giocano insieme da anni e giovani talenti. I giovani vanno aiutati, ma non credo che ci mettano troppo tempo, soprattutto quelli che hanno qualit\u00e0. Serve per\u00f2 qualcuno che li guidi. Dobbiamo fare risultati. Ci aspettano partite belle e difficili, dobbiamo coniugare i risultati al fatto che la squadra abbia qualcosa di nuovo.<\/p>\n<p>Non sono molto d&#8217;accordo sulle tempistiche, non \u00e8 vero che avremo tanto tempo per lavorare. Giocheremo ogni tre giorni, forse le cose andavano organizzate meglio. Faremo pi\u00f9 partite che allenamenti&#8221;.<\/p>\n<p><strong>Mancini ct?<\/strong>\u00a0 &#8220;Io ho fatto questo lavoro per 5 anni e non mi aspetto nulla, non ho bisogno di nulla e so dove dobbiamo andare. Con Ranieri abbiamo parlato di calcio, di giocatori. Stiamo facendo un buon lavoro su questi giocatori col doppio passaporto. Speriamo di portare a casa risultati importanti, perch\u00e9 sono giocatori che saranno molto buoni per la Nazionale in futuro&#8221;.<\/p>\n<p><strong>Italia tra le prime dieci? <\/strong>&#8220;Nonostante tutto siamo ancora tra le primi dieci Nazionali al mondo. Io credo che si possa tornare a risalire anche nel ranking e fare qualcosa di molto positivo&#8221;.<\/p>\n<p><strong>Esposito centravanti?<\/strong> &#8220;Il 4-3-3 di base, poi dipender\u00e0 da quello che avremo a disposizione. Di ali per\u00f2 ne abbiamo abbastanza. Oggi abbiamo come attaccante uno che gioca nell&#8217;Inter come Pio Esposito, mentre quando abbiamo vinto l&#8217;Europeo avevamo Immobile che giocava nella Lazio quinta o sesta in classifica. \u00c8 un passo avanti. Poi c&#8217;\u00e8 pure Kean&#8230; I giocatori ci sono. In difesa siamo messi bene, a centrocampo e attacco dobbiamo lavorare&#8221;.<\/p>\n<p><strong>Premier League?\u00a0<\/strong> &#8220;Palestra \u00e8 un giocatore giovane a cui l&#8217;anno scorso \u00e8 stata data fiducia. Non ci ha messo tanto ad arrivare in alto, l&#8217;importante ora \u00e8 rimanerci. \u00c8 un vantaggio avere giocatori italiani che giocano in Premier: penso anche a Calafiori, Kayode e Tonali&#8221;.<\/p>\n","protected":false},"excerpt":{"rendered":"Intervista a Mancini Liberali? &#8220;\u00c8 un giocatore tecnico e giovane, la strada \u00e8 quella giusta&#8221;. Ripartenza? &#8220;Dobbiamo essere&hellip;\n","protected":false},"author":3,"featured_media":662785,"comment_status":"","ping_status":"","sticky":false,"template":"","format":"standard","meta":{"footnotes":"","_share_on_mastodon":"0"},"categories":[1452],"tags":[721,719,720,1740,1537,90,89,251,1739,245,244],"class_list":["post-662784","post","type-post","status-publish","format-standard","has-post-thumbnail","category-calcio","tag-calcio","tag-fanta","tag-fantacalcio","tag-football","tag-it","tag-italia","tag-italy","tag-serie-a","tag-soccer","tag-sport","tag-sports"],"share_on_mastodon":{"url":"https:\/\/pubeurope.com\/@it\/117206821762813772","error":""},"_links":{"self":[{"href":"https:\/\/www.europesays.com\/it\/wp-json\/wp\/v2\/posts\/662784","targetHints":{"allow":["GET"]}}],"collection":[{"href":"https:\/\/www.europesays.com\/it\/wp-json\/wp\/v2\/posts"}],"about":[{"href":"https:\/\/www.europesays.com\/it\/wp-json\/wp\/v2\/types\/post"}],"author":[{"embeddable":true,"href":"https:\/\/www.europesays.com\/it\/wp-json\/wp\/v2\/users\/3"}],"replies":[{"embeddable":true,"href":"https:\/\/www.europesays.com\/it\/wp-json\/wp\/v2\/comments?post=662784"}],"version-history":[{"count":0,"href":"https:\/\/www.europesays.com\/it\/wp-json\/wp\/v2\/posts\/662784\/revisions"}],"wp:featuredmedia":[{"embeddable":true,"href":"https:\/\/www.europesays.com\/it\/wp-json\/wp\/v2\/media\/662785"}],"wp:attachment":[{"href":"https:\/\/www.europesays.com\/it\/wp-json\/wp\/v2\/media?parent=662784"}],"wp:term":[{"taxonomy":"category","embeddable":true,"href":"https:\/\/www.europesays.com\/it\/wp-json\/wp\/v2\/categories?post=662784"},{"taxonomy":"post_tag","embeddable":true,"href":"https:\/\/www.europesays.com\/it\/wp-json\/wp\/v2\/tags?post=662784"}],"curies":[{"name":"wp","href":"https:\/\/api.w.org\/{rel}","templated":true}]}}