{"id":662807,"date":"2026-09-03T11:34:13","date_gmt":"2026-09-03T11:34:13","guid":{"rendered":"https:\/\/www.europesays.com\/it\/662807\/"},"modified":"2026-09-03T11:34:13","modified_gmt":"2026-09-03T11:34:13","slug":"inizio-con-il-volley-e-poi-disse-no-al-barcellona-per-aspettare-il-milan-ora-si-presenta-con-una-doppietta-da-favola","status":"publish","type":"post","link":"https:\/\/www.europesays.com\/it\/662807\/","title":{"rendered":"Inizi\u00f2 con il volley e poi disse no al Barcellona per aspettare il Milan, ora si presenta con una doppietta da favola"},"content":{"rendered":"<p data-start=\"372\" data-end=\"1134\" class=\"PDq2pG_selectionAnchorContainer\">Il primo pallone lo addomestica mentre sta ancora scendendo dal cielo. Un controllo, il portiere superato e la porta spalancata. Quattordici minuti pi\u00f9 tardi <strong data-start=\"530\" data-end=\"547\">Giacomo Olzer<\/strong> riceve ancora al limite dell&#8217;area e disegna con il sinistro una traiettoria che finisce nell&#8217;angolo. Due gol a Cremona, due modi diversi di raccontare lo stesso talento. Il <strong data-start=\"721\" data-end=\"741\">Modena vince 3-0<\/strong>, vola a punteggio pieno e scopre che uno degli acquisti dell&#8217;estate potrebbe avere ancora parecchie pagine da scrivere. In tribuna allo Zini ci sono anche mamma e pap\u00e0. Vederlo segnare due volte ha un sapore particolare pensando a quando, da bambino, qualcuno in famiglia immaginava per lui un futuro dall&#8217;altra parte di una rete. Quella della pallavolo. <\/p>\n<p><strong>PRIMA DEL PALLONE C&#8217;ERA UNA RETE DA PALLAVOLO<\/strong><\/p>\n<p data-start=\"1187\" data-end=\"1566\">La storia di Olzer comincia a <strong data-start=\"1217\" data-end=\"1240\">Noarna, in Trentino<\/strong>, dentro una famiglia in cui la pallavolo \u00e8 praticamente una lingua madre. Entrambi i genitori hanno giocato, pap\u00e0 Mario \u00e8 diventato allenatore e Giacomo da bambino sembrava poter seguire la stessa strada. Giocava nel <strong data-start=\"1458\" data-end=\"1477\">Trentino Volley<\/strong>, arrivando a vincere il titolo regionale Under 13 3&#215;3 e a disputare le finali nazionali. Nel frattempo, per\u00f2, continuava anche a inseguire un pallone. Mori Santo Stefano, Pomarolo, Rovereto e poi il Chievo accompagnano i primi passi di una scelta che diventer\u00e0 sempre pi\u00f9 chiara. Il calcio prende spazio, fino a quando arriva il club che Olzer aspetta davvero.\u00a0<strong data-start=\"1841\" data-end=\"1854\">Il Milan.\u00a0<\/strong>A 14 anni il suo nome era gi\u00e0 finito sui tavoli di diversi grandi club. Tra chi aveva bussato c&#8217;erano Juventus, Inter, Roma, Fiorentina e perfino il <strong data-start=\"2062\" data-end=\"2076\">Barcellona<\/strong>, che lo invit\u00f2 per uno stage in Catalogna. La famiglia disse di no. Giacomo aspettava la squadra per cui faceva il tifo. Nel 2017 quella chiamata arriv\u00f2. <\/p>\n<p><a rel=\"nofollow noopener\" target=\"_blank\" href=\"https:\/\/www.sprintesport.it\/sezioni\/581\/checkout?idProdotto=622\"><br \/>\n <\/a><br \/>\n<strong>IL SOGNO MILAN E QUEL DEBUTTO A SAN SIRO<\/strong><\/p>\n<p data-start=\"2316\" data-end=\"2553\">Con il Milan attraversa Under 17 e Primavera. Nella prima stagione in rossonero segna <strong data-start=\"2402\" data-end=\"2411\">9 gol<\/strong>, poi con la Primavera ne mette insieme 17 in 47 presenze. Fino alla sera che ogni ragazzo cresciuto in un vivaio immagina centinaia di volte. \u00c8 il <strong data-start=\"2560\" data-end=\"2579\">12 gennaio 2021<\/strong>, Coppa Italia contro il Torino. Stefano Pioli lo manda in campo durante i supplementari e Olzer debutta con la Prima Squadra a <strong data-start=\"2707\" data-end=\"2719\">San Siro<\/strong>. Il ragazzo che aveva aspettato il Milan rinunciando anche alla possibilit\u00e0 di andare a Barcellona \u00e8 finalmente dentro lo stadio che aveva sognato.\u00a0Pochi mesi dopo, per\u00f2, il calcio gli presenta la prima grande svolta. Nell&#8217;operazione che porta definitivamente <strong data-start=\"3019\" data-end=\"3045\">Sandro Tonali al Milan<\/strong>, Olzer percorre la strada opposta e passa al <strong data-start=\"3091\" data-end=\"3102\">Brescia<\/strong>. Da quel momento comincia una carriera molto meno lineare di quanto sembrasse durante gli anni del settore giovanile.<\/p>\n<p><a rel=\"nofollow noopener\" target=\"_blank\" href=\"https:\/\/www.sprintesport.it\/sezioni\/581\/checkout?idProdotto=622\"><br \/>\n <\/a><br \/>\n<strong>BRESCIA, GLI INFORTUNI E GLI ANNI PER DIVENTARE GRANDE<\/strong><\/p>\n<p data-start=\"3283\" data-end=\"3602\">A Brescia scopre davvero la Serie B. All&#8217;inizio trova poco spazio e deve fare i conti anche con diversi problemi fisici. Poi lentamente conquista minuti, responsabilit\u00e0 e continuit\u00e0. In tre stagioni mette insieme <strong data-start=\"3496\" data-end=\"3531\">75 presenze complessive e 6 gol<\/strong> prima di lasciare le Rondinelle.\u00a0Nel 2025 arriva il <strong data-start=\"3623\" data-end=\"3634\">Pescara<\/strong>. Anche l\u00ec la stagione presenta ostacoli: un problema al ginocchio lo tiene fuori per quasi due mesi, ma quando gioca Olzer riesce a lasciare il segno. Chiude il campionato con <strong data-start=\"3811\" data-end=\"3847\">6 reti in 28 presenze di Serie B<\/strong>, cinque delle quali realizzate da fuori area. La squadra retrocede, mentre lui conferma di poter incidere nella categoria.\u00a0\u00c8 da quella contraddizione che nasce la successiva occasione. Il Pescara scende, <strong data-start=\"4129\" data-end=\"4156\">Olzer rimane in Serie B<\/strong>.<\/p>\n<p><strong>MODENA GLI D\u00c0 FIDUCIA, LUI RISPONDE SUBITO<\/strong><\/p>\n<p data-start=\"4214\" data-end=\"4551\">Il <strong data-start=\"4217\" data-end=\"4234\">9 luglio 2026<\/strong> il Modena lo acquista a titolo definitivo e gli fa firmare un contratto fino al <strong data-start=\"4315\" data-end=\"4333\">30 giugno 2029<\/strong>, con opzione per un&#8217;ulteriore stagione. Un investimento che racconta quanto il club creda nel suo mancino e nelle possibilit\u00e0 di crescita di un giocatore arrivato ormai a 25 anni.\u00a0L&#8217;estate manda gi\u00e0 qualche segnale: gol nelle amichevoli, buone sensazioni e una doppietta anche nel test interno dello Zelocchi. Poi la prima giornata di campionato la guarda da fuori per una <strong data-start=\"4746\" data-end=\"4811\">squalifica ereditata dalla precedente stagione con il Pescara<\/strong>. Il Modena vince a Benevento, Olzer deve aspettare. La sua Serie B giallobl\u00f9 comincia quindi allo Zini. E dura mezz&#8217;ora prima di diventare una storia da copertina.<\/p>\n<p><strong>DUE GOL CHE RACCONTANO UN VIAGGIO<\/strong><\/p>\n<p data-start=\"5071\" data-end=\"5334\">Il primo contro la Cremonese \u00e8 un gol di sensibilit\u00e0. Lancio di Brugman, controllo al volo, portiere saltato e pallone accompagnato in rete. Il secondo mostra il gesto che forse appartiene ancora di pi\u00f9 a Olzer: <strong data-start=\"5283\" data-end=\"5333\">sinistro a giro dal limite e palla nell&#8217;angolo<\/strong>. Doppietta, 3-0 e Modena a punteggio pieno dopo due giornate. Lui racconta che sul primo gol aveva imparato da un errore commesso nella stagione precedente: in una situazione simile aveva cercato la conclusione immediata, stavolta ha guardato il portiere e aspettato un istante in pi\u00f9. Un dettaglio piccolo, ma forse racconta meglio di tanti numeri cosa sia diventato negli ultimi anni.\u00a0A 14 anni poteva andare a Barcellona e scelse di aspettare il Milan. A 19 debuttava a San Siro. Poi sono arrivati Brescia, gli infortuni, Pescara e una retrocessione che avrebbe potuto riportarlo indietro.\u00a0<strong data-start=\"5968\" data-end=\"6103\">Il Modena gli ha offerto una nuova strada. Olzer ha impiegato una sola partita di campionato per cominciare a percorrerla correndo.\u00a0<\/strong>E forse, dopo tanti anni passati a inseguire il talento che tutti avevano intravisto da ragazzino, la storia pi\u00f9 bella sarebbe proprio questa: <strong data-start=\"6248\" data-end=\"6311\" data-is-last-node=\"\">scoprire che il momento di Giacomo Olzer pu\u00f2 essere adesso.<\/strong><\/p>\n<p><a href=\"https:\/\/www.sprintesport.it\/nazionali\/2026\/09\/03\/news\/lascia-il-ravenna-di-ronaldinho-e-scende-tra-i-dilettanti-l-ex-torino-trova-una-piazza-esigente-758738\/?utm_source=VCMS_correlati\" class=\"vc_cont_image\" rel=\"nofollow noopener\" target=\"_blank\"><img decoding=\"async\" class=\"vc_image\" src=\"https:\/\/www.europesays.com\/it\/wp-content\/uploads\/2026\/09\/REGGINA_SERIE_D_-_MATTEO_ROSSETTI-1788397274677.jpg--reggina_serie_d___matteo_rossetti.webp\"\/><\/a><\/p>\n<p><a href=\"https:\/\/www.sprintesport.it\/nazionali\/2026\/09\/03\/news\/il-figlio-d-arte-lascia-l-arezzo-neo-promosso-in-serie-b-e-scende-nei-dilettanti-e-un-passaggio-chiave-758736\/?utm_source=VCMS_correlati\" class=\"vc_cont_image\" rel=\"nofollow noopener\" target=\"_blank\"><img decoding=\"async\" class=\"vc_image\" src=\"https:\/\/sprintesport.cdn.m33cloud.com\/resizer\/150\/-1\/true\/2026_09_03\/AQUILA_MONTEVARCHI_SERIE_D_-_SAMUELE_SUSSI-1788389390567.jpg--aquila_montevarchi_serie_d___samuele_sussi.webp?1788389394885\"\/><\/a><\/p>\n<p><a href=\"https:\/\/www.sprintesport.it\/nazionali\/2026\/09\/02\/news\/il-fratello-di-insigne-dopo-11-anni-tra-serie-a-e-b-scende-di-categoria-la-nuova-avventura-e-sotto-l-etna-758701\/?utm_source=VCMS_correlati\" class=\"vc_cont_image\" rel=\"nofollow noopener\" target=\"_blank\"><img decoding=\"async\" class=\"vc_image\" src=\"https:\/\/www.europesays.com\/it\/wp-content\/uploads\/2026\/09\/CATANIA_SERIE_C_-_ROBERTO_INSIGNE-1788350296030.png--catania_serie_c___roberto_insigne.webp\"\/><\/a><\/p>\n","protected":false},"excerpt":{"rendered":"Il primo pallone lo addomestica mentre sta ancora scendendo dal cielo. Un controllo, il portiere superato e la&hellip;\n","protected":false},"author":3,"featured_media":662808,"comment_status":"","ping_status":"","sticky":false,"template":"","format":"standard","meta":{"footnotes":"","_share_on_mastodon":"0"},"categories":[1474],"tags":[351,6073,6297,365377,1537,90,89,553,7742,245,244,1869],"class_list":["post-662807","post","type-post","status-publish","format-standard","has-post-thumbnail","category-volley","tag-barcellona","tag-brescia","tag-cremonese","tag-giacomo-olzer","tag-it","tag-italia","tag-italy","tag-milan","tag-modena","tag-sport","tag-sports","tag-volley"],"share_on_mastodon":{"url":"https:\/\/pubeurope.com\/@it\/117206901396620898","error":""},"_links":{"self":[{"href":"https:\/\/www.europesays.com\/it\/wp-json\/wp\/v2\/posts\/662807","targetHints":{"allow":["GET"]}}],"collection":[{"href":"https:\/\/www.europesays.com\/it\/wp-json\/wp\/v2\/posts"}],"about":[{"href":"https:\/\/www.europesays.com\/it\/wp-json\/wp\/v2\/types\/post"}],"author":[{"embeddable":true,"href":"https:\/\/www.europesays.com\/it\/wp-json\/wp\/v2\/users\/3"}],"replies":[{"embeddable":true,"href":"https:\/\/www.europesays.com\/it\/wp-json\/wp\/v2\/comments?post=662807"}],"version-history":[{"count":0,"href":"https:\/\/www.europesays.com\/it\/wp-json\/wp\/v2\/posts\/662807\/revisions"}],"wp:featuredmedia":[{"embeddable":true,"href":"https:\/\/www.europesays.com\/it\/wp-json\/wp\/v2\/media\/662808"}],"wp:attachment":[{"href":"https:\/\/www.europesays.com\/it\/wp-json\/wp\/v2\/media?parent=662807"}],"wp:term":[{"taxonomy":"category","embeddable":true,"href":"https:\/\/www.europesays.com\/it\/wp-json\/wp\/v2\/categories?post=662807"},{"taxonomy":"post_tag","embeddable":true,"href":"https:\/\/www.europesays.com\/it\/wp-json\/wp\/v2\/tags?post=662807"}],"curies":[{"name":"wp","href":"https:\/\/api.w.org\/{rel}","templated":true}]}}