{"id":662809,"date":"2026-09-03T11:37:15","date_gmt":"2026-09-03T11:37:15","guid":{"rendered":"https:\/\/www.europesays.com\/it\/662809\/"},"modified":"2026-09-03T11:37:15","modified_gmt":"2026-09-03T11:37:15","slug":"ciclismo-colpo-doppio-per-la-canadese-swierenga-tappa-e-maglia-al-giro-di-toscana","status":"publish","type":"post","link":"https:\/\/www.europesays.com\/it\/662809\/","title":{"rendered":"Ciclismo,\u00a0colpo doppio per la canadese Swierenga. Tappa e maglia al Giro di Toscana"},"content":{"rendered":"<p>Segromigno in Piano (Lucca), 29 agosto 2026 &#8211; Dopo le due tappe pistoiesi e quella lucchese di ieri a Segromigno in Piano vinta dalla diciannovenne canadese Sidney Swierenga, il 30\u00b0 Giro di Toscana-Memorial Michela Fanini approda oggi a Montecatini Terme per il gran finale su Viale Verdi. Sar\u00e0 la tappa pi\u00f9 lunga e pi\u00f9 impegnativa e tutto pu\u00f2 succedere per la conquista finale della maglia rosa. Nella penultima giornata a Segromigno in Piano dopo l\u2019omaggio al mattino per ricordare Michela Fanini e sua madre Giulietta, la protagonista vittoriosa \u00e8 stata la Swierenga che ha lanciato il suo attacco in salita assieme alla sfortunata australiana Dixon costretta a lasciare la compagna di fuga a 4 km dal traguardo per una foratura. Per la Swierenga la vittoria di tappa e la conquista della maglia rosa. Da segnalare una fuga iniziale dell\u2019olandese Nina Kessler e dell\u2019italiana Rabbia che guadagnavano un vantaggio di 2\u201918\u201d prima di essere raggiunte al 54\u00b0 km. Altra fuga della Deotto, Tserakh, Luccon e De Marigny, sulle quali rientravano Pavesi e Basilico ma anche questa non aveva successo. Sulla salita di Valgiano uscivano la Swierenga e la Dixon ed era l\u2019episodio decisivo e la foratura della Dixon.\u00a0 \u00a0 \u00a0<\/p>\n<p>\u00a0 \u00a0 \u00a0 \u00a0 \u00a0 \u00a0 \u00a0 \u00a0 \u00a0 \u00a0 \u00a0 \u00a0 \u00a0 \u00a0 \u00a0 \u00a0 \u00a0 \u00a0 \u00a0 \u00a0 \u00a0 \u00a0 \u00a0 \u00a0 \u00a0<\/p>\n<p>\u00a0<strong>ORDINE DI ARRIVO:<\/strong> 1)Sidney Swierenga (Liv Alula Jayco) Km 116,8, media km 38,870; 2)Malou Eisen (Volkerwessels) a 26\u201d; 3)Yvette Maya Kingma (Aromitalia Vaiano); 4)Berteau a 46\u201d; 5)Arlandson.<\/p>\n<p><strong>CLASSIFICA GENERALE<\/strong>: 1)Sidney Swierenga (Liv Alula Jayco); 2)Eisen a 15\u201d; 3)Kingma a 27\u201d; 4)Knijnenburg a 37\u201d; 5)Berteau a 43\u201d.<\/p>\n<p>Oggi ultima tappa con la suggestiva partenza ufficiosa a mezzogiorno sulle splendide Mura Urbane di Lucca. Da l\u00ec la carovana percorrer\u00e0 la ciclovia intitolata a Michela Fanini con il saluto dell\u2019amministrazione comunale quindi trasferimento a Capannori per il via ufficiale alle 12.30 da piazza Aldo Moro. Previsto per tre volte lo strappo delle \u201cSelvette\u201d, quindi l\u2019ingresso in Valdinievole con primo passaggio dopo 74 Km attorno alle 14,30, dal traguardo di Viale Verdi a Montecatini. Le atlete a questo punto dovranno affrontare il circuito di km 14,400 con la salita di Vico per ben 5 volte, per completare i 146 chilometri della tappa con arrivo previsto tra le 16 e le 16,30.<\/p>\n","protected":false},"excerpt":{"rendered":"Segromigno in Piano (Lucca), 29 agosto 2026 &#8211; Dopo le due tappe pistoiesi e quella lucchese di ieri&hellip;\n","protected":false},"author":3,"featured_media":662810,"comment_status":"","ping_status":"","sticky":false,"template":"","format":"standard","meta":{"footnotes":"","_share_on_mastodon":"0"},"categories":[1456],"tags":[20221,1824,5371,1825,1537,90,89,2219,245,244,363457,2218,11922],"class_list":["post-662809","post","type-post","status-publish","format-standard","has-post-thumbnail","category-ciclismo","tag-canadese","tag-ciclismo","tag-colpo","tag-cycling","tag-it","tag-italia","tag-italy","tag-maglia","tag-sport","tag-sports","tag-swierenga","tag-tappa","tag-toscana"],"share_on_mastodon":{"url":"https:\/\/pubeurope.com\/@it\/117206911997490161","error":""},"_links":{"self":[{"href":"https:\/\/www.europesays.com\/it\/wp-json\/wp\/v2\/posts\/662809","targetHints":{"allow":["GET"]}}],"collection":[{"href":"https:\/\/www.europesays.com\/it\/wp-json\/wp\/v2\/posts"}],"about":[{"href":"https:\/\/www.europesays.com\/it\/wp-json\/wp\/v2\/types\/post"}],"author":[{"embeddable":true,"href":"https:\/\/www.europesays.com\/it\/wp-json\/wp\/v2\/users\/3"}],"replies":[{"embeddable":true,"href":"https:\/\/www.europesays.com\/it\/wp-json\/wp\/v2\/comments?post=662809"}],"version-history":[{"count":0,"href":"https:\/\/www.europesays.com\/it\/wp-json\/wp\/v2\/posts\/662809\/revisions"}],"wp:featuredmedia":[{"embeddable":true,"href":"https:\/\/www.europesays.com\/it\/wp-json\/wp\/v2\/media\/662810"}],"wp:attachment":[{"href":"https:\/\/www.europesays.com\/it\/wp-json\/wp\/v2\/media?parent=662809"}],"wp:term":[{"taxonomy":"category","embeddable":true,"href":"https:\/\/www.europesays.com\/it\/wp-json\/wp\/v2\/categories?post=662809"},{"taxonomy":"post_tag","embeddable":true,"href":"https:\/\/www.europesays.com\/it\/wp-json\/wp\/v2\/tags?post=662809"}],"curies":[{"name":"wp","href":"https:\/\/api.w.org\/{rel}","templated":true}]}}