{"id":662818,"date":"2026-09-03T11:48:17","date_gmt":"2026-09-03T11:48:17","guid":{"rendered":"https:\/\/www.europesays.com\/it\/662818\/"},"modified":"2026-09-03T11:48:17","modified_gmt":"2026-09-03T11:48:17","slug":"douvikas-isaksen-muani-pellegrino-butez-e-atta-cosa-cambia-ora-al-fanta","status":"publish","type":"post","link":"https:\/\/www.europesays.com\/it\/662818\/","title":{"rendered":"Douvikas, Isaksen, Muani, Pellegrino, Butez e Atta: cosa cambia ora al fanta"},"content":{"rendered":"<p>\nDue giornate gi\u00e0 giocate, ma il calciomercato si \u00e8 chiuso soltanto marted\u00ec: per qualcuno la concorrenza nel ruolo \u00e8 cambiata. Vediamo caso per caso come gestirli al fantacalcio.\n<\/p>\n<p>\n\ud83d\udcdd <a href=\"https:\/\/www.sosfanta.com\/guida-asta-fantacalcio\/guida-asta-fantacalcio-2026-2027-tutti-consigli-fasce-chi-prendere\/\" target=\"_blank\" rel=\"noopener nofollow\"><strong>Qui la nostra Guida all&#8217;asta per il fantacalcio 2026-27<\/strong><\/a>\n<\/p>\n<p>\n<strong>DOUVIKAS<\/strong> &#8211; Tasos <strong>Douvikas<\/strong> \u00e8 partito con due gol in due partite, ora \u00e8 arrivato Kean. Il greco perde ovviamente appeal perch\u00e9 ci sar\u00e0 una forte concorrenza, ma rimane comunque di fatto un primo slot da mettere sempre e a prescindere. Anche perch\u00e9 ha gi\u00e0 dimostrato di saper segnare da subentrante. Non \u00e8 consigliato fare la coppia per una questione di prezzi, sarebbero troppo alti. Ci sar\u00e0 alternanza tra campionato e Champions.\n<\/p>\n<p>        <img src=\"https:\/\/www.europesays.com\/it\/wp-content\/uploads\/2026\/09\/GettyImages-2288558412-1f7dcdba50d1-e1788384453214-480x270.jpeg\"   width=\"715\" height=\"402\" alt=\"Como 1907 v FC Famalicao - Pre-Season Friendly\" title=\"Como 1907 v FC Famalicao - Pre-Season Friendly\" loading=\"eager\" fetchpriority=\"high\" decoding=\"sync\" class=\"w-full h-auto aspect-3\/2 object-cover object-top rounded-lg\"\/><\/p>\n<p>\n<strong>ISAKSEN<\/strong> &#8211; Gustav <strong>Isaksen<\/strong> si ritrova la concorrenza di Gudmundsson oltre a quella di Cancellieri. Se sta bene ed \u00e8 in forma pu\u00f2 comunque essere il titolare, ma la parola spetter\u00e0 al campo. L\u2019ex Fiorentina non \u00e8 propriamente un\u2019ala destra, toccher\u00e0 a Gattuso trovare la quadra per la sua Lazio, che ha tanta qualit\u00e0. Isaksen non \u00e8 assolutamente in hype, in sconto pu\u00f2 essere anche un buon jolly all\u2019asta ora.\n<\/p>\n<p>\n<strong>KOLO MUANI<\/strong> &#8211; Randal <strong>Kolo<\/strong> <strong>Muani<\/strong> era il centravanti titolare della Juve senza alcun dubbio prima dell\u2019arrivo di Woltemade, ora qualche dubbio c\u2019\u00e8. Ci sar\u00e0 alternanza, il ballottaggio sar\u00e0 continuo. Il francese non potr\u00e0 pi\u00f9 sbagliare. Il suo appeal \u00e8 calato rispetto a chi ha fatto l\u2019asta prima della 1a giornata, rimane comunque tra i primi slot ma non \u00e8 pi\u00f9 tra i top assoluti.\n<\/p>\n<p>\n<strong>FORTINI<\/strong> &#8211; Niccol\u00f2 <strong>Fortini<\/strong> \u00e8 una scommessa che il Torino ha fatto prendendolo dalla Fiorentina, inizialmente si pensava che potesse prendere il posto di Pedersen. Abate ha detto di vederlo pi\u00f9 a sinistra, quindi sarebbe il vice Cacciamani. Fortini \u00e8 un 2006 ed \u00e8 promettente, al fanta \u00e8 solo un jolly\/scommessa da ultimo slot ora.\n<\/p>\n<p>\n<strong>PELLEGRINO<\/strong> &#8211; Mateo <strong>Pellegrino<\/strong> non ha iniziato bene il campionato, cos\u00ec come tutta la Fiorentina. Rispetto a Kean, per\u00f2, Beto \u00e8 un cliente \u201cmigliore\u201d, nel senso che l\u2019argentino pu\u00f2 almeno giocarsela e non essere soltanto il vice. Tutto passer\u00e0 dal campo, se continua cos\u00ec il portoghese potr\u00e0 presto avere una chance. L\u2019ex Parma deve invertire la rotta e trovare il gol per sperare di tenersi il posto, ma comunque ci sar\u00e0 alternanza alla lunga. E Beto potrebbe anche prevalere. La coppia non \u00e8 impossibile da prendere ma dipende dai costi. Grosso valuter\u00e0 chi schierare anche in base alla partita, Pellegrino \u00e8 pi\u00f9 pivot mentre Beto attacca meglio la profondit\u00e0.\n<\/p>\n<p>\n<strong>CAMBIAGHI<\/strong> &#8211; Nicol\u00f2 <strong>Cambiaghi<\/strong> si giocher\u00e0 il posto con Mbangula nel nuovo Bologna. Rispetto a Rowe \u00e8 un cliente meno scomodo, nel senso che con l\u2019inglese la gerarchia era chiara e Cambiaghi era il vice. Adesso l\u2019italiano ha pi\u00f9 chance, ma occhio comunque al belga che \u00e8 un giovane molto interessante. Cambiaghi rimane comunque un jolly, non un titolare fisso. Ed \u00e8 pi\u00f9 da rendimento che da bonus.\n<\/p>\n<p>\n<strong>BUTEZ<\/strong> &#8211; Jean <strong>Butez<\/strong> \u00e8 uno dei casi pi\u00f9 delicati dopo la fine del mercato, perch\u00e9 il Como ha preso un altro portiere che \u00e8 Robert Sanchez. Pur non avendo fatto benissimo, lo spagnolo \u00e8 stato il portiere titolare del Chelsea nelle ultime due stagione. Sicuramente non va a Como per fare panchina, quindi ci sar\u00e0 alternanza. Fabregas terr\u00e0 tutti sulla corda, aveva ballottaggi in ogni ruolo tranne che in porta, da quest\u2019anno l\u2019alternanza sar\u00e0 pure tra i pali. Butez rimane da acquistare, ma obbligatoriamente in coppia con Robert Sanchez. E quindi singolarmente il francese caler\u00e0 un po\u2019 di prezzo, perch\u00e9 servir\u00e0 un pochino di budget anche per Sanchez.\n<\/p>\n<p>\n<strong>ATTA<\/strong> &#8211; Arthur <strong>Atta<\/strong> rimane titolare nella Fiorentina anche dopo il mercato. Cambier\u00e0, per\u00f2, il ruolo: molto probabilmente ora far\u00e0 stabilmente la mezzala. Visto l\u2019inizio horror dei viola, l\u2019importante \u00e8 che ci sia una ripresa della squadra, al di l\u00e0 del ruolo dell\u2019ex Udinese. Se la squadra gira, anche Atta potr\u00e0 giovarne e tornare a portare buoni voti e bonus. Ora \u00e8 un po\u2019 calato come prezzo rispetto a qualche settimana fa.\n<\/p>\n<p>\n<strong>RASPADORI<\/strong> &#8211; Giacomo <strong>Raspadori<\/strong> si trover\u00e0 la concorrenza di Rowe come ala sinistra, l\u2019ex Sassuolo era partito titolare nell\u2019Atalanta. L\u2019inglese \u00e8 un cliente scomodo, \u00e8 un potenziale titolare perch\u00e9 \u00e8 il suo ruolo ideale. Raspadori \u00e8 molto stimato da Sarri, oltre all\u2019ala pu\u00f2 fare anche altri ruoli in attacco. Rimane un jolly prezioso in attacco, uno da bonus. La concorrenza far\u00e0 scendere leggermente il suo prezzo.<\/p>\n","protected":false},"excerpt":{"rendered":"Due giornate gi\u00e0 giocate, ma il calciomercato si \u00e8 chiuso soltanto marted\u00ec: per qualcuno la concorrenza nel ruolo&hellip;\n","protected":false},"author":3,"featured_media":662819,"comment_status":"","ping_status":"","sticky":false,"template":"","format":"standard","meta":{"footnotes":"","_share_on_mastodon":"0"},"categories":[176],"tags":[5594,86398,167992,30861,52702,765,155041,587,51669,107787,3196,1901,1856,921,36331,26105,365388,3705,678,2235,5011,1341,719,720,2263,54001,3368,1976,1570,112237,1537,90,89,62198,11505,572,573,1412,576,28710,8014,4734,22268,902,1270,138,9852,42820,245,244,26462,17530],"class_list":["post-662818","post","type-post","status-publish","format-standard","has-post-thumbnail","category-sport","tag-ala","tag-alternanza","tag-appeal","tag-asta","tag-atta","tag-attacco","tag-beto","tag-bonus","tag-butez","tag-calato","tag-cambiaghi","tag-cambiata","tag-campionato","tag-campo","tag-chance","tag-cliente","tag-cliente-scomodo","tag-como","tag-concorrenza","tag-coppia","tag-douvikas","tag-dubbio","tag-fanta","tag-fantacalcio","tag-fiorentina","tag-fortini","tag-francese","tag-gol","tag-inglese","tag-isaksen","tag-it","tag-italia","tag-italy","tag-jolly","tag-kean","tag-kolo","tag-kolo-muani","tag-mercato","tag-muani","tag-pellegrino","tag-potra","tag-prezzo","tag-raspadori","tag-rimane","tag-rispetto","tag-ruolo","tag-sanchez","tag-slot","tag-sport","tag-sports","tag-titolare","tag-vice"],"share_on_mastodon":{"url":"","error":"Validation failed: Text character limit of 500 exceeded"},"_links":{"self":[{"href":"https:\/\/www.europesays.com\/it\/wp-json\/wp\/v2\/posts\/662818","targetHints":{"allow":["GET"]}}],"collection":[{"href":"https:\/\/www.europesays.com\/it\/wp-json\/wp\/v2\/posts"}],"about":[{"href":"https:\/\/www.europesays.com\/it\/wp-json\/wp\/v2\/types\/post"}],"author":[{"embeddable":true,"href":"https:\/\/www.europesays.com\/it\/wp-json\/wp\/v2\/users\/3"}],"replies":[{"embeddable":true,"href":"https:\/\/www.europesays.com\/it\/wp-json\/wp\/v2\/comments?post=662818"}],"version-history":[{"count":0,"href":"https:\/\/www.europesays.com\/it\/wp-json\/wp\/v2\/posts\/662818\/revisions"}],"wp:featuredmedia":[{"embeddable":true,"href":"https:\/\/www.europesays.com\/it\/wp-json\/wp\/v2\/media\/662819"}],"wp:attachment":[{"href":"https:\/\/www.europesays.com\/it\/wp-json\/wp\/v2\/media?parent=662818"}],"wp:term":[{"taxonomy":"category","embeddable":true,"href":"https:\/\/www.europesays.com\/it\/wp-json\/wp\/v2\/categories?post=662818"},{"taxonomy":"post_tag","embeddable":true,"href":"https:\/\/www.europesays.com\/it\/wp-json\/wp\/v2\/tags?post=662818"}],"curies":[{"name":"wp","href":"https:\/\/api.w.org\/{rel}","templated":true}]}}