{"id":662826,"date":"2026-09-03T11:52:23","date_gmt":"2026-09-03T11:52:23","guid":{"rendered":"https:\/\/www.europesays.com\/it\/662826\/"},"modified":"2026-09-03T11:52:23","modified_gmt":"2026-09-03T11:52:23","slug":"cupra-formentor-il-listino-perde-8-075-euro-cosa-ce-davvero-nel-prezzo-news","status":"publish","type":"post","link":"https:\/\/www.europesays.com\/it\/662826\/","title":{"rendered":"CUPRA Formentor, il listino perde 8.075 euro: cosa c&#8217;\u00e8 davvero nel prezzo &#8211; News"},"content":{"rendered":"<p>\n            La versione mild hybrid da 150 CV passa da 42.975 a 34.900 euro fino al 30 settembre. Analisi della dotazione, dei consumi dichiarati e delle voci che restano fuori dal conto\n        <\/p>\n<p>              3 settembre 2026<\/p>\n<p>Un taglio di quasi il <strong>19% sul listino<\/strong> \u00e8 un movimento che dice qualcosa sul momento di mercato, non solo sul singolo modello. La <strong><a href=\"https:\/\/www.automoto.it\/catalogo\/cupra\/formentor\/15-tsi-business-150cv\/190663\" rel=\"nofollow noopener\" target=\"_blank\">CUPRA Formentor<\/a> Business 1.5 Mild-Hybrid DSG 150 CV<\/strong> passa da <strong>42.975 euro<\/strong> a <strong>34.900 euro<\/strong> chiavi in mano, con una differenza di <strong>8.075 euro<\/strong>. Vale la pena capire cosa sostiene quella cifra e cosa invece resta escluso.<\/p>\n<p>                            <img decoding=\"async\" class=\"img-fluid \" loading=\"lazy\" data-zoomable=\"\" src=\"https:\/\/cdn-img.automoto.it\/images\/51875039\/2000x\/cupra-formentor.jpg?quality=75&amp;format=webp&amp;width=800\" data-zoom-src=\"https:\/\/www.europesays.com\/it\/wp-content\/uploads\/2026\/09\/cupra-formentor.jpg\" width=\"1920\" height=\"1119\" alt=\"Cupra Formentor\"\/><\/p>\n<p>                    Cupra Formentor<\/p>\n<p>                                            Cupra<\/p>\n<p>            Cosa cambia davvero rispetto al listino<\/p>\n<p>Il punto interessante \u00e8 che il prezzo promozionato non arriva svuotando l&#8217;auto. La Formentor Business si presenta con <strong>cerchi in lega da 18 pollici machined Sonora<\/strong> e <strong>colore carrozzeria metallizzato<\/strong> gi\u00e0 compresi, due voci che da sole valgono normalmente diverse centinaia di euro sul configuratore.<\/p>\n<p>All&#8217;interno il pacchetto \u00e8 quello che ci si aspetta da un&#8217;auto pensata anche per chi passa molte ore al volante: <strong>sistema di infotainment con display touch da 12,9 pollici<\/strong>, <strong>CUPRA Virtual Cockpit da 10,25 pollici<\/strong> e <strong>illuminazione ambientale Smartwraparound<\/strong>, la firma luminosa che avvolge la plancia e le portiere e che resta uno degli elementi pi\u00f9 riconoscibili dell&#8217;abitacolo del marchio spagnolo.<\/p>\n<p>                            <img decoding=\"async\" class=\"img-fluid \" loading=\"lazy\" data-zoomable=\"\" src=\"https:\/\/cdn-img.automoto.it\/images\/51875045\/2000x\/cupra-formentor.jpg?quality=75&amp;format=webp&amp;width=800\" data-zoom-src=\"https:\/\/www.europesays.com\/it\/wp-content\/uploads\/2026\/09\/1788436339_366_cupra-formentor.jpg\" width=\"1920\" height=\"1094\" alt=\"Cupra Formentor di profilo\"\/><\/p>\n<p>                    Cupra Formentor di profilo<\/p>\n<p>                                            Cupra<\/p>\n<p>            Praticit\u00e0 quotidiana, senza compromessi<\/p>\n<p>La dotazione di serie prosegue con il <strong>Keyless Advanced<\/strong>, il <strong>portellone elettrico handsfree<\/strong> che si apre con il movimento del piede sotto il paraurti, la <strong>videocamera posteriore<\/strong> abbinata ai <strong>sensori di parcheggio anteriori<\/strong> e il <strong>sistema antifurto<\/strong>. Sono tutte funzioni che in configurazione libera vengono normalmente aggiunte a pagamento e che qui entrano nel prezzo.<\/p>\n<p>C&#8217;\u00e8 poi un dettaglio che vale pi\u00f9 di quanto sembri: l&#8217;offerta include l&#8217;<strong>estensione di garanzia fino a due anni aggiuntivi<\/strong> oppure fino a un massimo di <strong>40.000 km di percorrenza totale<\/strong>. Un elemento che sposta il ragionamento sul medio periodo, soprattutto per chi acquista pensando al costo complessivo di gestione e non solo alla cifra sul contratto.<\/p>\n<p>                            <img decoding=\"async\" class=\"img-fluid \" loading=\"lazy\" data-zoomable=\"\" src=\"https:\/\/cdn-img.automoto.it\/images\/51875041\/2000x\/cupra-formentor.jpg?quality=75&amp;format=webp&amp;width=800\" data-zoom-src=\"https:\/\/www.europesays.com\/it\/wp-content\/uploads\/2026\/09\/1788436340_160_cupra-formentor.jpg\" width=\"1920\" height=\"1248\" alt=\"Abitacolo Cupra Formentor\"\/><\/p>\n<p>                    Abitacolo Cupra Formentor<\/p>\n<p>                                            Cupra<\/p>\n<p>            Il motore: 150 CV e cambio doppia frizione<\/p>\n<p>Sotto il cofano lavora il <strong>1.5 turbo benzina mild hybrid da 150 CV<\/strong> abbinato al <strong>cambio automatico DSG<\/strong>, la combinazione pi\u00f9 equilibrata della gamma per chi macina strada senza inseguire prestazioni da versione top. Il sistema a <strong>48 Volt<\/strong> alleggerisce il carico del motore termico nelle fasi di ripresa e permette la marcia per inerzia a motore spento nei tratti in rilascio.<\/p>\n<p>I dati di omologazione <strong>WLTP<\/strong> parlano di consumi in ciclo combinato compresi tra <strong>5,7 e 6,3 litri ogni 100 km<\/strong> ed emissioni di <strong>CO2 tra 130 e 143 g\/km<\/strong>. Come sempre, equipaggiamenti e accessori aggiuntivi possono modificare i valori dichiarati, cos\u00ec come incidono stile di guida e altri fattori non strettamente tecnici.<\/p>\n<p>                            <img decoding=\"async\" class=\"img-fluid \" loading=\"lazy\" data-zoomable=\"\" src=\"https:\/\/cdn-img.automoto.it\/images\/51875050\/2000x\/cupra-formentor.jpg?quality=75&amp;format=webp&amp;width=800\" data-zoom-src=\"https:\/\/www.europesays.com\/it\/wp-content\/uploads\/2026\/09\/1788436342_863_cupra-formentor.jpg\" width=\"1920\" height=\"1119\" alt=\"Posteriore Cupra Formentor\"\/><\/p>\n<p>                    Posteriore Cupra Formentor<\/p>\n<p>                                            Cupra<\/p>\n<p>            Quanto tempo resta per approfittarne<\/p>\n<p>La promozione \u00e8 <strong>valida fino al 30 settembre 2026<\/strong>, salvo variazione di listino, e si regge sul contributo dei <strong>CUPRA Garage<\/strong> aderenti all&#8217;iniziativa. Il prezzo indicato \u00e8 chiavi in mano con <strong>IPT esclusa<\/strong>, quindi al conto va aggiunta l&#8217;imposta provinciale di trascrizione, che varia in base alla provincia di immatricolazione.<\/p>\n<p>Resta il contesto in cui la manovra si inserisce. La Formentor \u00e8 il modello che ha definito il posizionamento di CUPRA, a met\u00e0 strada tra la razionalit\u00e0 di un SUV compatto e la vocazione dinamica di una coup\u00e9 rialzata, e continua a muovere i volumi pi\u00f9 importanti della gamma. Uno sconto di questa entit\u00e0 su una versione di ingresso, con il termine fissato a fine mese, racconta un segmento in cui la pressione sui prezzi si \u00e8 fatta concreta.<\/p>\n<p>            CUPRA Formentor, il listino perde 8.075 euro: cosa c&#8217;\u00e8 davvero nel prezzo<\/p>\n<p>                    <a class=\"aimg-link app-gallery-opener\" data-index=\"0\" href=\"#\" aria-label=\"Apri gallery\"><\/p>\n<p>                        <img decoding=\"async\" class=\"img-fluid\" alt=\"\" loading=\"lazy\" src=\"https:\/\/www.europesays.com\/it\/wp-content\/uploads\/2026\/09\/1788436342_972_cupra-formentor.jpg\" width=\"1920\" height=\"1136\"\/><\/p>\n<p>                                            <\/a><\/p>\n<p>                    <a class=\"aimg-link app-gallery-opener\" data-index=\"1\" href=\"#\" aria-label=\"Apri gallery\"><\/p>\n<p>                        <img decoding=\"async\" class=\"img-fluid\" alt=\"\" loading=\"lazy\" src=\"https:\/\/www.europesays.com\/it\/wp-content\/uploads\/2026\/09\/1788436343_938_cupra-formentor.jpg\" width=\"1920\" height=\"1119\"\/><\/p>\n<p>                                            <\/a><\/p>\n","protected":false},"excerpt":{"rendered":"La versione mild hybrid da 150 CV passa da 42.975 a 34.900 euro fino al 30 settembre. Analisi&hellip;\n","protected":false},"author":3,"featured_media":662827,"comment_status":"","ping_status":"","sticky":false,"template":"","format":"standard","meta":{"footnotes":"","_share_on_mastodon":"0"},"categories":[172],"tags":[178,2765,177,67775,328590,1537,90,89,7,72595,11114],"class_list":["post-662826","post","type-post","status-publish","format-standard","has-post-thumbnail","category-affari","tag-affari","tag-auto","tag-business","tag-cupra","tag-formentor","tag-it","tag-italia","tag-italy","tag-news","tag-promozioni","tag-suv"],"share_on_mastodon":{"url":"https:\/\/pubeurope.com\/@it\/117206971166907827","error":""},"_links":{"self":[{"href":"https:\/\/www.europesays.com\/it\/wp-json\/wp\/v2\/posts\/662826","targetHints":{"allow":["GET"]}}],"collection":[{"href":"https:\/\/www.europesays.com\/it\/wp-json\/wp\/v2\/posts"}],"about":[{"href":"https:\/\/www.europesays.com\/it\/wp-json\/wp\/v2\/types\/post"}],"author":[{"embeddable":true,"href":"https:\/\/www.europesays.com\/it\/wp-json\/wp\/v2\/users\/3"}],"replies":[{"embeddable":true,"href":"https:\/\/www.europesays.com\/it\/wp-json\/wp\/v2\/comments?post=662826"}],"version-history":[{"count":0,"href":"https:\/\/www.europesays.com\/it\/wp-json\/wp\/v2\/posts\/662826\/revisions"}],"wp:featuredmedia":[{"embeddable":true,"href":"https:\/\/www.europesays.com\/it\/wp-json\/wp\/v2\/media\/662827"}],"wp:attachment":[{"href":"https:\/\/www.europesays.com\/it\/wp-json\/wp\/v2\/media?parent=662826"}],"wp:term":[{"taxonomy":"category","embeddable":true,"href":"https:\/\/www.europesays.com\/it\/wp-json\/wp\/v2\/categories?post=662826"},{"taxonomy":"post_tag","embeddable":true,"href":"https:\/\/www.europesays.com\/it\/wp-json\/wp\/v2\/tags?post=662826"}],"curies":[{"name":"wp","href":"https:\/\/api.w.org\/{rel}","templated":true}]}}