{"id":662830,"date":"2026-09-03T11:54:17","date_gmt":"2026-09-03T11:54:17","guid":{"rendered":"https:\/\/www.europesays.com\/it\/662830\/"},"modified":"2026-09-03T11:54:17","modified_gmt":"2026-09-03T11:54:17","slug":"incidente-bogliasco-il-racconto-della-dottoressa-intervenuta-per-prima","status":"publish","type":"post","link":"https:\/\/www.europesays.com\/it\/662830\/","title":{"rendered":"Incidente Bogliasco, il racconto della dottoressa intervenuta per prima"},"content":{"rendered":"<p>Si stava recando al lavoro all&#8217;ospedale San Martino di Genova come ogni mattina. Ferma al semaforo a bordo del suo motorino lungo la via Aurelia, nei pressi del passaggio a livello di Bogliasco, Sofia Schiavetti &#8211; dottoressa specializzanda in ematologia &#8211; ha visto compiersi davanti ai propri occhi una sequenza drammatica. \u00c8 stata tra le primissime persone a correre verso le vetture accartocciate e ad avviare le manovre di rianimazione per tentare di salvare le vittime del <a href=\"https:\/\/www.genovatoday.it\/cronaca\/incidente-stradale\/bogliasco-auto-biciclette-morti.html\" rel=\"nofollow noopener\" target=\"_blank\">gravissimo incidente <\/a>che si \u00e8 verificato intorno alle 7:45 di gioved\u00ec 3 settembre, il cui bilancio finale \u00e8 di due morti e diversi feriti.<\/p>\n<p><a href=\"https:\/\/www.genovatoday.it\/cronaca\/incidente-stradale\/bogliasco-auto-biciclette-morti.html\" target=\"_blank\" rel=\"nofollow noopener\">Tragico schianto sull&#8217;Aurelia: automobilista travolge ciclisti, due morti<\/a>Incidente mortale a Bogliasco, cosa \u00e8 successo<\/p>\n<p>A scatenare la carambola sarebbe stato un malore improvviso al volante che ha colpito un automobilista di 79 anni: perso il controllo del mezzo, l&#8217;auto ha invaso la corsia opposta, urtato un paio di vetture e travolto due fratelli che viaggiavano in bicicletta a bordo strada, prima di schiantarsi contro un muro. Nell&#8217;impatto hanno perso la vita il conducente 79enne e uno dei due ciclisti, di 52 anni. Il fratello di quest&#8217;ultimo, 47 anni, \u00e8 stato ricoverato in codice rosso al San Martino, cos\u00ec come la moglie 74enne dell&#8217;automobilista, mentre una ragazza di 19 anni in scooter \u00e8 finita in ospedale sotto choc.<\/p>\n<p>L&#8217;impatto e i primi soccorsi<\/p>\n<p>&#8220;Ero ferma al semaforo in motorino perch\u00e9 mi stavo recando al lavoro e ho visto il bruttissimo impatto&#8221;, racconta la dottoressa Schiavetti a GenovaToday. Capita immediatamente la gravit\u00e0 della situazione, la dottoressa non ha esitato: &#8220;Sono subito scesa dal mezzo e mi sono precipitata verso l&#8217;auto&#8221;.<\/p>\n<p>All&#8217;interno dell&#8217;abitacolo della vettura c&#8217;era la moglie del conducente, una donna di 74 anni, spaventata ma cosciente. \u00c8 stata lei a spiegare i momenti che avevano preceduto l&#8217;impatto: &#8220;Mi ha riferito che il marito si era sentito male improvvisamente mentre guidava e che lei non era riuscita a prendere il controllo del mezzo&#8221;.\u00a0<\/p>\n<p>La corsa contro il tempo<\/p>\n<p>A quel punto, la dottoressa ha tentato l&#8217;impossibile pur di rianimare l&#8217;automobilista, un uomo di 79 anni: &#8220;Ho subito cominciato le manovre di rianimazione. Poco dopo sono arrivati i soccorritori inviati dalla centrale del 118. Dopo qualche segnale incoraggiante, purtroppo per l&#8217;uomo non c&#8217;\u00e8 stato nulla da fare. Dopo circa quaranta minuti \u00e8 stato constatato il decesso&#8221;.\u00a0<\/p>\n<p>La corsa contro il tempo si \u00e8 svolta in parallelo anche per uno dei due ciclisti travolti dall&#8217;auto priva di controllo, un uomo di 52 anni viaggiava assieme al fratello: &#8220;Avevo provato a rianimare anche il ciclista&#8221;, prosegue la dottoressa Schiavetti. &#8220;I militi sono arrivati praticamente subito e hanno cercato in ogni modo di salvarlo, purtroppo senza successo&#8221;.<\/p>\n<p>&#8220;Una catena di tragedie schivata per un soffio&#8221;<\/p>\n<p>&#8220;Ricostruendo la dinamica degli istanti fatali, la testimone sottolinea la rapidit\u00e0 e l&#8217;inevitabilit\u00e0 dell&#8217;impatto: &#8220;Purtroppo si \u00e8 trattato di una catena di tragedie. L&#8217;uomo probabilmente \u00e8 rimasto con il piede sull&#8217;acceleratore a causa del malore e si \u00e8 innescata questa drammatica carambola&#8221;.Una tragedia che avrebbe potuto contare un numero di vittime ancora superiore se la circolazione non fosse stata regolata dal semaforo: &#8220;Tra l&#8217;altro, il fatto che il semaforo sul lato opposto fosse rosso ha evitato che io o altre persone in scooter venissimo travolte&#8221;.La dottoressa conclude con un pensiero rivolto a chi ha prestato assistenza in quei momenti concitati: &#8220;Voglio ringraziare tutti i soccorritori che sono intervenuti, le forze dell&#8217;ordine e la polizia locale. Tutti hanno cercato di fare davvero il possibile&#8221;.<\/p>\n<p><a href=\"https:\/\/www.genovatoday.it\" rel=\"nofollow noopener\" target=\"_blank\">Le altre notizie di oggi<\/a> <\/p>\n","protected":false},"excerpt":{"rendered":"Si stava recando al lavoro all&#8217;ospedale San Martino di Genova come ogni mattina. Ferma al semaforo a bordo&hellip;\n","protected":false},"author":3,"featured_media":662831,"comment_status":"","ping_status":"","sticky":false,"template":"","format":"standard","meta":{"footnotes":"","_share_on_mastodon":"0"},"categories":[79],"tags":[46158,60644,21954,365393,27012,14,93,94,7254,298,1537,90,89,10715,770,7,15,11065,12343,89541,37531,11,84,91,12,85,92],"class_list":["post-662830","post","type-post","status-publish","format-standard","has-post-thumbnail","category-italia","tag-aurelia","tag-automobilista","tag-bogliasco","tag-calla","tag-ciclista","tag-cronaca","tag-cronaca-italiana","tag-cronacaitaliana","tag-dottoressa","tag-incidente","tag-it","tag-italia","tag-italy","tag-malore","tag-morti","tag-news","tag-notizie","tag-poggi","tag-racconto","tag-strada-chiusa","tag-testimone","tag-ultime-notizie","tag-ultime-notizie-e-news-di-oggi","tag-ultime-notizie-italia","tag-ultimenotizie","tag-ultimenotizieenewsdioggi","tag-ultimenotizieitalia"],"share_on_mastodon":{"url":"https:\/\/pubeurope.com\/@it\/117206979060770025","error":""},"_links":{"self":[{"href":"https:\/\/www.europesays.com\/it\/wp-json\/wp\/v2\/posts\/662830","targetHints":{"allow":["GET"]}}],"collection":[{"href":"https:\/\/www.europesays.com\/it\/wp-json\/wp\/v2\/posts"}],"about":[{"href":"https:\/\/www.europesays.com\/it\/wp-json\/wp\/v2\/types\/post"}],"author":[{"embeddable":true,"href":"https:\/\/www.europesays.com\/it\/wp-json\/wp\/v2\/users\/3"}],"replies":[{"embeddable":true,"href":"https:\/\/www.europesays.com\/it\/wp-json\/wp\/v2\/comments?post=662830"}],"version-history":[{"count":0,"href":"https:\/\/www.europesays.com\/it\/wp-json\/wp\/v2\/posts\/662830\/revisions"}],"wp:featuredmedia":[{"embeddable":true,"href":"https:\/\/www.europesays.com\/it\/wp-json\/wp\/v2\/media\/662831"}],"wp:attachment":[{"href":"https:\/\/www.europesays.com\/it\/wp-json\/wp\/v2\/media?parent=662830"}],"wp:term":[{"taxonomy":"category","embeddable":true,"href":"https:\/\/www.europesays.com\/it\/wp-json\/wp\/v2\/categories?post=662830"},{"taxonomy":"post_tag","embeddable":true,"href":"https:\/\/www.europesays.com\/it\/wp-json\/wp\/v2\/tags?post=662830"}],"curies":[{"name":"wp","href":"https:\/\/api.w.org\/{rel}","templated":true}]}}