{"id":662838,"date":"2026-09-03T12:04:16","date_gmt":"2026-09-03T12:04:16","guid":{"rendered":"https:\/\/www.europesays.com\/it\/662838\/"},"modified":"2026-09-03T12:04:16","modified_gmt":"2026-09-03T12:04:16","slug":"uno-x-secondo-colpo-in-una-settimana-dalla-soudal-quick-step-arriva-casper-pedersen","status":"publish","type":"post","link":"https:\/\/www.europesays.com\/it\/662838\/","title":{"rendered":"UNO-X, SECONDO COLPO IN UNA SETTIMANA: DALLA SOUDAL QUICK-STEP ARRIVA CASPER PEDERSEN"},"content":{"rendered":"<p>            <a class=\"category\" href=\"https:\/\/www.tuttobiciweb.it\/articles\/category\/MERCATO\" itemprop=\"about\" rel=\"nofollow noopener\" target=\"_blank\">MERCATO<\/a> | 03\/09\/2026 | 08:25<br \/>\n            <a class=\"author\" href=\"https:\/\/www.tuttobiciweb.it\/articles\/author\/Federico%20Guido\" rel=\"nofollow noopener\" target=\"_blank\">di Federico Guido<\/a><\/p>\n<p class=\"MsoNormal\" style=\"text-align: justify;\">Prende sempre pi\u00f9 forma il roster 2027 della <b>Uno-X Mobility<\/b>. A distanza di una settimana dall\u2019annuncio dell\u2019approdo di <b>Kristian Egholm<\/b>, la formazione scandinava ha ufficializzato la firma anche di <b>Casper Pedersen<\/b> che, dopo quattro stagioni trascorse alla <b>Soudal Quick-Step<\/b>, dall\u2019anno prossimo vestir\u00e0 i colori giallorossi.\n            <\/p>\n<p class=\"MsoNormal\" style=\"text-align: justify;\">\u201cDa molto tempo sognavo di entrare a far parte della Uno-X. Lo sviluppo della squadra negli ultimi anni \u00e8 stato impressionante e credo di poter fare un ulteriore passo avanti come corridore nell\u2019ambiente che il team offre\u201d ha dichiarato dopo la firma il trentenne danese.<\/p>\n<p class=\"MsoNormal\" style=\"text-align: justify;\">\u201cNon vedo davvero l\u2019ora di entrare a far parte del forte spirito di squadra che si respira in Uno-X. Il modo in cui corrono come un\u2019unica entit\u00e0 \u00e8 fonte di ispirazione e fa emergere il meglio da ciascuno. Penso che sar\u00e0 un ambiente fantastico per me\u201d ha spiegato il nativo di Copenaghen, pronto fino al 2029 a difendere la causa della compagine di Thor Hushovd.<\/p>\n<p class=\"MsoNormal\" style=\"text-align: justify;\">Vincitore in carriera di tre corse da professionista (la <b>Figueira Champions Classic<\/b> del 2023, la <b>Paris-Tours<\/b> del 2020 e la prima tappa del <b>Tour of Denmark<\/b> del 2017), Pedersen (nessuna parentela con l\u2019omonimo Henrik) \u00e8 il <b>23\u00b0 elemento<\/b> dell\u2019organico del team norvegese per la prossima stagione il che significa, avendo 32 corridori ai propri servigi (stagisti compresi) in questo momento, che qualcuno dell\u2019attuale roster saluter\u00e0 la Uno-X al termine di quest\u2019annata.<\/p>\n<p class=\"MsoNormal\" style=\"text-align: justify;\">Insieme ai due ragazzi in prova del Team Drali-Repsol (<b>Toralf Rydningen Martinsen<\/b> e <b>H\u00e5kon Eiksund \u00d8ksnes<\/b>), a non avere ufficialmente un accordo con la rappresentativa scandinava per il 2027 sono <b>William Blume Levy, Alexander Kamp, Andreas Kron, Markus Hoelgaard, Erik Nords\u00e6ter Resell, Simon Dalby, Martin Urianstad Bugge <\/b>e l\u2019ex Picnic<b> Jonas Hem Hvideberg<\/b>: a tutti e dieci, chiaramente, non dispiacerebbe rimanere tra le fila della Uno-X ma con i limiti UCI inerenti il numero massimo (30) di corridori per le squadre World Tour ci\u00f2 non \u00e8 possibile e dunque, inevitabilmente, qualcuno di loro sar\u00e0 costretto tra qualche mese a cambiare aria.<\/p>\n<p>\n    <a href=\"https:\/\/www.tuttobiciweb.it\/article\/2026\/09\/03\/1788367094\/uno-x-pedersen-mercato?lang=en\" rel=\"nofollow noopener\" target=\"_blank\"><img decoding=\"async\" src=\"https:\/\/www.europesays.com\/it\/wp-content\/uploads\/2025\/12\/enver.png\"\/><\/a><\/p>\n<p>Copyright &amp;copy TBW<\/p>\n","protected":false},"excerpt":{"rendered":"MERCATO | 03\/09\/2026 | 08:25 di Federico Guido Prende sempre pi\u00f9 forma il roster 2027 della Uno-X Mobility.&hellip;\n","protected":false},"author":3,"featured_media":662839,"comment_status":"","ping_status":"","sticky":false,"template":"","format":"standard","meta":{"footnotes":"","_share_on_mastodon":"0"},"categories":[1456],"tags":[1824,1825,1537,90,89,1412,21066,245,244,5611],"class_list":["post-662838","post","type-post","status-publish","format-standard","has-post-thumbnail","category-ciclismo","tag-ciclismo","tag-cycling","tag-it","tag-italia","tag-italy","tag-mercato","tag-pedersen","tag-sport","tag-sports","tag-uno-x"],"share_on_mastodon":{"url":"https:\/\/pubeurope.com\/@it\/117207018775328485","error":""},"_links":{"self":[{"href":"https:\/\/www.europesays.com\/it\/wp-json\/wp\/v2\/posts\/662838","targetHints":{"allow":["GET"]}}],"collection":[{"href":"https:\/\/www.europesays.com\/it\/wp-json\/wp\/v2\/posts"}],"about":[{"href":"https:\/\/www.europesays.com\/it\/wp-json\/wp\/v2\/types\/post"}],"author":[{"embeddable":true,"href":"https:\/\/www.europesays.com\/it\/wp-json\/wp\/v2\/users\/3"}],"replies":[{"embeddable":true,"href":"https:\/\/www.europesays.com\/it\/wp-json\/wp\/v2\/comments?post=662838"}],"version-history":[{"count":0,"href":"https:\/\/www.europesays.com\/it\/wp-json\/wp\/v2\/posts\/662838\/revisions"}],"wp:featuredmedia":[{"embeddable":true,"href":"https:\/\/www.europesays.com\/it\/wp-json\/wp\/v2\/media\/662839"}],"wp:attachment":[{"href":"https:\/\/www.europesays.com\/it\/wp-json\/wp\/v2\/media?parent=662838"}],"wp:term":[{"taxonomy":"category","embeddable":true,"href":"https:\/\/www.europesays.com\/it\/wp-json\/wp\/v2\/categories?post=662838"},{"taxonomy":"post_tag","embeddable":true,"href":"https:\/\/www.europesays.com\/it\/wp-json\/wp\/v2\/tags?post=662838"}],"curies":[{"name":"wp","href":"https:\/\/api.w.org\/{rel}","templated":true}]}}