{"id":662841,"date":"2026-09-03T12:08:13","date_gmt":"2026-09-03T12:08:13","guid":{"rendered":"https:\/\/www.europesays.com\/it\/662841\/"},"modified":"2026-09-03T12:08:13","modified_gmt":"2026-09-03T12:08:13","slug":"vlahovic-besiktas-la-miglior-scelta-per-la-mia-carriera","status":"publish","type":"post","link":"https:\/\/www.europesays.com\/it\/662841\/","title":{"rendered":"Vlahovic: &#8220;Besiktas la miglior scelta per la mia carriera&#8221;"},"content":{"rendered":"<p>Juventus, senti l&#8217;ex Vlahovic<\/p>\n<p><strong>ADDIO JUVE &#8211; <\/strong>&#8220;Le mie prime impressioni sono fantastiche. Sono rimasto molto colpito dall\u2019accoglienza ricevuta, sia in aeroporto sia allo stadio. Sono davvero felice. Non ho ancora avuto modo di visitare molto la citt\u00e0, ho visto soltanto alcuni luoghi nei tragitti tra hotel, centro sportivo e stadio, ma quello che ho visto mi \u00e8 piaciuto molto. Istanbul \u00e8 una grande metropoli e spero che tutto vada per il meglio&#8221;.<\/p>\n<p><strong>ISTANBUL &#8211; <\/strong>&#8220;Non mi aspettavo di poter creare una gioia e un entusiasmo cos\u00ec grandi. Sapevo che i tifosi turchi sono molto passionali e amano il calcio, ma non immaginavo un\u2019accoglienza di questo livello. Vivono per il calcio: il club e i giocatori per loro sono davvero tutto. \u00c8 stato fantastico&#8221;.<\/p>\n<p><strong>PRESSIONI &#8211;<\/strong> &#8220;Certo che c\u2019\u00e8 pressione, ma sono abituato fin da giovane. Da me ci si aspetta sempre il massimo. Devo lavorare, ascoltare l\u2019allenatore, dedicarmi alla squadra e dare il mio contributo in campo. La squadra viene sempre prima di tutto&#8221;. L\u2019attaccante ha poi fissato l\u2019obiettivo principale della stagione: &#8220;Ho sempre ambizioni elevate, punto sempre ai traguardi pi\u00f9 importanti. Non sar\u00e0 facile perch\u00e9 ci sono Galatasaray, Fenerbah\u00e7e e Trabzonspor, oltre a noi, che considero tra le principali candidate al titolo. Il mio obiettivo \u00e8 vincere il campionato con il Besiktas&#8221;.<\/p>\n<p><strong>ITALIANO &#8211; <\/strong>\u00a0&#8220;Hanno fatto di tutto per acquistarmi. Per tutta l\u2019estate hanno cercato di contattarmi e questo mi ha fatto molto piacere. Credo che nella vita sia importante andare dove ti desiderano di pi\u00f9. Il presidente e il direttore sportivo sono venuti da Istanbul a Belgrado, sono rimasti sette-dieci giorni e abbiamo parlato. La loro ambizione, il progetto e soprattutto l\u2019allenatore hanno avuto un ruolo fondamentale. Lo conosco molto bene, abbiamo lavorato insieme alla Fiorentina, e forse \u00e8 stato l\u2019aspetto pi\u00f9 importante&#8221;.<\/p>\n<p><strong>SCELTA DI CARRIERA &#8211; <\/strong>&#8220;Ho parlato con molti club. Essendo svincolato era normale. Molte squadre hanno cercato informazioni o hanno provato a ingaggiarmi. La finestra di mercato \u00e8 un processo molto dinamico: un giorno succede una cosa e quello dopo pu\u00f2 cambiare tutto. Ho riflettuto a lungo, sono stato paziente e alla fine credo di aver preso la decisione migliore per la mia carriera. Il tempo dir\u00e0 se sar\u00e0 cos\u00ec, ma io ne sono convinto&#8221;.<\/p>\n","protected":false},"excerpt":{"rendered":"Juventus, senti l&#8217;ex Vlahovic ADDIO JUVE &#8211; &#8220;Le mie prime impressioni sono fantastiche. Sono rimasto molto colpito dall\u2019accoglienza&hellip;\n","protected":false},"author":3,"featured_media":628448,"comment_status":"","ping_status":"","sticky":false,"template":"","format":"standard","meta":{"footnotes":"","_share_on_mastodon":"0"},"categories":[1452],"tags":[721,719,720,1740,1537,90,89,251,1739,245,244],"class_list":["post-662841","post","type-post","status-publish","format-standard","has-post-thumbnail","category-calcio","tag-calcio","tag-fanta","tag-fantacalcio","tag-football","tag-it","tag-italia","tag-italy","tag-serie-a","tag-soccer","tag-sport","tag-sports"],"share_on_mastodon":{"url":"https:\/\/pubeurope.com\/@it\/117207033675112044","error":""},"_links":{"self":[{"href":"https:\/\/www.europesays.com\/it\/wp-json\/wp\/v2\/posts\/662841","targetHints":{"allow":["GET"]}}],"collection":[{"href":"https:\/\/www.europesays.com\/it\/wp-json\/wp\/v2\/posts"}],"about":[{"href":"https:\/\/www.europesays.com\/it\/wp-json\/wp\/v2\/types\/post"}],"author":[{"embeddable":true,"href":"https:\/\/www.europesays.com\/it\/wp-json\/wp\/v2\/users\/3"}],"replies":[{"embeddable":true,"href":"https:\/\/www.europesays.com\/it\/wp-json\/wp\/v2\/comments?post=662841"}],"version-history":[{"count":0,"href":"https:\/\/www.europesays.com\/it\/wp-json\/wp\/v2\/posts\/662841\/revisions"}],"wp:featuredmedia":[{"embeddable":true,"href":"https:\/\/www.europesays.com\/it\/wp-json\/wp\/v2\/media\/628448"}],"wp:attachment":[{"href":"https:\/\/www.europesays.com\/it\/wp-json\/wp\/v2\/media?parent=662841"}],"wp:term":[{"taxonomy":"category","embeddable":true,"href":"https:\/\/www.europesays.com\/it\/wp-json\/wp\/v2\/categories?post=662841"},{"taxonomy":"post_tag","embeddable":true,"href":"https:\/\/www.europesays.com\/it\/wp-json\/wp\/v2\/tags?post=662841"}],"curies":[{"name":"wp","href":"https:\/\/api.w.org\/{rel}","templated":true}]}}