{"id":662844,"date":"2026-09-03T12:15:17","date_gmt":"2026-09-03T12:15:17","guid":{"rendered":"https:\/\/www.europesays.com\/it\/662844\/"},"modified":"2026-09-03T12:15:17","modified_gmt":"2026-09-03T12:15:17","slug":"orsolini-pulisic-ndicka-zhegrova-tomori-e-ufficiale-el-shaarawy","status":"publish","type":"post","link":"https:\/\/www.europesays.com\/it\/662844\/","title":{"rendered":"Orsolini, Pulisic, Ndicka, Zhegrova, Tomori, e ufficiale El Shaarawy"},"content":{"rendered":"<p>\nLe ultime dai campi delle squadre di Serie A, tra infortuni, stop e possibili rientri in vista del prossimo turno di campionato e non solo, in ottica fantacalcio.\n<\/p>\n<p>\n<strong>ORSOLINI<\/strong> &#8211; Attesa in casa <strong>Bologna<\/strong> per l&#8217;esito degli esami di <a href=\"https:\/\/www.sosfanta.com\/squadra\/bologna\/bologna-attesa-per-orsolini-le-gare-che-potrebbe-saltare-da-valutare-anche-holm\/\" rel=\"nofollow noopener\" target=\"_blank\">Orsolini<\/a>. Il Corriere dello Sport spiega i prossimi passaggi e cosa filtra sulle sue condizioni: &#8220;Un&#8217;ultima risonanza oggi, poi il verdetto definitivo: che se destinato a confermare le sensazioni dei giorni scorsi, dovrebbe tenere ai box Riccardo Orsolini tra i venti e i trenta giorni. E insomma: considerando che il campionato si fermer\u00e0 dopo la giornata del 19-20 settembre per le nazionali, in tal caso Domenico Tedesco potr\u00e0 rivedere l&#8217;Orso in campo solo dopo la maxi-sosta per le nazionali. E cio\u00e8 per il weekend del 9-10 ottobre: quello della trasferta a Lecce&#8221;. Sulle scelte di formazione del Bologna: &#8220;Capitolo centrocampo: il reparto che ha brillato al New Balance &#8211; <strong>Ferguson<\/strong> in testa &#8211; dovrebbe essere riproposto in blocco, con Pobega sulla mediana ed <strong>Odgaard<\/strong> in posizione pi\u00f9 avanzata. Davanti invece ci sar\u00e0 da colmare innanzitutto la pesante perdita di Orsolini: Bernardeschi \u00e8 la scelta obbligata, a sinistra si andr\u00e0 avanti con Cambiaghi, al centro con <strong>Piccoli<\/strong>. Quindi s\u00ec, anche l&#8217;attacco si annuncia lo stesso di luned\u00ec sera&#8221;.\n<\/p>\n<p>        <img src=\"https:\/\/www.europesays.com\/it\/wp-content\/uploads\/2026\/09\/GettyImages-2270752285-a83252b9ef2e-1200x675.jpeg\"   width=\"715\" height=\"402\" alt=\"AS Roma v Pisa SC - Serie A\" title=\"AS Roma v Pisa SC - Serie A\" loading=\"eager\" fetchpriority=\"high\" decoding=\"sync\" class=\"w-full h-auto aspect-3\/2 object-cover object-top rounded-lg\"\/><\/p>\n<p>\n<strong>EL SHAARAWY<\/strong> &#8211; Ora \u00e8 ufficiale: Stephan <strong>El<\/strong> <strong>Shaarawy<\/strong> torna in Serie A dopo qualche mese da svincolato e torna dunque anche al fantacalcio. Terminato il contratto con la Roma, l&#8217;italo-egiziano \u00e8 rimasto senza squadra dallo scorso 30 giugno, ma ora \u00e8 rientrato l\u00ec dove tutto era cominciato, al <strong>Genoa<\/strong>. Questo il comunicato del club rossoblu: &#8220;Genoa CFC comunica di aver formalizzato <strong>l\u2019acquisizione dei diritti sportivi di<\/strong> <strong>Stephan El Shaarawy<\/strong>, che <strong>torna alle origini <\/strong>vestendo di nuovo la maglia rossobl\u00f9. Nato a Savona il 27 ottobre 1992, Stephan si \u00e8 formato nel settore giovanile del Genoa con cui ha <strong>esordito tra i professionisti<\/strong>, prima di intraprendere un percorso che lo ha portato a vestire le maglie di Padova, Milan, Monaco, Shanghai Shenhua e Roma&#8221;.\n<\/p>\n<p>\n<strong>NAPOLI<\/strong> &#8211; Il Corriere dello Sport fa il punto sugli infortunati in casa Napoli: &#8220;<strong>Marianucci<\/strong> e <strong>Buongiorno<\/strong> ancora fuori per infortunio ed esclusi dalla lista Uefa, e con <strong>Badiashile<\/strong> a caccia della migliore condizione, Allegri recupera un giocatore importante per le dinamiche della difesa: Sam <strong>Beukema<\/strong> \u00e8 tornato a pieno regime fisico e Max potr\u00e0 sfruttarlo sia nella linea a quattro sia in quella a tre. Dopo un\u2019estate trascorsa a combattere contro una patologia cronica bilaterale al tendine d\u2019Achille, Sam \u00e8 ormai pronto. Un rientro molto prezioso in ottica campionato e Champions&#8221;, si legge.\n<\/p>\n<p>\n<strong>ZHEGROVA<\/strong> &#8211; Ieri sera \u00e8 arrivata l&#8217;ufficialit\u00e0 della scelta della Juve di lasciare Edon <strong>Zhegrova<\/strong> fuori dalla lista per l&#8217;Europa League. Il Corriere dello Sport sull&#8217;esterno bianconero conferma quanto spiegato da Fabrizio Romano, sul fatto che possa finire  ai margini del progetto in maniera definitiva: &#8220;Zhegrova, se non dovesse trasferirsi in Saudi League, finirebbe fuori rosa per qualsiasi competizione&#8221;, si legge sul quotidiano.\n<\/p>\n<p>\n<strong>PULISIC<\/strong> &#8211; Scatta finalmente l&#8217;ora di Pulisic al Milan? Il Corriere dello Sport scrive: &#8220;L\u2019infortunio alla caviglia lo ha tenuto fermo per tutto il mese di luglio post Mondiale, prima del rientro a Milanello dello scorso 2 agosto; si \u00e8 allenato da solo, attendendo il rientro della squadra dalla tourn\u00e9e, per poi tornare in gruppo a ridosso dell\u2019esordio in campionato a Torino. Da l\u00ec in poi, tra granata e Venezia, due convocazioni, ma solo per presenza: nemmeno un minuto in campo. Amorim, interrogato sul tema venerd\u00ec sera, ha fornito la seguente motivazione: \u00abHa un grande talento e l\u2019ho detto anche in conferenza stampa. Devo semplicemente gestire i carichi di lavoro dei miei giocatori e capisco che in questo momento abbiamo bisogno di vincere e di mettere pi\u00f9 ritmo in ogni partita. Quindi per Pulisic \u00e8 difficile trovare spazio in questo momento, ma resta un giocatore importantissimo per noi. Rientra da un infortunio e ha alle spalle solo una settimana di allenamento, perci\u00f2 a volte \u00e8 complicato gestire sia il singolo che la partita, perch\u00e9 la priorit\u00e0 resta sempre la squadra. La priorit\u00e0 \u00e8 sempre vincere&#8221;. <strong>A Torino, per\u00f2, tutto lascia pensare che possa essere arrivato il suo momento<\/strong>. <strong>Probabilmente non dall\u2019inizio<\/strong>, anche perch\u00e9 Cisse \u00e8 in un buon momento di forma mentale e fisica e i 90 minuti non sono ancora nelle gambe dell\u2019americano, ma di certo a partita in corso&#8221;.\n<\/p>\n<p>\n<strong>ROMA<\/strong> &#8211; Sospiro di sollievo per la <strong>Roma<\/strong> dopo l&#8217;esito degli esami per <strong>Ndicka<\/strong>, arrivati ieri che hanno escluso qualsiasi tipo di lesione muscolare. Il Corriere dello Sport sottolinea: &#8220;Si tratta soltanto di un\u2019infiammazione. L&#8217;ivoriano era stato lanciato titolare contro il Lecce, ma si \u00e8 fermato a scopo precauzionale per un problema riscontrato durante il riscaldamento. Ha seguito comunque la partita dalla panchina, senza entrare, aspettando il responso degli esami che hanno dato esito negativo. Insomma, nessuno stop lungo. <strong>La sua presenza contro l\u2019Atalanta resta comunque in dubbio<\/strong>. Gasperini, in caso di assenza di Evan, ha pi\u00f9 di un\u2019opzione per il terzetto da piazzare davanti alla porta di Svilar. Da un lato c&#8217;\u00e8 la possibilit\u00e0 di confermare <strong>Ghilardi<\/strong> (ottima prova in Salento) con <strong>Mancini<\/strong> dirottato al centro, mentre dall&#8217;altro c&#8217;\u00e8 l&#8217;ipotesi di vedere dal primo minuto <strong>Balerdi<\/strong>, il nuovo acquisto, che aveva all&#8217;attivo solamente una manciata di allenamenti prima della trasferta in Puglia. <strong>Balerdi<\/strong> sulla carta \u00e8 il vice N&#8217;Dicka e sembra pronto per esordire all&#8217;Olimpico: <strong>Mancini<\/strong> ed <strong>Hermoso<\/strong>, in questo modo, sarebbero confermati al loro posto&#8221;.\n<\/p>\n<p>\n<strong>MILAN<\/strong> &#8211; Novit\u00e0 in casa <strong>Milan<\/strong> riguardanti Fikayo <strong>Tomori<\/strong>: il difensore centrale ha svolto il primo allenamento assieme al resto del gruppo a disposizione di Ruben Amorim dopo settimane vissute ai margini per questioni di mercato. Come riporta Tmw, l&#8217;inglese rientra ufficialmente a disposizione e sar\u00e0 convocato per la sfida di domenica contro la Juventus. Buone notizie per il tecnico dunque che contro i bianconeri potrebbe non fare in tempo a recuperare Matteo Gabbia, reduce da un fastidio alla caviglia che oggi si \u00e8 allenato solo in palestra.\n<\/p>\n<p>\n<strong>INTER<\/strong> &#8211; Nella lista di Chivu per la <strong>Champions<\/strong> <strong>dell&#8217;Inter<\/strong> sono presenti tutti i nuovi arrivati, Provedel, Spence, Stones, Jones e Stankovic. Ecco la lista: Josep Martinez, Di Gennaro, Provedel, Stones, Akanji, Pavard, Carlos Augusto, Bisseck, Dimarco, Marello, Bastoni, Spence, Zielinski, Sucic, Luis Enrique, Diouf, Calhanoglu, Jones, Mkhitaryan, Barella, Thuram, Lautaro, Martinez, Bonny. <strong>Lista B<\/strong>: Pio Esposito, A. Stankovic.\n<\/p>\n<p>\n<strong>NAPOLI<\/strong> &#8211; Fuori Giovane, Buongiorno e Marianucci, c&#8217;\u00e8 Beukema. Ecco la lista del <strong>Napoli<\/strong> per la <strong>Champions<\/strong>: Contini, Meret, Milinkovic-Savic, Badiashile, Beukema, Di Lorenzo, Favasuli, Marin, Olivera, Rrhamani, Spinazzola, De Bruyne, Gilmour, Lobotka, McTominay, Politano, Vergara, Anguissa, Neres, Alisson, Hojlund, Lang, Lucca.\n<\/p>\n<p>\n<strong>ROMA<\/strong> &#8211; Dentro i giovani Lulli e Arena, fuori invece Salah-Eddine e Vazquez. La lista della <strong>Roma<\/strong> per la <strong>Champions<\/strong> <strong>League<\/strong>: De Marzi, Gollini, Svilar, Rensch, Koulierakis, Ndicka, Hermoso, Mancini, Balerdi, Molina, Wesley, Ghilardi, Lulli, Cristante, Pellegrini, De Roon, Kon\u00e9, Pisilli, Castro, Malen, Soul\u00e9, Dybala, Mora, Arena.\n<\/p>\n<p>\n<strong>MILAN<\/strong> &#8211; Ci sono anche <strong>Camarda<\/strong> e <strong>Tomori<\/strong>. Ecco la lista di Amorim per <strong>l&#8217;Europa<\/strong> <strong>League<\/strong> del <strong>Milan<\/strong>: Maignan, P. Terracciano, Gila, Gabbia, De Winter, Pavlovic, Tomori, Diawara, Estupinan, F. Terracciano, Modric, Rabiot, Jashari, Musah, Chukwueze, Diego Moreira, Loftus-Cheek, Saelemaekers, Ramos, Pulisic, Cisse, Hutchinson. Lista B: Torriani, Pittarella, Bartesaghi, Vladimirov, Comotto, Ossola, Camarda, Borsani.\n<\/p>\n<p>\n<strong>ATALANTA<\/strong> &#8211; Presente anche <strong>Sulemana<\/strong> nonostante l&#8217;infortunio, fra i giovani Levak e fuori Obric. La lista dell&#8217;Atalanta per la <strong>Conference<\/strong> <strong>League<\/strong>: Bellanova Raoul, Bernasconi Lorenzo, Carnesecchi Marco, De Ketelaere Charles, De Nipoti Tommaso, \u00c9derson Jos\u00e9, Elmas Eljif, Gaetano Gianluca, Hien Isak, Kessie Franck, Kola\u0161inac Sead, Kossounou Odilon, Kristensen Thomas, Krstovi\u0107 Nikola, Levak Segej, Pa\u0161ali\u0107 Mario, Raspadori Giacomo, Rowe Jonathan, Samard\u017ei\u0107 Lazar, Scalvini Giorgio, Scamacca Gianluca, Sportiello Marco, Sulemana Kamaldeen, Zalewski Nicola, Zappacosta Davide.\n<\/p>\n<p>\n<strong>JUVE<\/strong> &#8211; Khephren <strong>Thuram<\/strong>, come comunicato dalla <a href=\"https:\/\/www.sosfanta.com\/news\/juve-thuram-cabal-tempi-di-recupero-infortunio\/\" rel=\"nofollow noopener\" target=\"_blank\"><strong>Juventus<\/strong><\/a>, si \u00e8 operato al ginocchio: &#8220;Questa mattina Khephren Thuram \u00e8 stato sottoposto a intervento di condroplastica per la guarigione della condropatia rotulea del ginocchio destro. L\u2019intervento, eseguito dal dott. Bertrand Sonnery &#8211; Cottet, alla presenza del responsabile sanitario del Club dott. Luca Stefanini, presso l\u2019Hopital Prive Jean Mermoz a Lione \u00e8 perfettamente riuscito e da domani il calciatore inizier\u00e0 il programma riabilitativo&#8221;. Per fortuna del ragazzo non si tratta di un infortunio grave come la rottura di un legamento crociato ma \u00e8 di entit\u00e0 significativa, perch\u00e9 interessa la cartilagine che riveste la parte posteriore della rotula, che comporter\u00e0 una lunga assenza. La stima \u00e8 di quattro mesi, e pi\u00f9 certezze si avranno progressivamente durante il percorso di recupero, cos\u00ec Kh\u00e9phren mette nel mirino il ritorno all\u2019alba del 2027. Per la Juve \u00e8 un\u2019altra mazzata dopo la frattura al quinto metatarso del piede sinistro subita da <strong>Yildiz<\/strong> alla prima giornata di campionato e che costringer\u00e0 il Dieci a restare fuori tre mesi. Luciano Spalletti porr\u00e0 cos\u00ec un\u2019attenzione supplementare al centrocampo, reparto chiave perch\u00e9 motore della squadra: senza Thuram, insister\u00e0 sul tandem <strong>Locatelli-Douglas Luiz<\/strong> che tanto bene ha fatto fin qui, su <strong>McKennie<\/strong>, jolly multiuso che pu\u00f2 occupare diverse posizioni, sul redivivo <strong>Koopmeiners<\/strong> e sul nuovo arrivato Pape Matar <strong>Sarr<\/strong>&#8220;.\n<\/p>\n<p>\n<strong>LAZIO<\/strong> &#8211; Nonostante restino due slot liberi, la Lazio ha deciso di non inserire nella lista consegnata alla Lega Luca <strong>Pellegrini<\/strong>. Il Messaggero scrive: &#8220;Una scelta societaria, nella speranza che il terzino possa trovare entro domani sera una sistemazione in Turchia (qualche contatto c&#8217;\u00e8 stato, ma lui \u00e8 furioso e non vuole muoversi). Gi\u00e0 un mese fa il club aveva detto al giocatore di guardarsi attorno perch\u00e9 non rientrava nei piani, ma tutto \u00e8 rimasto fermo e bloccato e alla fine \u00e8 arrivata questa decisione. Non \u00e8 stato inserito nemmeno <strong>Patric<\/strong> in quelli che a Udine cercheranno luned\u00ec prossimo la terza vittoria di fila in campionato. Ma fa rumore soprattutto la presa di posizione sul terzino sinistro. Si potr\u00e0 sempre modificare pi\u00f9 avanti (magari un posto \u00e8 stato tenuto guardando alla lista degli svincolati) ma per il momento non sembra esserci margine per ricucire quello che \u00e8 un vero e proprio strappo. Forse anche inaspettato (lo spazio c&#8217;era) ma alla fine nemmeno troppo. C\u00e8 invece <strong>Cancellieri<\/strong> &#8211; anche in questo caso c&#8217;\u00e8 stato il rischio taglio per qualche giorno &#8211; <strong>che sar\u00e0 il vice<\/strong> <strong>Isaksen<\/strong> nel momento in cui il danese torner\u00e0 a completa disposizione. Quasi due anni dopo (ottobre 2024) Tavares ha regalato a chi lo ha preso al fantacalcio (pochi) un bonus: +1. E stato il portoghese (per quasi un&#8217;estate con il foglio di via in mano) a servire a Davide Frattesi il pallone che il centrocampista ha trasformato in gol firmando la seconda vittoria &#8220;corto-musiana&#8221; della Lazio di Gattuso. Punteggio pieno e <strong>posto da titolare sfilato a<\/strong> <strong>Pedraza<\/strong>. <strong>Rino non ha nessun dubbio nel merito<\/strong> perch\u00e9 Nuno garantisce quella spinta e quel cambio passo che lo spagnolo non ha nelle sue corde. C&#8217;\u00e8 la sensazione che se Pellegrini fosse rimasto in rosa lo spagnolo sarebbe potuto diventare la terza scelta. Questo rischio non esiste pi\u00f9, ci ha pensato il club&#8221;.\n<\/p>\n<p>\n<strong>HOJLUND<\/strong> &#8211; L&#8217;attaccante del Napoli, Rasmus Hojlund, ha rilasciato una intervista a La Gazzetta dello Sport ed ha parlato degli obiettivi per la stagione e non solo. Ecco le sue parole: &#8220;<strong>De Bruyne?<\/strong> Kevin \u00e8 il miglior playmaker nella storia della Premier . Col City ha vinto tutto, lo scorso anno avevamo un\u2019ottima intesa. Ama fare questi passaggi killer nello spazio: ci capiamo bene, mi \u00e8 mancato tanto. Lo scorso anno dissi che giocare con Kevin \u00e8 facile? <strong>Se gioca ogni partita, segno di sicuro di pi\u00f9<\/strong>. Ma anche io devo migliorare: devo lavorare sui miei movimenti, sulla finalizzazione&#8221;.<strong>WOLTEMADE<\/strong> &#8211; L&#8217;attaccante della Juve, Nick <strong>Woltemade<\/strong>, ha parlato di s\u00e9 ai canali ufficiali bianconeri: &#8220;Penso che da me ci si possa aspettare uno stile di gioco molto fisico ma credo che le mie qualit\u00e0 migliori e pi\u00f9 importanti siano la mia tecnica e la mia comprensione del gioco. Penso di essere un calciatore intelligente: <strong>so segnare, so fare assist, so dettare l\u2019ultimo passaggio<\/strong> per i compagni. Penso di essere bravo a trovare la posizione giusta in campo e credo che capiti spesso di vedere un ragazzo alto che gioca come me. Modelli? Difficile trovarne, perch\u00e9 non molti calciatori sono alti come me ma mi ispiro a Zlatan Ibrahimovi\u0107. Mi \u00e8 sempre piaciuto guardarlo perch\u00e9 anche lui \u00e8 molto alto e ha una buona tecnica. Inoltre, mi piace Kai Havertz, che \u00e8 anche un mio amico. Cerco sempre di prendere qualcosa un po\u2019 da tutti e di fare mie quelle caratteristiche. Ci\u00f2 che conta di pi\u00f9 \u00e8 che abbiano vinto entrambe le partite con Frosinone e Parma, penso sia sempre positivo iniziare la stagione cos\u00ec bene. Credo di poter dare un po\u2019 di qualit\u00e0 e penso sia importante anche la mia capacit\u00e0 di segnare e di aiutare i compagni a vincere, che ovviamente \u00e8 quello che voglio fare. Sono felicissimo di essere in una squadra come la Juve, che controlla molto la palla e lo fa con i tempi giusti. In situazioni come queste posso esprimermi al meglio, per cui sono molto felice ed entusiasta di questa nuova avventura in un grande club come la Juve. Non vedo l\u2019ora di iniziare: voglio solo godermi il momento e penso che, se riuscir\u00f2 a farlo, potr\u00f2 esprimermi al meglio in campo&#8221;.\n<\/p>\n<p>\n<strong>SVILAR E MALEN<\/strong> &#8211; Fra i premiati del Gran Gal\u00e0 del Calcio per la scorsa stagione ci sono due giocatori della Roma: Svilar e Malen. Il portiere dal palco ha spiegato: &#8220;Ci sono tanti portieri molto forti in Italia e per questo sono grato di essere qui di nuovo. <b>Dove pu\u00f2 arrivare quest&#8217;anno la Roma? <\/b>Vedremo&#8230; Scudetto? Passo, passo. Siamo solo all&#8217;inizio, poi vedremo\u2026 <b>Com&#8217;\u00e8 lavorare con Gasperini? <\/b>Bellissimo. Siamo insieme gi\u00e0 da un anno e secondo me quest&#8217;anno sar\u00e0 ancora meglio. <strong>Palla a Malen e Dybala e s&#8217;abbracciamo?<\/strong> Pi\u00f9 sta lontano da me e meglio \u00e8 (ride, ndr)&#8221;. Lo stesso Malen ha detto: &#8220;<b>Se \u00e8 la tua miglior partenza di sempre? <\/b>Penso di s\u00ec. Se pensavo di essere pronto in questo modo? Lo speravo. Siamo in un buon momento e dobbiamo continuare cos\u00ec. <b>Quale obiettivo ha la Roma questa stagione? <\/b>Vediamo partita dopo partita&#8221;.\n<\/p>\n<p>\n<strong>LUCUMI<\/strong> &#8211; Il difensore della <strong>Juve<\/strong>, Jhon <strong>Lucumi<\/strong>, nel corso di un&#8217;intervista rilasciata a Tuttosport ha parlato anche del litigio che ebbe con Conceicao la scorsa stagione: &#8220;Ma no, quelle sono cose che rimangono in campo e si chiudono l\u00ec. La verit\u00e0 \u00e8 che in nessun momento l\u2019ho fatto con l\u2019intenzione di litigare. Se ne abbiamo parlato? Subito. Dopo la partita. Abbiamo discusso e gli ho detto: \u201cFratello, non \u00e8 successo assolutamente niente\u201d. E ancora: \u201cScusami se ti ho mancato di rispetto in qualche momento, non l\u2019ho fatto con cattive intenzioni&#8221;. Mostrando la sua personalit\u00e0 e la classe che lo contraddistingue, mi ha risposto: \u201cFratello, non \u00e8 successo nulla, non ho dato importanza a quella cosa: ero concentrato sulla mia partita\u201d. Sono cose che restano appunto sul rettangolo verde: da parte mia ci sono state comunque le scuse, perch\u00e9 a volte capitano situazioni poco piacevoli, e che possono essere interpretate male. Il video non ha aiutato, ma tutto si \u00e8 chiuso l\u00ec. E oggi abbiamo un grande rapporto. <strong>Se c\u2019\u00e8 concorrenza in difesa?<\/strong> Il livello \u00e8 alto e siamo disposti a dare il massimo per la squadra affinch\u00e9 la Juve raggiunga i suoi obiettivi, che resta la cosa pi\u00f9 importante. Ma sono felice di condividere il campo con loro: hanno tanta esperienza, hanno giocato per diversi anni in contesti importanti, possono insegnarmi e darmi molto. Io cerco di imparare tutto quel che posso imparare: sar\u00e0 fondamentale&#8221;.\n<\/p>\n<p>\n<strong>DELPRATO<\/strong> &#8211; Enrico Delprato rinnova il proprio contratto con il Parma. Ufficializzata la notizia dal comunicato del club gialloblu: &#8220;Ci sono storie che iniziano con una maglia addosso.E poi ci sono storie che, stagione dopo stagione, diventano appartenenza.Quella di Enrico Delprato e del Parma \u00e8 una di queste. Arrivato in prestito nell\u2019estate del 2021, Enrico ha scelto Parma e Parma ha scelto lui. (&#8230;) Una presenza costante, un riferimento per i compagni, un giocatore capace di interpretare pi\u00f9 ruoli. In campo e fuori dal campo. E oggi questa storia si arricchisce di un nuovo capitolo. <strong>Enrico Delprato e il Parma rinnovano il loro rapporto sino al 2029<\/strong>&#8220;.<\/p>\n","protected":false},"excerpt":{"rendered":"Le ultime dai campi delle squadre di Serie A, tra infortuni, stop e possibili rientri in vista del&hellip;\n","protected":false},"author":3,"featured_media":662845,"comment_status":"","ping_status":"","sticky":false,"template":"","format":"standard","meta":{"footnotes":"","_share_on_mastodon":"0"},"categories":[176],"tags":[7233,4197,50020,5295,6315,2540,3077,5263,569,562,337942,360777,57047,586,4701,1034,57052,8028,1856,921,8827,104,7204,365395,4018,1969,46661,554,4021,2275,24067,7080,6693,4864,8393,365396,790,122,1367,2276,1277,8506,277,4702,1368,57072,365397,1891,767,6927,6018,1341,18967,2730,13655,365398,17903,365394,365399,6104,17801,33232,11125,298598,1533,3085,39015,720,2245,541,5016,3688,365400,5281,5301,6298,4036,4761,10796,15829,5360,564,3412,2024,5183,1598,13659,24818,11829,48,2666,62706,2885,10815,1302,7378,350,1282,1537,90,89,4798,565,19911,55412,3776,5188,1980,6296,1207,325998,1914,113,3417,31786,317516,1691,1258,2219,130882,9793,6248,4047,69956,35788,3783,2197,553,3479,3483,18984,248,1654,6250,854,133,65244,21903,206762,3268,893,3171,3484,66,6301,1290,19790,68,19089,4966,491,6324,6092,3522,8014,8158,26060,1885,1917,4262,21454,13196,494,4963,14522,980,1434,3674,8689,987,1360,4519,6089,13287,1821,13667,1272,8041,245,244,1857,577,100214,31155,33591,36020,5583,5186,4968,44777],"class_list":["post-662844","post","type-post","status-publish","format-standard","has-post-thumbnail","category-sport","tag-alti","tag-alto","tag-amorim","tag-arena","tag-arrivata","tag-arrivati","tag-arrivato","tag-assenza","tag-atalanta","tag-attaccante","tag-badiashile","tag-balerdi","tag-beukema","tag-bologna","tag-bruyne","tag-buon","tag-buongiorno","tag-camarda","tag-campionato","tag-campo","tag-capitolo","tag-centro","tag-centrocampo","tag-centrocampo-reparto","tag-cerco","tag-champions","tag-cisse","tag-club","tag-compagni","tag-comunicato","tag-comunicato-club","tag-confermare","tag-contratto","tag-corriere","tag-corriere-sport","tag-corriere-sport-punto","tag-corso","tag-cose","tag-credo","tag-dare","tag-dato","tag-davide","tag-de","tag-de-bruyne","tag-decisione","tag-delprato","tag-delprato-parma","tag-devo","tag-difesa","tag-difficile","tag-dovrebbe","tag-dubbio","tag-dybala","tag-el","tag-el-shaarawy","tag-el-shaarawy-torna","tag-enrico","tag-enrico-delprato","tag-enrico-delprato-parma","tag-esami","tag-esito","tag-esito-esami","tag-esordio","tag-esprimermi","tag-estate","tag-europa","tag-europa-league","tag-fantacalcio","tag-felice","tag-fermo","tag-fisico","tag-fratello","tag-fratello-successo","tag-frosinone","tag-gasperini","tag-genoa","tag-gestire","tag-ghilardi","tag-gianluca","tag-ginocchio","tag-gioca","tag-giocatore","tag-giocatori","tag-gioco","tag-giornata","tag-giovani","tag-hermoso","tag-hojlund","tag-imparare","tag-importante","tag-importanti","tag-infortunati","tag-infortunio","tag-iniziare","tag-inizio","tag-insomma","tag-inter","tag-intervista","tag-it","tag-italia","tag-italy","tag-jones","tag-juve","tag-kevin","tag-khephren","tag-lavorare","tag-lazio","tag-league","tag-lecce","tag-legge","tag-levak","tag-li","tag-lista","tag-lorenzo","tag-lucumi","tag-lulli","tag-lunedi","tag-lunga","tag-maglia","tag-malen","tag-mancato","tag-mancini","tag-marco","tag-marianucci","tag-martinez","tag-mese","tag-miglior","tag-milan","tag-minuti","tag-minuto","tag-movimenti","tag-napoli","tag-nazionali","tag-ndicka","tag-obiettivi","tag-ormai","tag-orsolini","tag-ottica","tag-ottica-fantacalcio","tag-ottima","tag-ottobre","tag-palla","tag-panchina","tag-parlato","tag-parma","tag-partita","tag-passaggi","tag-passo","tag-pellegrini","tag-penso","tag-percorso","tag-posizione","tag-posso","tag-possono","tag-potra","tag-presenza","tag-priorita","tag-problema","tag-pronto","tag-prossimo","tag-provedel","tag-pulisic","tag-punto","tag-qualita","tag-qualsiasi","tag-quotidiano","tag-resta","tag-rientro","tag-rimasto","tag-roma","tag-scelta","tag-scorsa","tag-scorsa-stagione","tag-sera","tag-serie","tag-shaarawy","tag-so","tag-spazio","tag-sport","tag-sports","tag-squadra","tag-stagione","tag-stephan","tag-svilar","tag-thuram","tag-tomori","tag-torna","tag-trovare","tag-vincere","tag-zhegrova"],"share_on_mastodon":{"url":"","error":"Validation failed: Text character limit of 500 exceeded"},"_links":{"self":[{"href":"https:\/\/www.europesays.com\/it\/wp-json\/wp\/v2\/posts\/662844","targetHints":{"allow":["GET"]}}],"collection":[{"href":"https:\/\/www.europesays.com\/it\/wp-json\/wp\/v2\/posts"}],"about":[{"href":"https:\/\/www.europesays.com\/it\/wp-json\/wp\/v2\/types\/post"}],"author":[{"embeddable":true,"href":"https:\/\/www.europesays.com\/it\/wp-json\/wp\/v2\/users\/3"}],"replies":[{"embeddable":true,"href":"https:\/\/www.europesays.com\/it\/wp-json\/wp\/v2\/comments?post=662844"}],"version-history":[{"count":0,"href":"https:\/\/www.europesays.com\/it\/wp-json\/wp\/v2\/posts\/662844\/revisions"}],"wp:featuredmedia":[{"embeddable":true,"href":"https:\/\/www.europesays.com\/it\/wp-json\/wp\/v2\/media\/662845"}],"wp:attachment":[{"href":"https:\/\/www.europesays.com\/it\/wp-json\/wp\/v2\/media?parent=662844"}],"wp:term":[{"taxonomy":"category","embeddable":true,"href":"https:\/\/www.europesays.com\/it\/wp-json\/wp\/v2\/categories?post=662844"},{"taxonomy":"post_tag","embeddable":true,"href":"https:\/\/www.europesays.com\/it\/wp-json\/wp\/v2\/tags?post=662844"}],"curies":[{"name":"wp","href":"https:\/\/api.w.org\/{rel}","templated":true}]}}