{"id":662857,"date":"2026-09-03T12:22:16","date_gmt":"2026-09-03T12:22:16","guid":{"rendered":"https:\/\/www.europesays.com\/it\/662857\/"},"modified":"2026-09-03T12:22:16","modified_gmt":"2026-09-03T12:22:16","slug":"giulia-presutti-chi-e-la-giornalista-che-ha-rinunciato-alla-conduzione-di-report-al-posto-di-ranucci","status":"publish","type":"post","link":"https:\/\/www.europesays.com\/it\/662857\/","title":{"rendered":"Giulia Presutti, chi \u00e8 la giornalista che ha rinunciato alla conduzione di Report al posto di Ranucci"},"content":{"rendered":"<p>Giulia Presutti non condurr\u00e0 Report. Ad annunciarlo \u00e8 stata la stessa giornalista 36enne, comunicando alla Rai la volont\u00e0 di fare un \u201cpasso indietro\u201d dall&#8217;incarico di co-conduttrice del programma, dopo la decisione della Rai di rimuovere Sigfrido Ranucci dalla conduzione. Dietro la scelta di Presutti, annunciata con una lettera rivolta al direttore Paolo Corsini, c&#8217;\u00e8 \u201cla speranza di aiutare in questo modo la trasmissione che mi ha formata e alla quale ho avuto l&#8217;onore di contribuire\u201d.\u00a0<\/p>\n<p>\t\t \tChi \u00e8 Giulia Presutti<\/p>\n<p>Laureata in lettere classiche alla Sapienza di Roma, con una magistrale in filologia a Bologna, Giulia Presutti ha frequentato la scuola di giornalismo di Perugia tra il 2014 e il 2016. Dopo uno stage a Rai News 24, dove ha realizzato un approfondimento sulle case popolari occupate di Laurentino 38 nella periferia sud di Roma, e uno in Ansa, la giornalista \u00e8 stata anche finalista del premio Roberto Morrione, con un\u2019inchiesta dal titolo \u201cUn tratto della tratta\u201d dedicata al traffico di migranti tra l\u2019Eritrea e l\u2019Italia.<\/p>\n<p>L&#8217;arrivo a Report<\/p>\n<p>Nel 2017 ha lavorato poi come inviata per la tramissione di Rai 2, \u201cNemo\u201d, realizzando reportage sull\u2019Iraq e sulla Russia. Nello stesso anno, \u00e8 iniziata anche la sua collaborazione con Report, dove \u00e8 rimasta per cinque anni, prima di lavorare come inviata per le trasmissioni \u201cAgor\u00e0 \u201csu Rai 3 ed \u201cEstate in diretta\u201d su Rai 1. Nel settembre del 2023 \u00e8 tornata nuovamente a Report dedicandosi a inchieste su politica, sanit\u00e0 e casi giudiziari, tra cui quella sul caso dell\u2019ex deputato di Fratelli d\u2019Italia Emanuele Pozzolo a Capodanno.\u00a0\u00a0<\/p>\n<p>La lettera a Corsini<\/p>\n<p>Come ha sottolineato la giornalista nella sua lettera a Corsini, \u201cuna trasmissione cos\u00ec amata, che tanto ha dato al pubblico e alla nostra azienda, non pu\u00f2 impantanarsi in discussioni e scambi cos\u00ec piccoli, n\u00e9 credo che il suo futuro possa essere legato a singoli nomi e singole personalit\u00e0\u201d. Poi ha aggiunto: \u201cSpero che Report continui a fare lo splendido lavoro di servizio pubblico che ha sempre fatto\u201d. E infine: &#8220;Per quanto mi riguarda, caro direttore, sono a disposizione dell&#8217;azienda che tanto mi ha dato e alla quale intendo dare con passione tutto il mio impegno&#8221;.<\/p>\n<p>\t\t\t<a class=\"c-inline-card j-inline-card c-inline-card--with-image\" href=\"https:\/\/tg24.sky.it\/cronaca\/2026\/09\/02\/ranucci-lavitola-aggressione-carcere-rebibbia-roma\" rel=\"follow nofollow noopener\" data-intcmp=\"skytg24_articolo_approfondimenti_inline\" target=\"_blank\"><\/p>\n<p>\t\t\t         <img decoding=\"async\" crossorigin=\"anonymous\" alt=\"\"  loading=\"lazy\"  src=\"https:\/\/www.europesays.com\/it\/wp-content\/uploads\/2026\/09\/hero_ansa_lavitola_ranucci_presutti.jpg\"\/><\/p>\n<p>\n\t\t\t         Vedi anche<br \/>\n\t\t\t         Lavitola, fonti\u00a0Dap: no aggressione. Report, passo indietro Presutti\n\t\t\t      <\/p>\n<p>\t\t\t<\/a><\/p>\n","protected":false},"excerpt":{"rendered":"Giulia Presutti non condurr\u00e0 Report. Ad annunciarlo \u00e8 stata la stessa giornalista 36enne, comunicando alla Rai la volont\u00e0&hellip;\n","protected":false},"author":3,"featured_media":662858,"comment_status":"","ping_status":"","sticky":false,"template":"","format":"standard","meta":{"footnotes":"","_share_on_mastodon":"0"},"categories":[6],"tags":[14,55368,4348,8,1537,90,89,7,15,82,9,83,10,7393,4910,13,11,80,84,12,81,85],"class_list":["post-662857","post","type-post","status-publish","format-standard","has-post-thumbnail","category-ultime-notizie","tag-cronaca","tag-fps","tag-giornalista","tag-headlines","tag-it","tag-italia","tag-italy","tag-news","tag-notizie","tag-notizie-di-cronaca","tag-notizie-principali","tag-notiziedicronaca","tag-notizieprincipali","tag-notwitter","tag-report","tag-titoli","tag-ultime-notizie","tag-ultime-notizie-di-cronaca","tag-ultime-notizie-e-news-di-oggi","tag-ultimenotizie","tag-ultimenotiziedicronaca","tag-ultimenotizieenewsdioggi"],"share_on_mastodon":{"url":"https:\/\/pubeurope.com\/@it\/117207089812994766","error":""},"_links":{"self":[{"href":"https:\/\/www.europesays.com\/it\/wp-json\/wp\/v2\/posts\/662857","targetHints":{"allow":["GET"]}}],"collection":[{"href":"https:\/\/www.europesays.com\/it\/wp-json\/wp\/v2\/posts"}],"about":[{"href":"https:\/\/www.europesays.com\/it\/wp-json\/wp\/v2\/types\/post"}],"author":[{"embeddable":true,"href":"https:\/\/www.europesays.com\/it\/wp-json\/wp\/v2\/users\/3"}],"replies":[{"embeddable":true,"href":"https:\/\/www.europesays.com\/it\/wp-json\/wp\/v2\/comments?post=662857"}],"version-history":[{"count":0,"href":"https:\/\/www.europesays.com\/it\/wp-json\/wp\/v2\/posts\/662857\/revisions"}],"wp:featuredmedia":[{"embeddable":true,"href":"https:\/\/www.europesays.com\/it\/wp-json\/wp\/v2\/media\/662858"}],"wp:attachment":[{"href":"https:\/\/www.europesays.com\/it\/wp-json\/wp\/v2\/media?parent=662857"}],"wp:term":[{"taxonomy":"category","embeddable":true,"href":"https:\/\/www.europesays.com\/it\/wp-json\/wp\/v2\/categories?post=662857"},{"taxonomy":"post_tag","embeddable":true,"href":"https:\/\/www.europesays.com\/it\/wp-json\/wp\/v2\/tags?post=662857"}],"curies":[{"name":"wp","href":"https:\/\/api.w.org\/{rel}","templated":true}]}}