{"id":662863,"date":"2026-09-03T12:35:13","date_gmt":"2026-09-03T12:35:13","guid":{"rendered":"https:\/\/www.europesays.com\/it\/662863\/"},"modified":"2026-09-03T12:35:13","modified_gmt":"2026-09-03T12:35:13","slug":"mercato-roma-zaha-o-diatta-per-gasp-damico-cerca-tra-gli-svincolati","status":"publish","type":"post","link":"https:\/\/www.europesays.com\/it\/662863\/","title":{"rendered":"Mercato Roma, Zaha o Diatta per Gasp: D&#8217;Amico cerca tra gli svincolati"},"content":{"rendered":"<p>                                Il ds D&#8217;amico sta vagliando l&#8217;ivoriano, gi\u00e0 vicino ai giallorossi nel 2023 e il senegalese, nell&#8217;ultima stagione al Monaco. Per il ruolo di esterno basso a sinistra c&#8217;\u00e8 la pista Guerreiro, portoghese 32enne, che nell\u2019ultima annata ha giocato al Bayern<\/p>\n<p class=\"paragraph\" spellcheck=\"true\">L\u2019ultima parola sui rinforzi per la fascia sinistra alta non \u00e8 stata scritta. Perch\u00e9 la Roma continua a monitorare il mercato degli svincolati. E una sorpresa potrebbe venir fuori nei prossimi giorni per irrobustire quella corsia laterale che da un anno non ha un profilo a piede invertito che, come chiede l\u2019allenatore, possa accentuare ulteriormente il tasso di pericolosit\u00e0 dell\u2019attacco. Evaporata l\u2019ultima trattativa per Jamie Leweling dello Stoccarda, il ds Tony D\u2019Amico fiuta cos\u00ec l\u2019affare migliore muovendosi sottotraccia e studiando una lista ristretta di esterni a tutta fascia.\u00a0<\/p>\n<p>        tentazione\u2014 \u00a0<\/p>\n<p class=\"paragraph\" spellcheck=\"true\">Tra i profili che rispondono all\u2019identikit di Gasp c\u2019\u00e8 quello di Wilfried Zaha, l\u2019ivoriano ex Galatasaray vicino alla Roma gi\u00e0 nel 2023. Un giocatore di sostanza, con un passato recente ad alti livelli nel Crystal Palace prima del passaggio in Turchia al Gala e alla decisione di andare negli Usa a Charlotte. Oggi il 33enne \u00e8 prendibile a zero e rappresenta una buona occasione per rinforzare la fascia sinistra che, al momento, vede in pole agli occhi di Gasp i trequartisti Rodrigo Mora e Lorenzo Pellegrini. Un\u2019alternativa a Zaha potrebbe essere del resto Kr\u00e9pin Diatta, senegalese, nella lista degli svincolati dopo l\u2019ultima stagione al Monaco, mentre per il ruolo di esterno basso a sinistra potrebbe farsi largo pi\u00f9 avanti la pista Rapha\u00ebl Guerreiro, portoghese, 32enne, che nell\u2019ultima annata ha giocato al Bayern Monaco.\u00a0<\/p>\n<p><a class=\"is-partner-link\" href=\"https:\/\/fantacampionato.gazzetta.it\/?intcmp=FC2627_CTArticolo2627\" rel=\"nofollow noopener\" target=\"_blank\">Sfida l&#8217;Italia intera con Fantacampionato: la classifica generale parte alla sesta giornata, gioca ora!<\/a><\/p>\n<p>        tempistiche\u2014 \u00a0<\/p>\n<p class=\"paragraph\" spellcheck=\"true\">In coincidenza con l\u2019inizio scoppiettante della stagione della Roma e con una migliore definizione dei ruoli dei giocatori in organico, D\u2019Amico potrebbe passare all\u2019azione a stretto giro approfittando anche della maxi sosta per permettere al nuovo arrivato di allenarsi a Trigoria per mettersi al passo con la squadra impegnata sul doppio fronte campionato e Champions. Senza considerare, peraltro, che a gennaio altre operazioni verranno portate a termine, sia in entrata che in uscita. E c\u2019\u00e8 gi\u00e0 un appuntamento gi\u00e0 fissato con il difensore Jayden Oosterwolde (Fenerbahce), con cui il club giallorosso ha stretto un patto per il suo arrivo nella Capitale quando il centrale sar\u00e0 guarito dopo l\u2019intervento chirurgico al ginocchio.<\/p>\n<p class=\"is-copyright\">\u00a9 RIPRODUZIONE RISERVATA<\/p>\n","protected":false},"excerpt":{"rendered":"Il ds D&#8217;amico sta vagliando l&#8217;ivoriano, gi\u00e0 vicino ai giallorossi nel 2023 e il senegalese, nell&#8217;ultima stagione al&hellip;\n","protected":false},"author":3,"featured_media":662864,"comment_status":"","ping_status":"","sticky":false,"template":"","format":"standard","meta":{"footnotes":"","_share_on_mastodon":"0"},"categories":[1452],"tags":[4008,8234,365412,365413,4189,365414,8486,721,365415,7210,3073,292496,365416,3074,189879,1740,5593,2267,365417,140678,1537,90,89,20782,987,315,1739,245,244,577,195989,2199,365411],"class_list":["post-662863","post","type-post","status-publish","format-standard","has-post-thumbnail","category-calcio","tag-amico","tag-annata","tag-annata-giocato","tag-annata-giocato-bayern","tag-basso","tag-basso-sinistra","tag-bayern","tag-calcio","tag-diatta","tag-ds","tag-esterno","tag-esterno-basso","tag-esterno-basso-sinistra","tag-fascia","tag-fascia-sinistra","tag-football","tag-gasp","tag-giocato","tag-giocato-bayern","tag-guerreiro","tag-it","tag-italia","tag-italy","tag-monaco","tag-roma","tag-sinistra","tag-soccer","tag-sport","tag-sports","tag-stagione","tag-svincolati","tag-ultima","tag-zaha"],"share_on_mastodon":{"url":"https:\/\/pubeurope.com\/@it\/117207139842728828","error":""},"_links":{"self":[{"href":"https:\/\/www.europesays.com\/it\/wp-json\/wp\/v2\/posts\/662863","targetHints":{"allow":["GET"]}}],"collection":[{"href":"https:\/\/www.europesays.com\/it\/wp-json\/wp\/v2\/posts"}],"about":[{"href":"https:\/\/www.europesays.com\/it\/wp-json\/wp\/v2\/types\/post"}],"author":[{"embeddable":true,"href":"https:\/\/www.europesays.com\/it\/wp-json\/wp\/v2\/users\/3"}],"replies":[{"embeddable":true,"href":"https:\/\/www.europesays.com\/it\/wp-json\/wp\/v2\/comments?post=662863"}],"version-history":[{"count":0,"href":"https:\/\/www.europesays.com\/it\/wp-json\/wp\/v2\/posts\/662863\/revisions"}],"wp:featuredmedia":[{"embeddable":true,"href":"https:\/\/www.europesays.com\/it\/wp-json\/wp\/v2\/media\/662864"}],"wp:attachment":[{"href":"https:\/\/www.europesays.com\/it\/wp-json\/wp\/v2\/media?parent=662863"}],"wp:term":[{"taxonomy":"category","embeddable":true,"href":"https:\/\/www.europesays.com\/it\/wp-json\/wp\/v2\/categories?post=662863"},{"taxonomy":"post_tag","embeddable":true,"href":"https:\/\/www.europesays.com\/it\/wp-json\/wp\/v2\/tags?post=662863"}],"curies":[{"name":"wp","href":"https:\/\/api.w.org\/{rel}","templated":true}]}}