{"id":662879,"date":"2026-09-03T12:48:16","date_gmt":"2026-09-03T12:48:16","guid":{"rendered":"https:\/\/www.europesays.com\/it\/662879\/"},"modified":"2026-09-03T12:48:16","modified_gmt":"2026-09-03T12:48:16","slug":"dalla-chiesa-palermo-ricorda-il-generale-ucciso-dalla-mafia-non-si-fermo-neanche-quando-fini-nel-mirino","status":"publish","type":"post","link":"https:\/\/www.europesays.com\/it\/662879\/","title":{"rendered":"Dalla Chiesa, Palermo ricorda il generale ucciso dalla mafia: &#8220;Non si ferm\u00f2 neanche quando fin\u00ec nel mirino&#8221;"},"content":{"rendered":"<p>Palermo ricorda Carlo Alberto Dalla Chiesa, la moglie Emanuela Setti Carraro e l&#8217;agente Domenico Russo, uccisi nell&#8217;attentato di via Isidoro Carini risalente al 1982. A 44 anni dalla strage, la citt\u00e0 rende omaggio alle tre vittime di una delle pagine pi\u00f9 drammatiche della storia recente del Paese. Tra i presenti il ministro dell&#8217;Interno, Matteo Piantedosi, in rappresentanza del Governo. Una giornata dedicata alla memoria del generale, ma anche al valore della sua esperienza come servitore dello Stato.<\/p>\n<p><a href=\"https:\/\/www.palermotoday.it\/cronaca\/commemorazione-carlo-alberto-dalla-chiesa-cracolici-video.html\" rel=\"nofollow noopener\" target=\"_blank\">VIDEO | Cracolici: \u201cI mafiosi continuano a comandare dalle carceri\u201d<\/a><\/p>\n<p>Dalla Chiesa, nominato prefetto di Palermo pochi mesi prima dell&#8217;omicidio, arriv\u00f2 in Sicilia dopo una lunga carriera nell&#8217;Arma, durante la quale aveva guidato importanti operazioni contro il terrorismo e la criminalit\u00e0 organizzata. Il 3 settembre 1982, mentre percorreva via Isidoro Carini a bordo della sua A112 insieme alla moglie, fu affiancato da un commando che apr\u00ec il fuoco. Nell&#8217;agguato venne coinvolto anche l&#8217;agente di scorta Domenico Russo, morto quasi due settimane dopo per le ferite riportate.<\/p>\n<p><img decoding=\"async\" src=\"https:\/\/www.europesays.com\/it\/wp-content\/uploads\/2026\/09\/schifani-davanti-alla-targa-commemorativa-di-via-isidoro-carini.jpeg\" alt=\"Schifani davanti alla targa commemorativa di via Isidoro Carini\" title=\"Schifani davanti alla targa commemorativa di via Isidoro Carini\"\/><\/p>\n<p>Le celebrazioni sono iniziate nella sede del Comando Legione Sicilia, luogo particolarmente legato alla storia del generale, che guid\u00f2 la Legione Territoriale Carabinieri di Palermo tra il 1966 e il 1973. Qui il comandante interregionale \u201cCulqualber\u201d, Claudio Domizi, il comandante della Legione Sicilia, Ubaldo Del Monaco, e il comandante provinciale di Palermo, Luciano Magrini, hanno deposto una corona d\u2019alloro davanti al busto dedicato a Dalla Chiesa, insieme al rappresentante dell\u2019Associazione nazionale carabinieri. Un omaggio che ha rinnovato il legame dell\u2019Arma con la figura del generale e con i valori che ne hanno segnato il servizio.<\/p>\n<p>Il ricordo delle istituzioni<\/p>\n<p>Nel giorno dell&#8217;anniversario, il presidente della Repubblica Sergio Mattarella ha ricordato la figura del generale sottolineandone &#8220;lucidit\u00e0 e tenacia&#8221; nella difesa della giustizia e della legalit\u00e0. Dalla Chiesa, ha evidenziato il capo dello Stato, oper\u00f2 \u201cinstancabilmente per contrastare il violento attacco delle istituzioni\u201d, a tutela dei cittadini e delle istituzioni democratiche, pagando con la vita la sua scelta di servizio. Nell&#8217;anno in cui si celebrano gli 80 anni della Repubblica, Mattarella ha definito la figura del prefetto di Palermo motivo di riconoscenza per l&#8217;intera comunit\u00e0 nazionale. Nel suo messaggio ha sottolineato come il contrasto alle mafie sia un &#8220;compito che non consente sosta&#8221;, rivolgendosi infine alle famiglie delle vittime per portare la vicinanza dell&#8217;intero Paese.<\/p>\n<p><a href=\"https:\/\/www.palermotoday.it\/cronaca\/omicidio-dalla-chiesa-intervista-rita-figlia.html\" rel=\"nofollow noopener\" target=\"_blank\">Rita Dalla Chiesa: \u201cSoffro i silenzi di Palermo, non basta andare davanti alla lapide\u201d<\/a><\/p>\n<p>Anche la presidente del Consiglio Giorgia Meloni ha ricordato il generale, definendo il suo esempio ancora oggi capace di parlare &#8220;con una forza straordinaria&#8221;. Coraggio, senso del dovere e amore per il Paese sono, secondo la premier, i valori incarnati dall&#8217;ex prefetto Dalla Chiesa &#8220;senza mai arretrare, anche quando sapeva di essere nel mirino. Ricordarlo &#8211; ha aggiunto &#8211; significa onorare un eroe dello Stato. Ma significa soprattutto rinnovare un impegno: non lasciare mai soli coloro che ogni giorno combattono la mafia, difendono la legalit\u00e0 e servono la Nazione. L&#8217;Italia non dimentica Carlo Alberto dalla Chiesa. E non dimentica chi ha dato la vita per difenderla&#8221;.<\/p>\n<p><a href=\"https:\/\/www.palermotoday.it\/cronaca\/anniversario-dalla-chiesa-cisl-badami-2026.html\" rel=\"nofollow noopener\" target=\"_blank\">Cisl: \u201cLotta contro ogni forma di criminalit\u00e0 organizzata deve restare una priorit\u00e0\u201d<\/a><\/p>\n<p><img decoding=\"async\" src=\"https:\/\/www.europesays.com\/it\/wp-content\/uploads\/2026\/09\/il-ministro-piantedosi-saluta-i-presenti-con-la-mano-sul-petto.jpeg\" alt=\"Il ministro Piantedosi saluta i presenti con la mano sul petto\" title=\"Il ministro Piantedosi saluta i presenti con la mano sul petto\"\/><\/p>\n<p>\u201cCarlo Alberto dalla Chiesa &#8211; ha detto il presidente della Regione, Renato Schifani &#8211; rappresenta una testimonianza ancora attuale e concreta di tenacia e spirito di servizio nella lotta alla mafia. La sua fedelt\u00e0 ai valori dello Stato costituisce un modello che, giorno dopo giorno, deve ispirare chi opera nelle istituzioni. Con la stessa gratitudine, ricordiamo la moglie e l\u2019agente di scorta morti, che condivisero con lui un percorso di vita e professionale. \u00c8 anche grazie all\u2019impegno del generale dalla Chiesa, in un contesto difficile come quello dell\u2019epoca, se oggi la mafia \u00e8 pi\u00f9 debole. E proprio seguendo il suo esempio, oggi manteniamo alta la guardia\u201d.<\/p>\n<p>\u201cDalla Chiesa &#8211; ha aggiunto il sindaco Roberto Lagalla &#8211; resta, ancora oggi, un archetipo dell\u2019educatore, dell\u2019uomo delle istituzioni e dell\u2019esempio civile. Nella storia della nostra Repubblica, per tutta la sua vita, ha dimostrato un attaccamento alle istituzioni cos\u00ec profondo da esporsi ai rischi pi\u00f9 grandi, senza mai arretrare. Lo ha fatto nella lotta al terrorismo, lo ha fatto contro la mafia e ha continuato a farlo a Palermo, dopo essere stato nominato prefetto, assumendo fino in fondo la responsabilit\u00e0 del ruolo che gli era stato affidato\u201d.<\/p>\n<p>Il presidente della Camera Lorenzo Fontana ha sottolineato come la storia di Dalla Chiesa continui a rappresentare un esempio per le istituzioni e per chi si impegna contro l&#8217;illegalit\u00e0. Dal Senato, il presidente Ignazio La Russa ha definito quella del 3 settembre 1982 una giornata in cui &#8220;la violenza mafiosa colp\u00ec al cuore lo Stato&#8221;. Dalla Chiesa, ha ricordato, fu un servitore della Repubblica che affront\u00f2 terrorismo e criminalit\u00e0 organizzata &#8220;con la sola forza del dovere e della legge&#8221;. La Russa ha quindi indicato nella sua integrit\u00e0 morale un punto di riferimento per chi ricopre incarichi pubblici.<\/p>\n","protected":false},"excerpt":{"rendered":"Palermo ricorda Carlo Alberto Dalla Chiesa, la moglie Emanuela Setti Carraro e l&#8217;agente Domenico Russo, uccisi nell&#8217;attentato di&hellip;\n","protected":false},"author":3,"featured_media":662880,"comment_status":"","ping_status":"","sticky":false,"template":"","format":"standard","meta":{"footnotes":"","_share_on_mastodon":"0"},"categories":[79],"tags":[3905,365427,25656,14,93,94,45494,1537,90,89,7,15,11,84,91,12,85,92,365428],"class_list":["post-662879","post","type-post","status-publish","format-standard","has-post-thumbnail","category-italia","tag-carabinieri","tag-carlo-alberto-dalla-chiesa","tag-commemorazione","tag-cronaca","tag-cronaca-italiana","tag-cronacaitaliana","tag-generale","tag-it","tag-italia","tag-italy","tag-news","tag-notizie","tag-ultime-notizie","tag-ultime-notizie-e-news-di-oggi","tag-ultime-notizie-italia","tag-ultimenotizie","tag-ultimenotizieenewsdioggi","tag-ultimenotizieitalia","tag-via-isidoro-carini"],"share_on_mastodon":{"url":"https:\/\/pubeurope.com\/@it\/117207192165831810","error":""},"_links":{"self":[{"href":"https:\/\/www.europesays.com\/it\/wp-json\/wp\/v2\/posts\/662879","targetHints":{"allow":["GET"]}}],"collection":[{"href":"https:\/\/www.europesays.com\/it\/wp-json\/wp\/v2\/posts"}],"about":[{"href":"https:\/\/www.europesays.com\/it\/wp-json\/wp\/v2\/types\/post"}],"author":[{"embeddable":true,"href":"https:\/\/www.europesays.com\/it\/wp-json\/wp\/v2\/users\/3"}],"replies":[{"embeddable":true,"href":"https:\/\/www.europesays.com\/it\/wp-json\/wp\/v2\/comments?post=662879"}],"version-history":[{"count":0,"href":"https:\/\/www.europesays.com\/it\/wp-json\/wp\/v2\/posts\/662879\/revisions"}],"wp:featuredmedia":[{"embeddable":true,"href":"https:\/\/www.europesays.com\/it\/wp-json\/wp\/v2\/media\/662880"}],"wp:attachment":[{"href":"https:\/\/www.europesays.com\/it\/wp-json\/wp\/v2\/media?parent=662879"}],"wp:term":[{"taxonomy":"category","embeddable":true,"href":"https:\/\/www.europesays.com\/it\/wp-json\/wp\/v2\/categories?post=662879"},{"taxonomy":"post_tag","embeddable":true,"href":"https:\/\/www.europesays.com\/it\/wp-json\/wp\/v2\/tags?post=662879"}],"curies":[{"name":"wp","href":"https:\/\/api.w.org\/{rel}","templated":true}]}}