{"id":662890,"date":"2026-09-03T13:09:16","date_gmt":"2026-09-03T13:09:16","guid":{"rendered":"https:\/\/www.europesays.com\/it\/662890\/"},"modified":"2026-09-03T13:09:16","modified_gmt":"2026-09-03T13:09:16","slug":"antonelli-parto-ultimo-e-vero-pero-sara-full-attack-credo-che-la-top-5-sia-fattibile","status":"publish","type":"post","link":"https:\/\/www.europesays.com\/it\/662890\/","title":{"rendered":"Antonelli: &#8220;Parto ultimo, \u00e8 vero. Per\u00f2\u2026 sar\u00e0 full attack! Credo che la top 5 sia fattibile"},"content":{"rendered":"<p>                                Il pilota Mercedes zavorrato dalla penalit\u00e0 per il cambio di power unit: &#8220;Comunque potremo lavorare di pi\u00f9 sull\u2019assetto in funzione della gara&#8221;<\/p>\n<p>                    3 settembre (modifica alle 14:33)  &#8211; MONZA<\/p>\n<p class=\"paragraph\" spellcheck=\"true\">\u201cParto ultimo, \u00e8 vero. Per\u00f2\u2026 sar\u00e0 full attack!\u201d. Tutto all\u2019attacco. E gli occhi gli si sono illuminati. Kimi Antonelli non ha proprio abbandonato l\u2019idea di correre una gran gara a Monza, in questo fine settimana dove arriva davanti ai tifosi italiani da leader del Mondiale di F1. Qualcosa che non si vedeva dai tempi di Alberto Ascari, i tempi della fondazione della F1, gli Anni \u201950. Il bolognese della Mercedes ne ha parlato questa mattina alla vigilia delle prime prove libere, un weekend per lui speciale, ma purtroppo gi\u00e0 zavorrato dalla <a href=\"https:\/\/www.gazzetta.it\/motori\/mercedes-f1\/02-09-2026\/antonelli-la-penalita-e-il-pensiero-alla-super-rimonta-kimi-puo-vincere-a-monza.shtml\" rel=\"nofollow noopener\" target=\"_blank\">penalit\u00e0 per il cambio di power unit<\/a> che lo costringer\u00e0 a partire dal fondo dello schieramento. Kimi ha confermato che la Mercedes non porter\u00e0 l\u2019evoluzione ADUO sul motore, e che quando accadr\u00e0 la penalit\u00e0 sar\u00e0 per\u00f2 ridotta di soli 5 posti. E quindi che questo era il momento migliore per inserire una power unit nuova in vista delle tre gare in Italia, Spagna e Azerbaigian, quelle in cui il team non avr\u00e0 sviluppi significativi. E in particolare Monza, ovviamente, che era la pista su cui \u00e8 pi\u00f9 facile recuperare posizioni.\u00a0<\/p>\n<p>    ASPETTATIVE\u2014 \u00a0<\/p>\n<p class=\"paragraph is-inline\" spellcheck=\"true\">\u201cAspettative? Dipende molto dal passo che avremo durante il weekend e da quanto saremo competitivi \u2013 ha detto subito &#8211; avremo la possibilit\u00e0 di lavorare in modo un po\u2019 diverso rispetto ai soliti weekend e potremo focalizzarci maggiormente sul setup. Far\u00f2 le qualifiche, ma anche se dovessi mettere la macchina in pole partirei comunque ultimo, quindi potremo lavorare di pi\u00f9 sull\u2019assetto in funzione della gara. Credo che la top 5 sia molto fattibile, per\u00f2 ovviamente bisogner\u00e0 vedere come andr\u00e0 tutto il weekend\u201d. Come \u00e8 nata la decisione di Monza per introdurre il nuovo motore? \u201cDiciamo che non \u00e8 il massimo prendere una penalit\u00e0 nel GP di casa \u2013 ha detto Kimi &#8211; soprattutto una penalit\u00e0 cos\u00ec importante. Per\u00f2 come team guardiamo al campionato e questa \u00e8 una delle piste migliori dove farlo. \u00c8 meglio cambiare tutto adesso per poi non avere problemi in futuro. Credo che prenderemo un\u2019altra penalit\u00e0 con il motore, per\u00f2 in quel caso saranno solo cinque posizioni. Almeno adesso cambiamo tutto e cerchiamo di evitare problemi pi\u00f9 avanti. Come detto, questa \u00e8 probabilmente la pista migliore dove farlo\u201d.\u00a0<\/p>\n<p>    PRESSIONE\u2014 \u00a0<\/p>\n<p class=\"paragraph is-inline\" spellcheck=\"true\">Se non altro, ci sar\u00e0 meno pressione? \u201cSicuramente sar\u00e0 un weekend un po\u2019 strano, perch\u00e9 \u00e8 il GP di casa ma sai gi\u00e0 che partirai ultimo \u2013 ha detto ancora il bolognese &#8211; credo per\u00f2 che questo mi consentir\u00e0 di divertirmi ancora di pi\u00f9, di guidare pi\u00f9 spensierato. \u00c8 una cosa positiva e sicuramente toglie un po\u2019 della pressione. Ovviamente non \u00e8 che volessi partire ultimo, preferirei di gran lunga partire in pole, per\u00f2 sicuramente mi aiuter\u00e0 ad affrontare il weekend con pi\u00f9 leggerezza\u201d. Leggerezza, ma con un pensiero chiaro\u2026 \u201cSoprattutto in questo fine settimana, visto che parto ultimo, sar\u00e0 \u201cfull attack\u201d. A volte magari mi tiro delle gufate da solo, per\u00f2 questo \u00e8 il piano. Parto ultimo, quindi non ho nulla da perdere. Ovviamente voglio recuperare il pi\u00f9 possibile usando la testa, ma l\u2019approccio sar\u00e0 quello di andare all\u2019attacco e cercare di guadagnare pi\u00f9 posizioni possibile, ottenendo il miglior risultato\u201d.\u00a0<\/p>\n<p>    DERBY DEL TIFO\u2014 \u00a0<\/p>\n<p class=\"paragraph is-inline\" spellcheck=\"true\">Monza significa soprattutto Ferrari e il derby del tifo, visto che gli italiani avranno un occhio di riguardo per lui, l\u2019italiano che pu\u00f2 vincere il Mondiale piloti: \u201c\u00c8 difficile da spiegare \u2013 ha detto &#8211; credo che il tifo sia gigantesco, ovviamente ancora di pi\u00f9 per la Ferrari. \u00c8 una situazione particolare: c\u2019\u00e8 la Ferrari e poi ci sono io con una Mercedes, quindi sicuramente per i tifosi non \u00e8 facile\u201d. Ferrari e soprattutto McLaren, secondo Kimi, saranno i principali rivali da cui guardarsi questo weekend: \u201cLa McLaren ha fatto un grandissimo step dall\u2019Ungheria &#8211; ha detto &#8211;  a Zandvoort ha introdotto un ulteriore aggiornamento e credo che quello sia il loro ultimo pacchetto importante dell\u2019anno. \u00c8 evidente che abbiano fatto un grande passo avanti. Noi invece siamo fermi da un po\u2019, dal Canada non portiamo aggiornamenti. Ci aspettavamo che prima o poi gli altri diventassero pi\u00f9 forti, per\u00f2 in Malesia sar\u00e0 il nostro turno di portare aggiornamenti. Il team sembra molto fiducioso nel pacchetto e dovrebbe aiutarci a riguadagnare un po\u2019 di prestazione. Sicuramente nelle ultime due gare la McLaren \u00e8 stata la macchina e il team da battere. Credo per\u00f2 che questo weekend anche la Ferrari sar\u00e0 molto forte con il nuovo motore, quindi sar\u00e0 una lotta serrata. Proprio per questo, nelle gare in cui non portiamo aggiornamenti sar\u00e0 importante massimizzare il risultato e fare il meglio possibile. Poi, quando sar\u00e0 il nostro turno di introdurre le novit\u00e0, speriamo che ci permettano di guadagnare prestazione\u201d.\u00a0<\/p>\n<p><a class=\"is-partner-link\" href=\"https:\/\/www.nowtv.it\/sport?dcmp=SPORT_SOCIAL_AW_PROS_Motori_CairoRCS_Gazzetta_CTA&amp;ead-publisher=N1792338.340088CAIRORCSMEDIAS.P.&amp;ead-name=N1792338.340088CAIRORCSMEDIAS.P.-35025367&amp;ead-location=439955329&amp;ead-creative=249314339&amp;ead-creativetype=1x1&amp;dya=4b3d5\" rel=\"nofollow noopener\" target=\"_blank\">Non perderti tutti i Gran Premi di Formula 1\u00ae e MotoGP\u2122 in esclusiva streaming su NOW! Attiva il Pass Sport da 19,99\u20ac al mese.<\/a><\/p>\n<p>    il trofeo\u2014 \u00a0<\/p>\n<p class=\"paragraph is-inline\" spellcheck=\"true\">E a dimostrazione che a Kimi interessi un gran risultato, anche una battuta sul trofeo del podio, molto dibattuto per la particolare forma con tazze e coppette: \u201cQuando l\u2019ho visto inizialmente pensavo fosse fake \u2013 scherza \u2013 invece penso che sia molto particolare e molto bello. Ho letto che rappresenta la fragilit\u00e0 della vittoria, il fatto che sia sempre qualcosa da costruire. L\u2019idea mi piace e la forma \u00e8 particolare. Spero di poter prendere quel trofeo domenica e portarmelo a casa. Credo che dal vivo mi piacer\u00e0 ancora di pi\u00f9\u201d. Altro che partire ultimo\u2026<\/p>\n<p class=\"is-copyright\">\u00a9 RIPRODUZIONE RISERVATA<\/p>\n","protected":false},"excerpt":{"rendered":"Il pilota Mercedes zavorrato dalla penalit\u00e0 per il cambio di power unit: &#8220;Comunque potremo lavorare di pi\u00f9 sull\u2019assetto&hellip;\n","protected":false},"author":3,"featured_media":661674,"comment_status":"","ping_status":"","sticky":false,"template":"","format":"standard","meta":{"footnotes":"","_share_on_mastodon":"0"},"categories":[176],"tags":[5522,3993,9707,17727,365430,365431,765,73200,28510,6099,365432,365433,1367,365434,5187,365435,2606,2154,365436,368,2498,22514,365429,629,1837,3336,48,1537,90,89,3994,3776,5993,1772,11121,1309,3269,1316,3530,7871,32667,22943,4565,36394,2693,19074,10360,6811,10333,337,245,244,3339,38526,21412,19075,106],"class_list":["post-662890","post","type-post","status-publish","format-standard","has-post-thumbnail","category-sport","tag-aggiornamenti","tag-antonelli","tag-aspettative","tag-assetto","tag-assetto-funzione","tag-assetto-funzione-gara","tag-attacco","tag-attack","tag-bolognese","tag-cambio","tag-cambio-power","tag-cambio-power-unit","tag-credo","tag-credo-top","tag-derby","tag-derby-tifo","tag-facile","tag-farlo","tag-fattibile","tag-ferrari","tag-forma","tag-full","tag-full-attack","tag-gara","tag-gare","tag-gran","tag-importante","tag-it","tag-italia","tag-italy","tag-kimi","tag-lavorare","tag-mclaren","tag-mercedes","tag-monza","tag-motore","tag-ovviamente","tag-particolare","tag-partire","tag-parto","tag-penalita","tag-posizioni","tag-possibile","tag-potremo","tag-power","tag-power-unit","tag-pressione","tag-risultato","tag-sicuramente","tag-soprattutto","tag-sport","tag-sports","tag-team","tag-tifo","tag-trofeo","tag-unit","tag-weekend"],"share_on_mastodon":{"url":"","error":"Validation failed: Text character limit of 500 exceeded"},"_links":{"self":[{"href":"https:\/\/www.europesays.com\/it\/wp-json\/wp\/v2\/posts\/662890","targetHints":{"allow":["GET"]}}],"collection":[{"href":"https:\/\/www.europesays.com\/it\/wp-json\/wp\/v2\/posts"}],"about":[{"href":"https:\/\/www.europesays.com\/it\/wp-json\/wp\/v2\/types\/post"}],"author":[{"embeddable":true,"href":"https:\/\/www.europesays.com\/it\/wp-json\/wp\/v2\/users\/3"}],"replies":[{"embeddable":true,"href":"https:\/\/www.europesays.com\/it\/wp-json\/wp\/v2\/comments?post=662890"}],"version-history":[{"count":0,"href":"https:\/\/www.europesays.com\/it\/wp-json\/wp\/v2\/posts\/662890\/revisions"}],"wp:featuredmedia":[{"embeddable":true,"href":"https:\/\/www.europesays.com\/it\/wp-json\/wp\/v2\/media\/661674"}],"wp:attachment":[{"href":"https:\/\/www.europesays.com\/it\/wp-json\/wp\/v2\/media?parent=662890"}],"wp:term":[{"taxonomy":"category","embeddable":true,"href":"https:\/\/www.europesays.com\/it\/wp-json\/wp\/v2\/categories?post=662890"},{"taxonomy":"post_tag","embeddable":true,"href":"https:\/\/www.europesays.com\/it\/wp-json\/wp\/v2\/tags?post=662890"}],"curies":[{"name":"wp","href":"https:\/\/api.w.org\/{rel}","templated":true}]}}