{"id":662930,"date":"2026-09-03T13:52:26","date_gmt":"2026-09-03T13:52:26","guid":{"rendered":"https:\/\/www.europesays.com\/it\/662930\/"},"modified":"2026-09-03T13:52:26","modified_gmt":"2026-09-03T13:52:26","slug":"antipasto-mondiale-al-gp-de-montreal-ci-saranno-seixas-evenepoel-del-toro-e-pidcock","status":"publish","type":"post","link":"https:\/\/www.europesays.com\/it\/662930\/","title":{"rendered":"ANTIPASTO MONDIALE: AL GP DE MONTR\u00c9AL CI SARANNO SEIXAS, EVENEPOEL, DEL TORO E PIDCOCK"},"content":{"rendered":"<p>            <a class=\"category\" href=\"https:\/\/www.tuttobiciweb.it\/articles\/category\/PROFESSIONISTI\" itemprop=\"about\" rel=\"nofollow noopener\" target=\"_blank\">PROFESSIONISTI<\/a> | 03\/09\/2026 | 08:22<br \/>\n            <a class=\"author\" href=\"https:\/\/www.tuttobiciweb.it\/articles\/author\/Carlo%20Malvestio\" rel=\"nofollow noopener\" target=\"_blank\">di Carlo Malvestio<\/a><\/p>\n<p>Sar\u00e0 un mese di settembre intensissimo in quel di <strong>Montr\u00e9al<\/strong>. Testa e sogni sono ovviamente rivolti al <strong>Mondiale<\/strong> (20-27 settembre), ma guai a dimenticare che prima ci sono gli ormai classici appuntamenti con i <strong>Grand Prix Cyclistes de Qu\u00e9bec e Montr\u00e9al<\/strong> (11 e 13 settembre), che quest\u2019anno, per forza di cose, avranno un\u2019attenzione generale ancora maggiore.\n            <\/p>\n<p>Il GP de Montr\u00e9al, in particolare, si svolger\u00e0 sullo stesso identico circuito che, due settimane dopo, assegner\u00e0 la maglia arcobaleno tra gli uomini \u00e9lite. Sar\u00e0 quindi un\u2019occasione pi\u00f9 unica che rara di conoscere da vicino, in una dinamica di gara, il tracciato iridato. E se la corsa annualmente accoglie tanti nomi di prestigio &#8211; basta guardare l\u2019albo d\u2019oro &#8211; nel 2026 ci saranno quasi tutti quelli non impegnati alla Vuelta a Espa\u00f1a.\u00a0\n            <\/p>\n<p>Gli organizzatori hanno annunciato i primi nomi che saranno presenti tra Qu\u00e9bec e Montr\u00e9al: <strong>Paul Seixas<\/strong> (Decathlon CMA CGM), <strong>Remco Evenepoel<\/strong> (Red Bull-Bora-hansgrohe), <strong>Isaac Del Toro<\/strong> (UAE Team Emirates-XRG) e <strong>Tom Pidcock<\/strong> (Pinarello Q36.5), e poi il vincitore uscente <strong>Brandon McNulty<\/strong> con <strong>Adam Yates<\/strong> e <strong>Tim Wellens<\/strong> (UAE Team Emirates-XRG), <strong>Matteo Jorgenson<\/strong> (Visma | Lease a Bike), <strong>Michael Matthews<\/strong> (Jayco AlUla), <strong>Juan Ayuso, Quinn Simmons<\/strong> e <strong>Giulio Ciccone<\/strong> (Lidl-Trek), <strong>Arnaud De Lie<\/strong> (Lotto Intermarch\u00e9) e <strong>Ben Healy<\/strong> (EF Education-EasyPost).<\/p>\n<p>\u00abLe nostre corse sono sempre state un\u2019ottima preparazione al Mondiale, ma quest\u2019anno lo saranno ancora di pi\u00f9 &#8211; ha detto il <strong>direttore generale delle corse e del Mondiale, Joseph Limare<\/strong> -. Faremo una prova generale su ci\u00f2 che ci attende due settimane dopo, visto che il percorso \u00e8 identico. Per\u00f2 vale la pena sottolineare una cosa: il GP de Montr\u00e9al non \u00e8 un test event, ma una vera e propria classica WorldTour. E come tale andr\u00e0 vissuta\u00bb.<\/p>\n<p>\n    <a href=\"https:\/\/www.tuttobiciweb.it\/article\/2026\/09\/03\/1788366302\/gp-montreal-2026-participants-world-championship?lang=en\" rel=\"nofollow noopener\" target=\"_blank\"><img decoding=\"async\" src=\"https:\/\/www.europesays.com\/it\/wp-content\/uploads\/2025\/12\/enver.png\"\/><\/a><\/p>\n<p>Copyright &amp;copy TBW<\/p>\n","protected":false},"excerpt":{"rendered":"PROFESSIONISTI | 03\/09\/2026 | 08:22 di Carlo Malvestio Sar\u00e0 un mese di settembre intensissimo in quel di Montr\u00e9al.&hellip;\n","protected":false},"author":3,"featured_media":662931,"comment_status":"","ping_status":"","sticky":false,"template":"","format":"standard","meta":{"footnotes":"","_share_on_mastodon":"0"},"categories":[1456],"tags":[1824,1825,365452,1537,90,89,1353,27259,245,244],"class_list":["post-662930","post","type-post","status-publish","format-standard","has-post-thumbnail","category-ciclismo","tag-ciclismo","tag-cycling","tag-gp-montreal-2026","tag-it","tag-italia","tag-italy","tag-mondiale","tag-partecipanti","tag-sport","tag-sports"],"share_on_mastodon":{"url":"https:\/\/pubeurope.com\/@it\/117207443401732539","error":""},"_links":{"self":[{"href":"https:\/\/www.europesays.com\/it\/wp-json\/wp\/v2\/posts\/662930","targetHints":{"allow":["GET"]}}],"collection":[{"href":"https:\/\/www.europesays.com\/it\/wp-json\/wp\/v2\/posts"}],"about":[{"href":"https:\/\/www.europesays.com\/it\/wp-json\/wp\/v2\/types\/post"}],"author":[{"embeddable":true,"href":"https:\/\/www.europesays.com\/it\/wp-json\/wp\/v2\/users\/3"}],"replies":[{"embeddable":true,"href":"https:\/\/www.europesays.com\/it\/wp-json\/wp\/v2\/comments?post=662930"}],"version-history":[{"count":0,"href":"https:\/\/www.europesays.com\/it\/wp-json\/wp\/v2\/posts\/662930\/revisions"}],"wp:featuredmedia":[{"embeddable":true,"href":"https:\/\/www.europesays.com\/it\/wp-json\/wp\/v2\/media\/662931"}],"wp:attachment":[{"href":"https:\/\/www.europesays.com\/it\/wp-json\/wp\/v2\/media?parent=662930"}],"wp:term":[{"taxonomy":"category","embeddable":true,"href":"https:\/\/www.europesays.com\/it\/wp-json\/wp\/v2\/categories?post=662930"},{"taxonomy":"post_tag","embeddable":true,"href":"https:\/\/www.europesays.com\/it\/wp-json\/wp\/v2\/tags?post=662930"}],"curies":[{"name":"wp","href":"https:\/\/api.w.org\/{rel}","templated":true}]}}