{"id":662934,"date":"2026-09-03T13:56:14","date_gmt":"2026-09-03T13:56:14","guid":{"rendered":"https:\/\/www.europesays.com\/it\/662934\/"},"modified":"2026-09-03T13:56:14","modified_gmt":"2026-09-03T13:56:14","slug":"lazio-pinamonti-obiettivo-doppia-cifra-non-vedo-lora-di-iniziare","status":"publish","type":"post","link":"https:\/\/www.europesays.com\/it\/662934\/","title":{"rendered":"Lazio, Pinamonti: &#8220;Obiettivo doppia cifra! Non vedo l&#8217;ora di iniziare&#8221;"},"content":{"rendered":"<p>Lazio, la conferenza di Pinamonti<\/p>\n<p><strong>ENTUSIAMO &#8211; <\/strong>&#8220;Ringrazio in primis il direttore per le belle parole che sono la verit\u00e0, ho voluto fortemente essere qua e mi sto godendo i primi giorni insieme al gruppo e allo staff, non vedo l&#8217;ora di scendere in campo la prossima partita per iniziare questo nuovo percorso&#8221;.<\/p>\n<p><strong>OBIETTIVI &#8211; <\/strong>&#8220;La Lazio \u00e8 una societ\u00e0 storica e per questo ho scelto di venire qui, non ho fissato obiettivi particolari perch\u00e9 cerco sempre di migliorare. Voglio migliorare quanto fatto lo scorso anno e aiutare la squadra&#8221;.<\/p>\n<p><strong>SALTO &#8211; <\/strong>&#8220;Si, \u00e8 un momento molto importante per la mia carriera, ho 27 anni e ho voluto fortemente la Lazio, per questo l&#8217;ho aspettata tanto e ho spinto per venire qua. A quest&#8217;et\u00e0 c&#8217;\u00e8 un bivio e ho scelto di prenderlo qui alla Lazio&#8221;.<\/p>\n<p><strong>DOPPIA CIFRA &#8211; <\/strong>&#8220;Sicuramente \u00e8 un obiettivo perch\u00e9 sono ambizioso, vedr\u00f2 poi alla fine di quest&#8217;anno cosa riuscir\u00f2 a raggiungere. Voglio sempre migliorare le mie stagioni e quest&#8217;anno l&#8217;obiettivo \u00e8 raggiungere almeno la doppia cifra&#8221;.<\/p>\n<p><strong>DERBY &#8211; <\/strong>&#8220;Non vedo l&#8217;ora che arrivi il derby, si percepisce da fuori anche quando sei in altre squadre guardi quella partita con occhi diversi. Ci saranno diverse pressioni, ma sono le pressioni per cui viviamo noi calciatori e vogliamo godercele a pieno&#8221;.<\/p>\n<p><strong>SCELTA LAZIO &#8211; <\/strong>&#8220;Sicuramente la pressione fa parte del gioco, quella chi pi\u00f9 chi meno c&#8217;\u00e8 ovunque. Una piazza del genere ha un peso importante, ma sono dell&#8217;idea di dare tutto per la maglia e questo viene sempre riconosciuto. Voglio dare tutto e non vedo l&#8217;ora di iniziare. Mi ha convinto la volont\u00e0 di far parte di una societ\u00e0 cos\u00ec importante&#8221;.<\/p>\n","protected":false},"excerpt":{"rendered":"Lazio, la conferenza di Pinamonti ENTUSIAMO &#8211; &#8220;Ringrazio in primis il direttore per le belle parole che sono&hellip;\n","protected":false},"author":3,"featured_media":621036,"comment_status":"","ping_status":"","sticky":false,"template":"","format":"standard","meta":{"footnotes":"","_share_on_mastodon":"0"},"categories":[1452],"tags":[721,719,720,1740,1537,90,89,251,1739,245,244],"class_list":["post-662934","post","type-post","status-publish","format-standard","has-post-thumbnail","category-calcio","tag-calcio","tag-fanta","tag-fantacalcio","tag-football","tag-it","tag-italia","tag-italy","tag-serie-a","tag-soccer","tag-sport","tag-sports"],"share_on_mastodon":{"url":"https:\/\/pubeurope.com\/@it\/117207458358867410","error":""},"_links":{"self":[{"href":"https:\/\/www.europesays.com\/it\/wp-json\/wp\/v2\/posts\/662934","targetHints":{"allow":["GET"]}}],"collection":[{"href":"https:\/\/www.europesays.com\/it\/wp-json\/wp\/v2\/posts"}],"about":[{"href":"https:\/\/www.europesays.com\/it\/wp-json\/wp\/v2\/types\/post"}],"author":[{"embeddable":true,"href":"https:\/\/www.europesays.com\/it\/wp-json\/wp\/v2\/users\/3"}],"replies":[{"embeddable":true,"href":"https:\/\/www.europesays.com\/it\/wp-json\/wp\/v2\/comments?post=662934"}],"version-history":[{"count":0,"href":"https:\/\/www.europesays.com\/it\/wp-json\/wp\/v2\/posts\/662934\/revisions"}],"wp:featuredmedia":[{"embeddable":true,"href":"https:\/\/www.europesays.com\/it\/wp-json\/wp\/v2\/media\/621036"}],"wp:attachment":[{"href":"https:\/\/www.europesays.com\/it\/wp-json\/wp\/v2\/media?parent=662934"}],"wp:term":[{"taxonomy":"category","embeddable":true,"href":"https:\/\/www.europesays.com\/it\/wp-json\/wp\/v2\/categories?post=662934"},{"taxonomy":"post_tag","embeddable":true,"href":"https:\/\/www.europesays.com\/it\/wp-json\/wp\/v2\/tags?post=662934"}],"curies":[{"name":"wp","href":"https:\/\/api.w.org\/{rel}","templated":true}]}}