{"id":662937,"date":"2026-09-03T14:03:18","date_gmt":"2026-09-03T14:03:18","guid":{"rendered":"https:\/\/www.europesays.com\/it\/662937\/"},"modified":"2026-09-03T14:03:18","modified_gmt":"2026-09-03T14:03:18","slug":"antonelli-al-gp-di-monza-la-penalita-non-sono-felice-ma-vi-faro-divertire-ancora-di-piu-con-il-full-attack-la-ferrari-andra-forte","status":"publish","type":"post","link":"https:\/\/www.europesays.com\/it\/662937\/","title":{"rendered":"Antonelli al Gp di Monza: \u00abLa penalit\u00e0? Non sono felice ma vi far\u00f2 divertire ancora di pi\u00f9 con il full attack. La Ferrari andr\u00e0 forte\u00bb"},"content":{"rendered":"<p>    di<br \/>\n    Daniele Sparisci<\/p>\n<p class=\"summary-art is-line-h-12\">Kimi Antonelli al Gp d&#8217;Italia da leader del Mondiale ma retrocesso in griglia  per aver cambiato motore: \u00abScelta difficile, ma conta vincere il Mondiale. Ora devo difendermi poi arriveranno gli aggiornamenti\u00bb<\/p>\n<p class=\"chapter-paragraph\"><b>MONZA <\/b>Lewis Hamilton si \u00e8 presentato in pista con la Ferrari F40 che si \u00e8 appena regalato, sfoggiando un doppiopetto e un cappotto color camello. Una sfilata. Kimi Antonelli invece \u00e8 arrivato con la divisa d&#8217;ordinanza della Mercedes e qualche ricciolo pi\u00f9 scompigliato del solito. Scatter\u00e0 dal fondo della griglia per il cambio di motore:\u00a0\u00abQuando me l&#8217;hanno detto non \u00e8 che l&#8217;abbia presa proprio con felicit\u00e0, ma era la scelta pi\u00f9 giusta, qui a Monza \u00e8 facile superare e l&#8217;obiettivo \u00e8 risalire fino alla top 5 o anche oltre, \u00e8 possibile\u00bb.\u00a0<\/p>\n<p class=\"chapter-paragraph\">Operazione rimonta dunque per il leader del Mondiale, meno pressione addosso nel luogo dove due anni fa fu annuciato il suo ingresso in F1, allora era minorenne:\u00a0\u00abDi sicuro sar\u00e0 un fine settimana un po&#8217; strano, perch\u00e9 so gi\u00e0 di scattare ultimo. Ma questo potrebbe farmi divertire di pi\u00f9 e mi aiuter\u00e0 ad affrontare questo Gp con pi\u00f9 leggerezza, ma \u00e8 chiaro che io non vorrei mai partire da quelle posizioni. Bisogna per\u00f2 pensare al Mondiale e non alla singola corsa\u00bb In classifica ha un vantaggio di 59 punti su Hamilton e Russell.\u00a0 Il derby con la Ferrari?\u00a0\u00abQui il tifo \u00e8 gigantesco, e la maggior parte tiene per la Ferrari per\u00f2 ci sono io in classifica davanti con la Mercedes, quindi per molti non \u00e8 facile. Ma, ripeto, voglio pensare solo a divertirmi e a portare a casa il miglior risultato possibile\u00bb.\u00a0    &#13;<br \/>\n&#13;<br \/>\n&#13;<br \/>\n&#13;<br \/>\n&#13;<br \/>\n&#13;<br \/>\n&#13;<br \/>\n&#13;<br \/>\n&#13;<br \/>\n&#13;<br \/>\n&#13;<br \/>\n&#13;<br \/>\n&#13;<br \/>\n&#13;<br \/>\n&#13;<br \/>\n&#13;<br \/>\n&#13;<br \/>\n&#13;<br \/>\n&#13;<br \/>\n&#13;<br \/>\n&#13;<br \/>\n&#13;<br \/>\n&#13;<br \/>\n&#13;<br \/>\n&#13;<br \/>\n&#13;<br \/>\n&#13;<br \/>\n&#13;<br \/>\n&#13;<br \/>\n&#13;<br \/>\n&#13;<br \/>\n&#13;<br \/>\n&#13;<br \/>\n&#13;<br \/>\n&#13;<br \/>\n&#13;<br \/>\n&#13;<br \/>\n&#13;<br \/>\n&#13;<br \/>\n&#13;<br \/>\n&#13;<br \/>\n&#13;<br \/>\n&#13;<br \/>\n&#13;<br \/>\n&#13;<br \/>\n&#13;<br \/>\n&#13;<br \/>\n&#13;<br \/>\n&#13;<br \/>\n&#13;<br \/>\n&#13;<br \/>\n&#13;<br \/>\n&#13;\n<\/p>\n<p class=\"chapter-paragraph\">Kimi sostiene che pur dovendo fare calcoli non ha cambiato n\u00e9 cambier\u00e0 il modo di guidare: \u00abE soprattutto non cambia a Monza dove sar\u00f2 in modalit\u00e0 full attack, ovviamente usando la testa. Non \u00e8 che alla prima staccata voglio fare strike\u00bb. Seguono scongiuri vistosi: \u00abPerch\u00e9 certe volte sono bravo a tirarmi le gufate da solo&#8230;\u00bb. Come tanti \u00e8 rimasto colpito dallo strano trofeo dedicato al vincitore (\u00abFragile\u00bb \u00e8 il nome), tazze e ciotole impilate, realizzate dal duo di artisti Vedovamazzei. \u00abL&#8217;idea \u00e8 figa, la forma diciamo che \u00e8 particolare. A ogni modo spero di portarlo a casa domenica\u00bb. L&#8217;approccio sar\u00e0 diverso rispetto a un normale fine settimana di gara: \u00abCi concentreremo al massimo sul passo gara, gi\u00e0 sapendo che il risultato delle qualifiche sar\u00e0 ininfluente\u00bb. <a href=\"https:\/\/www.corriere.it\/sport\/formula-1\/26_luglio_29\/domenicali-f1-imola-possibile-finale-stagione-e1a6aa34-277d-4c13-90b5-dbb01ad3dxlk.shtml\" rel=\"nofollow noopener\" target=\"_blank\">Sull&#8217;ipotesi di correre l&#8217;ultima gara dell&#8217;anno a Imola, in sostituzione dei Gp del Qatar o di Abu Dhabi<\/a>, dice: \u00abQuella \u00e8 la mia gara di casa in assoluto e sarebbe molto bello, per\u00f2 a dicembre&#8230; vediamo. E comunque sarebbe anche l&#8217;occasione per riscattarsi di questa Monza\u00bb.<\/p>\n<p class=\"chapter-paragraph\">Avversari pericolosi? \u00abLa McLaren ha fatto un grosso passo in avanti, ma noi non portiamo aggiornamenti dal Canada (arriveranno in Malesia, ndr) e guadagneremo performance. Fino ad allora si tratta di capitalizzare ogni risultato. Norris \u00e8 in una forma strepitosa, ma anche la Ferrari qui andr\u00e0 molto veloce con il nuovo motore\u00bb. Di Monza conserva tanti ricordi, fra i pi\u00f9 belli \u00abil mio primo podio su una monoposto, nel 2021 in Formula 4, e il giorno in cui \u00e8 stato comunicato che sarei entrato in F1\u00bb. Sembra un&#8217;epoca fa, eppure sono passati soltanto due anni: Kimi ha bruciato le tappe oltre ogni previsione.<\/p>\n<p class=\"is-last-update\" datetime=\"2026-09-03T14:40:38+02:00\">3 settembre 2026 ( modifica il 3 settembre 2026 | 14:40)<\/p>\n<p class=\"is-copyright\">\n            \u00a9 RIPRODUZIONE RISERVATA\n        <\/p>\n","protected":false},"excerpt":{"rendered":"di Daniele Sparisci Kimi Antonelli al Gp d&#8217;Italia da leader del Mondiale ma retrocesso in griglia per aver&hellip;\n","protected":false},"author":3,"featured_media":662938,"comment_status":"","ping_status":"","sticky":false,"template":"","format":"standard","meta":{"footnotes":"","_share_on_mastodon":"0"},"categories":[176],"tags":[5522,5831,3993,365453,56355,73200,2295,1932,34861,2606,368,365454,2498,22514,365429,629,3345,12712,3337,1537,90,89,3994,4043,381,31764,1772,1353,11121,1309,68,5385,4565,6811,1360,989,245,244],"class_list":["post-662937","post","type-post","status-publish","format-standard","has-post-thumbnail","category-sport","tag-aggiornamenti","tag-andra","tag-antonelli","tag-antonelli-gp","tag-arriveranno","tag-attack","tag-cambiato","tag-classifica","tag-divertire","tag-facile","tag-ferrari","tag-ferrari-andra","tag-forma","tag-full","tag-full-attack","tag-gara","tag-gp","tag-griglia","tag-hamilton","tag-it","tag-italia","tag-italy","tag-kimi","tag-kimi-antonelli","tag-leader","tag-leader-mondiale","tag-mercedes","tag-mondiale","tag-monza","tag-motore","tag-passo","tag-pensare","tag-possibile","tag-risultato","tag-scelta","tag-settimana","tag-sport","tag-sports"],"share_on_mastodon":{"url":"","error":"Validation failed: Text character limit of 500 exceeded"},"_links":{"self":[{"href":"https:\/\/www.europesays.com\/it\/wp-json\/wp\/v2\/posts\/662937","targetHints":{"allow":["GET"]}}],"collection":[{"href":"https:\/\/www.europesays.com\/it\/wp-json\/wp\/v2\/posts"}],"about":[{"href":"https:\/\/www.europesays.com\/it\/wp-json\/wp\/v2\/types\/post"}],"author":[{"embeddable":true,"href":"https:\/\/www.europesays.com\/it\/wp-json\/wp\/v2\/users\/3"}],"replies":[{"embeddable":true,"href":"https:\/\/www.europesays.com\/it\/wp-json\/wp\/v2\/comments?post=662937"}],"version-history":[{"count":0,"href":"https:\/\/www.europesays.com\/it\/wp-json\/wp\/v2\/posts\/662937\/revisions"}],"wp:featuredmedia":[{"embeddable":true,"href":"https:\/\/www.europesays.com\/it\/wp-json\/wp\/v2\/media\/662938"}],"wp:attachment":[{"href":"https:\/\/www.europesays.com\/it\/wp-json\/wp\/v2\/media?parent=662937"}],"wp:term":[{"taxonomy":"category","embeddable":true,"href":"https:\/\/www.europesays.com\/it\/wp-json\/wp\/v2\/categories?post=662937"},{"taxonomy":"post_tag","embeddable":true,"href":"https:\/\/www.europesays.com\/it\/wp-json\/wp\/v2\/tags?post=662937"}],"curies":[{"name":"wp","href":"https:\/\/api.w.org\/{rel}","templated":true}]}}