{"id":662941,"date":"2026-09-03T14:05:53","date_gmt":"2026-09-03T14:05:53","guid":{"rendered":"https:\/\/www.europesays.com\/it\/662941\/"},"modified":"2026-09-03T14:05:53","modified_gmt":"2026-09-03T14:05:53","slug":"festival-di-venezia-2026-ospiti-e-programma-di-oggi-3-settembre-diretta","status":"publish","type":"post","link":"https:\/\/www.europesays.com\/it\/662941\/","title":{"rendered":"Festival di Venezia 2026, ospiti e programma di oggi 3 settembre. DIRETTA"},"content":{"rendered":"<p>Oggi, <strong>gioved\u00ec 3 settembre 2026<\/strong>, si apre la <strong>seconda giornata<\/strong> dell\u2019<strong>83\u00aa edizione della Mostra Internazionale d\u2019Arte Cinematografica della Biennale di Venezia <\/strong>(<a href=\"\\&quot;https:\/\/tg24.sky.it\/spettacolo\/cinema\/2026\/08\/28\/festival-venezia-2026\\&quot;\" data-intcmp=\"\\&quot;skytg24_liveblog_interlink_text\\&quot;\"><strong>IL PROGRAMMA<\/strong><\/a> &#8211; <a href=\"\\&quot;https:\/\/tg24.sky.it\/spettacolo\/cinema\/2026\/09\/02\/look-venezia-red-carpet-apertura\\&quot;\" data-intcmp=\"\\&quot;skytg24_liveblog_interlink_text\\&quot;\"><strong>IL RED CARPET DELLA CERIMONIA DI APERTURA<\/strong><\/a>).\\n\\n<\/p>\n<p>Tra i <strong>21 film in<\/strong> <strong>Concorso <\/strong>(<a href=\"\\&quot;https:\/\/tg24.sky.it\/spettacolo\/cinema\/2026\/07\/23\/festival-cinema-venezia-2026\\&quot;\" data-intcmp=\"\\&quot;skytg24_liveblog_interlink_text\\&quot;\"><strong>TUTTI I FILM IN CONCORSO<\/strong><\/a>) c\u2019\u00e8 Bucking Fastard di <strong>Werner Herzog<\/strong> e con <strong>Kate Mara<\/strong>, <strong>Rooney Mara<\/strong>, <strong>Orlando Bloom<\/strong> e <strong>Domhnall Gleeson<\/strong>.<\/p>\n<p>\\n\\n<\/p>\n<p>Sempre in <strong>Concorso <\/strong>c\u2019\u00e8 il <strong>film <\/strong>Wild Horse Nine di <strong>Martin McDonagh<\/strong> e con <strong>John Malkovich<\/strong>, <strong>Sam Rockwell<\/strong>e <strong>Steve Buscemi<\/strong>.<\/p>\n<p>\\n\\n<\/p>\n<p><strong>Fuori Concorso<\/strong> ci sono sia i <strong>film Non Fiction<\/strong> Everest: The Other Side di <strong>Elizabeth Chai Vasarhelyi <\/strong>e <strong>Jimmy Chin<\/strong> e Burgundy di <strong>Michael Dweck<\/strong> e <strong>Gregory Kershaw<\/strong>, sia il film <strong>Fiction<\/strong> <strong>italiano <\/strong>Nessun dolore di <strong>Gianni Amelio <\/strong>e con <strong>Alessandro Borghi<\/strong>, <strong>Valeria Golino<\/strong> e <strong>Valerio Mastandrea<\/strong>.<\/p>\n<p>\\n\\n<\/p>\n<p>Previsti anche l\u2019arrivo del <strong>cast<\/strong> del <strong>film<\/strong> Balcanica di <strong>Nicola Sorcinelli<\/strong> e con <strong>Matilda De Angelis<\/strong> (in gara nella sezione <strong>Giornate degli Autori<\/strong>), la <strong>Masterclass con George Clooney<\/strong> e la <strong>conferenza stampa di Venice Immersive<\/strong>.<\/p>\n<p>\\n\\n<\/p>\n<p>Nella sezione <strong>Orizzonti<\/strong> ci sono i film Moragheb (Falling House) di <strong>Mohsen Gharaei<\/strong> e Too Much Sugar di <strong>Robert Greene<\/strong>. Al via anche la sezione \u00a0<strong>Orizzonti Corti<\/strong> <strong>\u2013<\/strong> <strong>Fuori Concorso<\/strong>.<\/p>\n<p>\\n\\n<\/p>\n<p>Nella sezione <strong>Giornate degli Autori <\/strong>ci sono i <strong>film <\/strong>Waiting for Ken Loachdi<strong> Simone Amendola<\/strong>, Al Baraneya di Ashgan El-Hamus, I Plant My Head in the Garden di <strong>Hoda Taheri<\/strong> e <strong>Boris Hadzija <\/strong>e Scarpe rotte di <strong>Roberta Torre<\/strong> e con <strong>Barbara Ronchi<\/strong>.<\/p>\n<p>\\n\\n<\/p>\n<p>Nella sezione <strong>Settimana della Critica<\/strong> ci sono i <strong>film<\/strong> Les M\u00e9tamorphoses, Au F\u00e9minin di <strong>Mar\u00eda Gim\u00e9nez Cavallo<\/strong> e Il grande Giaffa di <strong>Marco Santi<\/strong>.<\/p>\n<p>&#8220;,&#8221;postId&#8221;:&#8221;bc834500-ed94-42ec-8bdd-7b748a2b5f51&#8243;,&#8221;postLink&#8221;:{&#8220;title&#8221;:&#8221;&#8221;,&#8221;url&#8221;:&#8221;&#8221;,&#8221;imageSrc&#8221;:&#8221;&#8221;}}],&#8221;posts&#8221;:[{&#8220;timestamp&#8221;:&#8221;2026-09-03T13:59:11.555Z&#8221;,&#8221;timestampUtcIt&#8221;:&#8221;2026-09-03T15:59:11+0200&#8243;,&#8221;video&#8221;:{&#8220;videoId&#8221;:&#8221;1121550&#8243;,&#8221;videoDescription&#8221;:&#8221;A Venezia Martin McDonagh con Wilde Horse Nine&#8221;,&#8221;videoPageUrl&#8221;:&#8221;https:\/\/video.sky.it\/news\/spettacolo\/video\/venezia-83-martin-mcdonagh-presenta-wilde-horse-nine-1121550&#8243;},&#8221;altBackground&#8221;:true,&#8221;title&#8221;:&#8221;Martin McDonagh presenta Wilde Horse Nine: il servizio di Sky Tg24&#8243;,&#8221;content&#8221;:&#8221;<\/p>\n<p>Nel film siamo ci spostiamo poco prima del colpo di Stato cileno del 1973, quando gli agenti della CIA Chris e Lee vengono inviati da Santiago all\u2019Isola di Pasqua dal loro capo, MJ. Tra le emblematiche statue dell\u2019isola, mentre i due compagni di lunga data si confrontano con i propri oscuri trascorsi e con le cospirazioni del presente, il legame stretto da Chris con due studentesse ribelli rischia di far prendere una piega imprevista al soggiorno di tutti in questo remoto paradiso.<strong> Nel video l&#8217;intervista al regista\u00a0<\/strong><\/p>\n<p>&#8220;,&#8221;postId&#8221;:&#8221;db3d3c0c-2660-476d-9200-5bfba118178c&#8221;,&#8221;postLink&#8221;:{&#8220;title&#8221;:&#8221;&#8221;,&#8221;url&#8221;:&#8221;&#8221;,&#8221;imageSrc&#8221;:&#8221;&#8221;}},{&#8220;timestamp&#8221;:&#8221;2026-09-03T13:43:06.182Z&#8221;,&#8221;timestampUtcIt&#8221;:&#8221;2026-09-03T15:43:06+0200&#8243;,&#8221;altBackground&#8221;:false,&#8221;title&#8221;:&#8221;Walls of Dolls presenta &#8216;La violenza invisibile&#8217; alla Mostra di Venezia&#8221;,&#8221;content&#8221;:&#8221;<\/p>\n<p>E&#8217; stato presentato oggi nello Spazio della Regione del Veneto alla Mostra di Venezia, \\&#8221;La violenza invisibile\\&#8221;, il decimo docufilm realizzato dall&#8217;associazione Wall of Dolls per raccontare e contrastare la violenza sulle donne. Un nuovo importante capitolo di un percorso che Wall of Dolls persegue da anni attraverso manifestazioni culturali, informazione, sensibilizzazione e sostegno concreto, con l&#8217;obiettivo di accendere i riflettori non soltanto sulle forme pi\u00f9 evidenti della violenza, ma anche su quelle pi\u00f9 subdole, quotidiane e difficili da riconoscere. La violenza invisibile \u00e8 infatti quella che spesso non lascia segni sul corpo, ma pu\u00f2 lasciare ferite profonde: il controllo, la manipolazione, la svalutazione, l&#8217;isolamento, la violenza psicologica ed economica. Una violenza che spesso si consuma nel silenzio e che, proprio per questo, rischia di essere riconosciuta troppo tardi.\u00a0<\/p>\n<p>\\n\\n<\/p>\n<p>Il docufilm nasce dalla volont\u00e0 di dare voce a storie, testimonianze e riflessioni capaci di restituire un quadro concreto di un fenomeno ancora drammaticamente presente nella nostra societ\u00e0. A presentare il docufilm l&#8217;artista Jo Squillo e la giornalista Francesca Carollo, impegnate da anni attraverso Wall of Dolls nella sensibilizzazione sul tema della violenza sulle donne. Erano presenti anche Moira Cucchi ed Emanuela Carnini, vittime e sopravvissute alla violenza, che con la loro presenza e le loro testimonianze hanno contribuito a rendere ancora pi\u00f9 forte e concreto il messaggio della giornata: raccontare la violenza significa anche dare voce a chi l&#8217;ha vissuta, rompere il silenzio e trasformare il dolore in consapevolezza e possibilit\u00e0 di rinascita. \\&#8221;Questo decimo documentario &#8211; \u00e8 stato detto &#8211; \u00e8 uno strumento di informazione potente. Il nostro obiettivo \u00e8 portarlo nelle scuole e nelle manifestazioni, veicolarlo ai giovani, per aprire discussioni e creare consapevolezza. Perch\u00e9 se si riesce aa riconoscere una violenza quando \u00e8 ancora invisibile, si pu\u00f2 fermarla prima che diventi tragedia\\&#8221;.\u00a0<\/p>\n<p>&#8220;,&#8221;postId&#8221;:&#8221;9f3835f7-3622-4bcd-8eb0-6faf59a30f53&#8243;,&#8221;postLink&#8221;:{&#8220;title&#8221;:&#8221;&#8221;,&#8221;url&#8221;:&#8221;&#8221;,&#8221;imageSrc&#8221;:&#8221;&#8221;}},{&#8220;timestamp&#8221;:&#8221;2026-09-03T13:36:22.780Z&#8221;,&#8221;timestampUtcIt&#8221;:&#8221;2026-09-03T15:36:22+0200&#8243;,&#8221;video&#8221;:{&#8220;videoId&#8221;:&#8221;1121714&#8243;,&#8221;videoDescription&#8221;:&#8221;Herzog torna dopo anni di documentari a una storia di fiction con Bucking Fastard, in cui dirige le sorelle Kate e Rooney Mara in un racconto di amore e ossessione ispirato da una vicenda reale.&#8221;,&#8221;videoPageUrl&#8221;:&#8221;https:\/\/video.sky.it\/news\/spettacolo\/video\/venezia-83-in-concorso-bucking-fastard-di-herzog-1121714&#8243;},&#8221;altBackground&#8221;:true,&#8221;title&#8221;:&#8221;Oggi \u00e8 il giorno di Bucking Fastard, nel video l&#8217;intervista al cast &#8220;,&#8221;content&#8221;:&#8221;<\/p>\n<p>Dai fiumi allucinati di Aguirre alla nave impossibile di Fitzcarraldo, fino all\u2019abbraccio notturno di Nosferatu, il cinema di <a href=\"\\&quot;https:\/\/tg24.sky.it\/spettacolo\/cinema\/2025\/08\/27\/francis-ford-coppola-werner-herzog-leone-d-oro-carriera-mostra-cinema-venezia\\&quot;\" data-intcmp=\"\\&quot;skytg24_liveblog_interlink_text\\&quot;\"><strong>Herzog <\/strong><\/a>ha sempre cercato l\u2019estasi nel caos. Il film in gara a Venezia vede nel cast Kate Mara e Rooney Mara. Nel video il servizio di Sky Tg24\u00a0<\/p>\n<p>&#8220;,&#8221;postId&#8221;:&#8221;93c3eb08-03db-4dc2-b312-9fe0ac707ec0&#8243;,&#8221;postLink&#8221;:{&#8220;title&#8221;:&#8221;&#8221;,&#8221;url&#8221;:&#8221;&#8221;,&#8221;imageSrc&#8221;:&#8221;&#8221;}},{&#8220;timestamp&#8221;:&#8221;2026-09-03T13:24:55.301Z&#8221;,&#8221;timestampUtcIt&#8221;:&#8221;2026-09-03T15:24:55+0200&#8243;,&#8221;image&#8221;:{&#8220;imgSrc&#8221;:&#8221;https:\/\/www.europesays.com\/it\/wp-content\/uploads\/2026\/09\/paragoni-Getty.jpg&#8221;,&#8221;imgAlt&#8221;:&#8221;Natalia Paragoni&#8221;,&#8221;imgCredits&#8221;:&#8221;\u00a9Getty&#8221;,&#8221;imgCaption&#8221;:&#8221;Natalia Paragoni alla Mostra internazionale del cinema di Venezia&#8221;},&#8221;altBackground&#8221;:true,&#8221;title&#8221;:&#8221;Natalia Paragoni illumina il Lido&#8221;,&#8221;content&#8221;:&#8221;<\/p>\n<p>Alla Mostra internazionale del Cinema di Venezia, Natalia Paragoni sfoggia un outfit stilosissimo in black and white, oltre a uno dei suoi sorrisi pi\u00f9 sinceri. Recentemente l\u2019influenceraveva parlato apertamente della sua malattia sui social. Colpita da linfoma di Hodgkin, Paragoni ha voluto condividere con i suoi follower il momento difficile che sta attraversando. <a href=\"\\&quot;https:\/\/tg24.sky.it\/spettacolo\/2026\/07\/20\/natalia-paragoni-malattia\\&quot;\" data-intcmp=\"\\&quot;skytg24_liveblog_interlink_text\\&quot;\"><strong>Leggi l&#8217;articolo completo.\u00a0<\/strong><\/a><\/p>\n<p>&#8220;,&#8221;postId&#8221;:&#8221;0aa45cab-e4a5-4f8f-a401-b52562852166&#8243;,&#8221;postLink&#8221;:{&#8220;title&#8221;:&#8221;&#8221;,&#8221;url&#8221;:&#8221;&#8221;,&#8221;imageSrc&#8221;:&#8221;&#8221;}},{&#8220;timestamp&#8221;:&#8221;2026-09-03T13:11:48.765Z&#8221;,&#8221;timestampUtcIt&#8221;:&#8221;2026-09-03T15:11:48+0200&#8243;,&#8221;video&#8221;:{&#8220;videoId&#8221;:&#8221;1121722&#8243;,&#8221;videoDescription&#8221;:&#8221;Nel video \\&#8221;Venezia 83, Edoardo Pesce in Il grande Giaffa&#8221;,&#8221;videoPageUrl&#8221;:&#8221;https:\/\/video.sky.it\/news\/spettacolo\/video\/venezia-83-edoardo-pesce-in-il-grande-giaffa-1121722&#8243;},&#8221;altBackground&#8221;:true,&#8221;title&#8221;:&#8221;Venezia 83, Edoardo Pesce in \\&#8221;Il grande Giaffa\\&#8221;&#8221;,&#8221;content&#8221;:&#8221;<\/p>\n<p>\\&#8221;Pi\u00f9 che una tragicommedia \u00e8 una favola nera, che abbiamo evocato anche scegliendo come ambientazione un paese molto isolato, chiuso in se stesso, atemporale. Questa \u00e8 una storia che potrebbe svolgersi ai giorni nostri come vent&#8217;anni fa\\&#8221; spiega il regista sul film a Venezia nella sezione <strong>Giornate degli Autori.<\/strong><\/p>\n<p>&#8220;,&#8221;postId&#8221;:&#8221;33552789-1808-499e-a4dc-69a0badf0264&#8243;,&#8221;postLink&#8221;:{&#8220;title&#8221;:&#8221;&#8221;,&#8221;url&#8221;:&#8221;&#8221;,&#8221;imageSrc&#8221;:&#8221;&#8221;}},{&#8220;timestamp&#8221;:&#8221;2026-09-03T13:05:48.339Z&#8221;,&#8221;timestampUtcIt&#8221;:&#8221;2026-09-03T15:05:48+0200&#8243;,&#8221;image&#8221;:{&#8220;imgSrc&#8221;:&#8221;https:\/\/www.europesays.com\/it\/wp-content\/uploads\/2026\/09\/valeria-marini-Getty.jpg&#8221;,&#8221;imgAlt&#8221;:&#8221;Valeria Marini&#8221;,&#8221;imgCredits&#8221;:&#8221;\u00a9Getty&#8221;,&#8221;imgCaption&#8221;:&#8221;L&#8217;arrivo in laguna della showgirl sarda&#8221;},&#8221;altBackground&#8221;:true,&#8221;title&#8221;:&#8221;I selfie stellari di Valeria Marini &#8220;,&#8221;content&#8221;:&#8221;<\/p>\n<p>Valeria Marini non poteva mancare tra gli ospiti della Mostra del Cinema di Venezia 83, eccola nella foto mentre si diverte a scattare foto regalando baci e selfie stellari.\u00a0<\/p>\n<p>&#8220;,&#8221;postId&#8221;:&#8221;430f9854-4c13-458b-b8a4-ff8ca9ff98f5&#8243;,&#8221;postLink&#8221;:{&#8220;title&#8221;:&#8221;&#8221;,&#8221;url&#8221;:&#8221;&#8221;,&#8221;imageSrc&#8221;:&#8221;&#8221;}},{&#8220;timestamp&#8221;:&#8221;2026-09-03T12:50:59.260Z&#8221;,&#8221;timestampUtcIt&#8221;:&#8221;2026-09-03T14:50:59+0200&#8243;,&#8221;altBackground&#8221;:false,&#8221;title&#8221;:&#8221;Pallaoro vince il Premio Fondazione Mimmo Rotella&#8221;,&#8221;content&#8221;:&#8221;<\/p>\n<p>E&#8217; Andrea Pallaoro, regista di The Echo Chamber, il vincitore della XXV edizione del Premio Fondazione Mimmo Rotella, il riconoscimento che ogni anno, in occasione della Mostra Internazionale d&#8217;Arte Cinematografica di Venezia, celebra il dialogo tra cinema e arti visive. Un&#8217;edizione particolarmente significativa, che coincide con i vent&#8217;anni dalla scomparsa di Mimmo Rotella e rinnova l&#8217;omaggio a uno dei protagonisti pi\u00f9 originali dell&#8217;arte italiana del Novecento e al profondo legame che ha sempre unito la sua ricerca al cinema. La cerimonia di premiazione si terr\u00e0 domani sera alla Collezione Peggy Guggenheim dove il Giardino delle sculture e la terrazza di Palazzo Venier dei Leoni, storica dimora di Peggy Guggenheim e oggi sede della sua collezione, ne rappresentano ancora una volta la cornice ideale.<\/p>\n<p>&#8220;,&#8221;postId&#8221;:&#8221;18ccda0a-9b6a-4585-93da-a6b5da97c413&#8243;,&#8221;postLink&#8221;:{&#8220;title&#8221;:&#8221;&#8221;,&#8221;url&#8221;:&#8221;&#8221;,&#8221;imageSrc&#8221;:&#8221;&#8221;}},{&#8220;timestamp&#8221;:&#8221;2026-09-03T12:47:27.493Z&#8221;,&#8221;timestampUtcIt&#8221;:&#8221;2026-09-03T14:47:27+0200&#8243;,&#8221;image&#8221;:{&#8220;imgSrc&#8221;:&#8221;https:\/\/www.europesays.com\/it\/wp-content\/uploads\/2026\/09\/valentina-cabassi-Getty.jpg&#8221;,&#8221;imgAlt&#8221;:&#8221;Valentina Cabassi&#8221;,&#8221;imgCredits&#8221;:&#8221;\u00a9Getty&#8221;,&#8221;imgCaption&#8221;:&#8221;Valentina Cabassi&#8221;},&#8221;altBackground&#8221;:true,&#8221;title&#8221;:&#8221;Valentina Cabassi incanta il Lido&#8221;,&#8221;content&#8221;:&#8221;<\/p>\n<p>Tra i protagonisti dei film in gara e fuori concorso, numerosi gli ospiti che fanno il loro arrivo a Venezia 83, in foto tutto il glamour di Valentina Cabassi, compagna di vita del raper Ernia\u00a0<\/p>\n<p>&#8220;,&#8221;postId&#8221;:&#8221;b9231c8b-7b71-4362-9555-8e251051ce17&#8243;,&#8221;postLink&#8221;:{&#8220;title&#8221;:&#8221;&#8221;,&#8221;url&#8221;:&#8221;&#8221;,&#8221;imageSrc&#8221;:&#8221;&#8221;}},{&#8220;timestamp&#8221;:&#8221;2026-09-03T12:41:36.492Z&#8221;,&#8221;timestampUtcIt&#8221;:&#8221;2026-09-03T14:41:36+0200&#8243;,&#8221;image&#8221;:{&#8220;imgSrc&#8221;:&#8221;https:\/\/www.europesays.com\/it\/wp-content\/uploads\/2026\/09\/2-matilda-Getty.jpg&#8221;,&#8221;imgAlt&#8221;:&#8221;Nicola Sorcinelli e Matilda De Angelis&#8221;,&#8221;imgCredits&#8221;:&#8221;\u00a9Getty&#8221;,&#8221;imgCaption&#8221;:&#8221;Nicola Sorcinelli e Matilda De Angelis al loro arrivo a Venezia 83&#8243;},&#8221;altBackground&#8221;:true,&#8221;title&#8221;:&#8221;Al Lido sbarcano Nicola Sorcinelli e Matilda De Angelis&#8221;,&#8221;content&#8221;:&#8221;<\/p>\n<p><strong>Nicola Sorcinelli<\/strong> con <strong>Matilda De Angelis<\/strong> (in gara nella sezione <strong>Giornate degli Autori<\/strong>) sorridono al loro arrivo in Laguna<\/p>\n<p>&#8220;,&#8221;postId&#8221;:&#8221;ec8b7791-384a-449f-b317-4124911bb734&#8243;,&#8221;postLink&#8221;:{&#8220;title&#8221;:&#8221;&#8221;,&#8221;url&#8221;:&#8221;&#8221;,&#8221;imageSrc&#8221;:&#8221;&#8221;}},{&#8220;timestamp&#8221;:&#8221;2026-09-03T12:05:26.883Z&#8221;,&#8221;timestampUtcIt&#8221;:&#8221;2026-09-03T14:05:26+0200&#8243;,&#8221;image&#8221;:{&#8220;imgSrc&#8221;:&#8221;https:\/\/www.europesays.com\/it\/wp-content\/uploads\/2026\/09\/matilda de Angelis getty.jpg&#8221;,&#8221;imgAlt&#8221;:&#8221;                        &#8220;,&#8221;imgCredits&#8221;:&#8221;\u00a9Getty&#8221;,&#8221;imgCaption&#8221;:null},&#8221;altBackground&#8221;:true,&#8221;title&#8221;:&#8221;Matilda De Angelis sbarca al Lido&#8221;,&#8221;content&#8221;:&#8221;<\/p>\n<p><strong>Matilda De Angelis<\/strong> \u00e8 appena arrivata al Lido, accolta da fotografi e fan presenti nell&#8217;area degli sbarchi. L&#8217;attrice ha salutato i presenti prima di dirigersi verso gli appuntamenti della giornata della Mostra.<\/p>\n<p>&#8220;,&#8221;postId&#8221;:&#8221;abef662c-300f-4c2e-8eba-95271cd42f23&#8243;,&#8221;postLink&#8221;:{&#8220;title&#8221;:&#8221;&#8221;,&#8221;url&#8221;:&#8221;&#8221;,&#8221;imageSrc&#8221;:&#8221;&#8221;}},{&#8220;timestamp&#8221;:&#8221;2026-09-03T11:39:27.240Z&#8221;,&#8221;timestampUtcIt&#8221;:&#8221;2026-09-03T13:39:27+0200&#8243;,&#8221;image&#8221;:{&#8220;imgSrc&#8221;:&#8221;https:\/\/www.europesays.com\/it\/wp-content\/uploads\/2026\/09\/GettyImages-2293315573.jpg&#8221;,&#8221;imgAlt&#8221;:&#8221;                            &#8220;,&#8221;imgCredits&#8221;:&#8221;\u00a9Getty&#8221;,&#8221;imgCaption&#8221;:&#8221;Nella foto il regista Werner Herzog insieme agli interpreti del film durante il photocall al Festival di Venezia&#8221;},&#8221;video&#8221;:{&#8220;videoId&#8221;:&#8221;1121674&#8243;,&#8221;videoPageUrl&#8221;:&#8221;https:\/\/video.sky.it\/news\/spettacolo\/video\/venezia-83-herzog-bucking-fastard-1121674&#8243;},&#8221;altBackground&#8221;:true,&#8221;title&#8221;:&#8221;Buckin Fastard, terminata la conferenza stampa  con Werner Herzog, le sorelle Mara e Orlando Bloom&#8221;,&#8221;content&#8221;:&#8221;<\/p>\n<p>Presentato alla stampa Buckin Fastard, il nuovo film di Werner Herzog in concorso. Sul palco del Festival erano presenti il regista e il cast composto da Kate Mara, Rooney Mara, Orlando Bloom e Domhnall Gleeson.<\/p>\n<p>\\n<\/p>\n<p>Tra i titoli pi\u00f9 attesi di questa terza giornata della Mostra, Buckin Fastard ha gi\u00e0 attirato l&#8217;attenzione di stampa e appassionati, mentre nelle prossime ore il cast sar\u00e0 protagonista anche sul red carpet del Lido.<\/p>\n<p>&#8220;,&#8221;postId&#8221;:&#8221;c2956516-762a-4aaf-8c0f-8645b13c905c&#8221;,&#8221;postLink&#8221;:{&#8220;title&#8221;:&#8221;&#8221;,&#8221;url&#8221;:&#8221;&#8221;,&#8221;imageSrc&#8221;:&#8221;&#8221;}},{&#8220;timestamp&#8221;:&#8221;2026-09-03T11:26:55.440Z&#8221;,&#8221;timestampUtcIt&#8221;:&#8221;2026-09-03T13:26:55+0200&#8243;,&#8221;image&#8221;:{&#8220;imgSrc&#8221;:&#8221;https:\/\/www.europesays.com\/it\/wp-content\/uploads\/2026\/09\/John Malkovich getty.jpg&#8221;,&#8221;imgAlt&#8221;:&#8221;                                    &#8220;,&#8221;imgCredits&#8221;:&#8221;\u00a9Getty&#8221;,&#8221;imgCaption&#8221;:&#8221;John Malkovich&#8221;},&#8221;altBackground&#8221;:true,&#8221;title&#8221;:&#8221;Ancora stelle sul red carpet del Lido&#8221;,&#8221;content&#8221;:&#8221;<\/p>\n<p>Prosegue la parata di star alla Mostra del Cinema di Venezia. Tra gli arrivi pi\u00f9 attesi di oggi ci sono Kate e Rooney Mara, Orlando Bloom e Domhnall Gleeson, protagonisti di Buckin Fastard, il nuovo film di Werner Herzog.<\/p>\n<p>\\n<\/p>\n<p>Grande attesa anche per il cast di Wild Horse Nine di Martin McDonagh, che porta al Lido nomi del calibro di John Malkovich, Sam Rockwell e Steve Buscemi.<\/p>\n<p>\\n<\/p>\n<p>Sul tappeto rosso spazio anche al cinema italiano con Alessandro Borghi, Valeria Golino e Valerio Mastandrea tra i volti annunciati per la giornata.<\/p>\n<p>&#8220;,&#8221;postId&#8221;:&#8221;93492f98-b5ed-4d24-9b8c-fee86a38f268&#8243;,&#8221;postLink&#8221;:{&#8220;title&#8221;:&#8221;&#8221;,&#8221;url&#8221;:&#8221;&#8221;,&#8221;imageSrc&#8221;:&#8221;&#8221;}},{&#8220;timestamp&#8221;:&#8221;2026-09-03T11:15:28.958Z&#8221;,&#8221;timestampUtcIt&#8221;:&#8221;2026-09-03T13:15:28+0200&#8243;,&#8221;image&#8221;:{&#8220;imgSrc&#8221;:&#8221;https:\/\/www.europesays.com\/it\/wp-content\/uploads\/2026\/09\/IPA_Agency_IPA49130695 (1).jpg&#8221;,&#8221;imgAlt&#8221;:&#8221;                                &#8220;,&#8221;imgCredits&#8221;:&#8221;\u00a9IPA\/Fotogramma&#8221;,&#8221;imgCaption&#8221;:&#8221;Alberto Barbera&#8221;},&#8221;altBackground&#8221;:true,&#8221;title&#8221;:&#8221;Barbera, mostra da record; +14% di pubblico&#8221;,&#8221;content&#8221;:&#8221;<\/p>\n<p>\u00abLa cerimonia \u00e8 andata molto bene. \u00c8 stata molto bella ed emozionante, con discorsi bellissimi. Non \u00e8 stata troppo lunga, perch\u00e9 ce la siamo cavata in 50 minuti. Mi sembra che il film abbia riscosso un buon successo e quindi credo che ci sia ben poco di cui lamentarsi. \u00c8 stata una buona partenza e spero che sia di buon auspicio per questa edizione della Mostra\u00bb.<\/p>\n<p>\\n<\/p>\n<p>A fare il punto, il giorno successivo all&#8217;apertura ufficiale dell&#8217;83\u00aa Mostra Internazionale d&#8217;Arte Cinematografica, \u00e8 il direttore Alberto Barbera. Alla sua quindicesima direzione consecutiva, intercettato nei corridoi dell&#8217;Hotel Excelsior, a pochi minuti dall&#8217;inaugurazione dell&#8217;Italian Pavilion, non si sottrae alle domande dei giornalisti.<\/p>\n<p>\\n<\/p>\n<p>\u00abAbbiamo venduto il 14% di biglietti in pi\u00f9 rispetto all&#8217;anno scorso. Non era scontato, viste le difficolt\u00e0 economiche e l&#8217;assenza di molti film americani e di star hollywoodiane\u00bb, ha aggiunto. \u00abEvidentemente la gente viene al Festival non soltanto per i divi, ma per l&#8217;evento, per i film e per condividere un&#8217;esperienza\u00bb.<\/p>\n<p>\\n<\/p>\n<p>Un&#8217;edizione che registra dunque un trend di crescita costante e che punta soprattutto sulla vitalit\u00e0 del pubblico e sul ricambio generazionale nelle sale.<\/p>\n<p>\\n<\/p>\n<p>\u00abIn 15 anni ho visto cambiare il pubblico con una velocit\u00e0 impressionante\u00bb, sottolinea Barbera. \u00abLa vecchia generazione di critici e cinefili sta scomparendo per motivi anagrafici, ma la cosa straordinaria \u00e8 che c&#8217;\u00e8 un pubblico giovanissimo, tra i 16 e i 25 anni, che ha la stessa curiosit\u00e0 e passione che avevamo noi da ragazzi\u00bb.<\/p>\n<p>\\n<\/p>\n<p>Le statistiche confermano che i giovani stanno tornando al cinema, magari attirati inizialmente dai grandi blockbuster, ma pronti poi a tornare in sala per scoprire film pi\u00f9 difficili e impegnativi.<\/p>\n<p>&#8220;,&#8221;postId&#8221;:&#8221;d356ec6c-7263-4b1c-89d3-74e781cf1db5&#8243;,&#8221;postLink&#8221;:{&#8220;title&#8221;:&#8221;&#8221;,&#8221;url&#8221;:&#8221;&#8221;,&#8221;imageSrc&#8221;:&#8221;&#8221;}},{&#8220;timestamp&#8221;:&#8221;2026-09-03T11:00:00.529Z&#8221;,&#8221;timestampUtcIt&#8221;:&#8221;2026-09-03T13:00:00+0200&#8243;,&#8221;altBackground&#8221;:false,&#8221;title&#8221;:&#8221;Wild Horse Nine, la conferenza stampa a Venezia&#8221;,&#8221;content&#8221;:&#8221;<\/p>\n<p>Martin McDonagh presenta al Lido Wild Horse Nine, in concorso all\u201983\u00aa Mostra del Cinema di Venezia. La storia \u00e8 ambientata poco prima del colpo di Stato cileno del 1973, con due agenti della CIA inviati all\u2019Isola di Pasqua. Nel cast John Malkovich, Sam Rockwell, Steve Buscemi, Mariana Di Girolamo, Tom Waits e Parker Posey.\\nUna commedia nera che intreccia intrighi politici, passato e cospirazioni sullo sfondo di un luogo remoto e simbolico.<\/p>\n<p>&#8220;,&#8221;postId&#8221;:&#8221;37748a27-8221-43f9-a414-9458ef27bf41&#8243;,&#8221;postLink&#8221;:{&#8220;title&#8221;:&#8221;&#8221;,&#8221;url&#8221;:&#8221;&#8221;,&#8221;imageSrc&#8221;:&#8221;&#8221;}},{&#8220;timestamp&#8221;:&#8221;2026-09-03T10:55:19.280Z&#8221;,&#8221;timestampUtcIt&#8221;:&#8221;2026-09-03T12:55:19+0200&#8243;,&#8221;altBackground&#8221;:false,&#8221;title&#8221;:&#8221;Buttafuoco: \\&#8221;Venezia \u00e8 un appuntamento per raccontare contesto\\&#8221;&#8221;,&#8221;content&#8221;:&#8221;<\/p>\n<p>\\&#8221;\u00c8 il mondo che si d\u00e0 appuntamento a Venezia per raccontare il contesto, lo Zeitgeist di quel che l\u2019industria cinematografica fa\\&#8221;. Lo ha sottolineato il presidente della Fondazione La Biennale di Venezia, Pietrangelo Buttafuoco, intervenendo all\u2019inaugurazione dell\u2019Italian Pavilion al Lido di Venezia.<\/p>\n<p>\\n<\/p>\n<p>Nel delineare la centralit\u00e0 della Biennale, Buttafuoco ha ricordato la \\&#8221;meritoria, meravigliosa, importante, potente direzione di Alberto Barbera\\&#8221; e il ruolo di Venezia nell\u2019offrire al mondo \\&#8221;l\u2019identit\u00e0 speciale d\u2019Italia\\&#8221; attraverso il cinema.<\/p>\n<p>\\n<\/p>\n<p>Un grande racconto italiano che arriva fino ai giorni nostri e che, secondo Buttafuoco, rappresenta \\&#8221;l\u2019unico ambito in cui non risultiamo pittoreschi, ma geniali\\&#8221;.<\/p>\n<p>&#8220;,&#8221;postId&#8221;:&#8221;4848551d-c71d-4b43-8336-35e405624e0f&#8221;,&#8221;postLink&#8221;:{&#8220;title&#8221;:&#8221;&#8221;,&#8221;url&#8221;:&#8221;&#8221;,&#8221;imageSrc&#8221;:&#8221;&#8221;}},{&#8220;timestamp&#8221;:&#8221;2026-09-03T10:52:57.795Z&#8221;,&#8221;timestampUtcIt&#8221;:&#8221;2026-09-03T12:52:57+0200&#8243;,&#8221;altBackground&#8221;:false,&#8221;title&#8221;:&#8221;Giuli: \\&#8221;Mostra di Venezia un luogo dove prevale il dialogo sullo spirito di parte\\&#8221;&#8221;,&#8221;content&#8221;:&#8221;<\/p>\n<p>\\&#8221;Mi piace pensare che si arrivi a questo straordinario appuntamento della Biennale cinematografica di Venezia con uno stil novo, cio\u00e8 la capacit\u00e0 di far prevalere il dialogo sullo spirito di parte. Questo \u00e8 fondamentale per tutti, per la politica, per la coscienza civile di tutti noi, ma anche perch\u00e9 non bisogna mai dimenticare quale \u00e8 il contesto in tutto ci\u00f2 avviene\\&#8221;. Lo ha detto il ministro della Cultura Alessandro Giuli all&#8217;inaugurazione dello spazio Italian Pavilion, organizzato da Cinecitt\u00e0 a Lido per la direzione generale Cinema e Audiovisivo del ministero della Cultura. \\&#8221;Il contesto \u00e8 un mondo attraversato da guerre, da nuove cortine di ferro, da terribili nuovi fabbisogni di vita, di chi la sta perdendo, di libert\u00e0 &#8211; ha sottolineato -, di fabbisogno culturale. Bisogna sempre ricordarsi che noi facciamo parte del mondo libero. La critica, l&#8217;autocritica il confronto anche aspro tra persone che si stimano, si vogliono bene e tra persone che hanno visioni del mondo a volte anche irriducibili le une con le altre pu\u00f2 avvenire soltanto nel mondo libero. Da una disfatta militare ci si pu\u00f2 riprendere, si rinasce fin dall&#8217;antichit\u00e0, da una disfatta culturale non ci si riprender\u00e0 mai e noi dobbiamo continuare con le nostre mille benedette contraddizioni a rappresentare la libert\u00e0\\&#8221;.\u00a0<\/p>\n<p>&#8220;,&#8221;postId&#8221;:&#8221;1e6a0363-7662-41b8-82de-241900434e63&#8243;,&#8221;postLink&#8221;:{&#8220;title&#8221;:&#8221;&#8221;,&#8221;url&#8221;:&#8221;&#8221;,&#8221;imageSrc&#8221;:&#8221;&#8221;}},{&#8220;timestamp&#8221;:&#8221;2026-09-03T10:27:48.694Z&#8221;,&#8221;timestampUtcIt&#8221;:&#8221;2026-09-03T12:27:48+0200&#8243;,&#8221;image&#8221;:{&#8220;imgSrc&#8221;:&#8221;https:\/\/www.europesays.com\/it\/wp-content\/uploads\/2026\/09\/GettyImages-2293306865.jpg&#8221;,&#8221;imgAlt&#8221;:&#8221;Matilda De Angelis e Nicola Sorcinelli&#8221;,&#8221;imgCredits&#8221;:&#8221;\u00a9Getty&#8221;,&#8221;imgCaption&#8221;:null},&#8221;altBackground&#8221;:true,&#8221;title&#8221;:&#8221;Matilda De Angelis e Nicola Sorcinelli al Lido&#8221;,&#8221;content&#8221;:&#8221;<\/p>\n<p>Matilda De Angelis e Nicola Sorcinelli al Lido di Venezia in occasione dell\u201983\u00aa Mostra del Cinema.\\nL\u2019attrice e il regista presentano Balcanica, opera prima di Sorcinelli e unico film italiano in concorso alle Giornate degli Autori.\\nDe Angelis \u00e8 protagonista e produttrice associata del film, che racconta la fuga di un padre e un figlio dall\u2019Afghanistan lungo la rotta balcanica.<\/p>\n<p>&#8220;,&#8221;postId&#8221;:&#8221;13ca3d0b-a6e4-45e4-bc35-4cf9831cf946&#8243;,&#8221;postLink&#8221;:{&#8220;title&#8221;:&#8221;&#8221;,&#8221;url&#8221;:&#8221;&#8221;,&#8221;imageSrc&#8221;:&#8221;&#8221;}},{&#8220;timestamp&#8221;:&#8221;2026-09-03T10:24:21.007Z&#8221;,&#8221;timestampUtcIt&#8221;:&#8221;2026-09-03T12:24:21+0200&#8243;,&#8221;image&#8221;:{&#8220;imgSrc&#8221;:&#8221;https:\/\/www.europesays.com\/it\/wp-content\/uploads\/2026\/09\/GettyImages-2293305615.jpg&#8221;,&#8221;imgAlt&#8221;:&#8221;Matilda De Angelis&#8221;,&#8221;imgCredits&#8221;:&#8221;\u00a9Getty&#8221;,&#8221;imgCaption&#8221;:null},&#8221;altBackground&#8221;:true,&#8221;title&#8221;:&#8221;Matilda De Angelis, l\u2019arrivo al Lido di Venezia&#8221;,&#8221;content&#8221;:&#8221;<\/p>\n<p>Matilda De Angelis arriva al Lido di Venezia in occasione dell\u201983\u00aa Mostra del Cinema. L\u2019attrice \u00e8 protagonista di uno degli appuntamenti della giornata dedicati al cinema italiano. A Venezia presenta anche il nuovo progetto Balcanica di Nicola Sorcinelli, atteso tra gli eventi della Mostra.<\/p>\n<p>&#8220;,&#8221;postId&#8221;:&#8221;176b467f-b61c-4bc5-a11e-c1baf5299e51&#8243;,&#8221;postLink&#8221;:{&#8220;title&#8221;:&#8221;&#8221;,&#8221;url&#8221;:&#8221;&#8221;,&#8221;imageSrc&#8221;:&#8221;&#8221;}},{&#8220;timestamp&#8221;:&#8221;2026-09-03T10:18:06.136Z&#8221;,&#8221;timestampUtcIt&#8221;:&#8221;2026-09-03T12:18:06+0200&#8243;,&#8221;altBackground&#8221;:false,&#8221;title&#8221;:&#8221;Everest: The Other Side, la conferenza stampa a Venezia&#8221;,&#8221;content&#8221;:&#8221;<\/p>\n<p>Alla Mostra di Venezia la conferenza stampa di Everest: The Other Side, presentato <strong>fuori concorso nella sezione Venezia Open<\/strong>.\\nIl documentario di Elizabeth Chai Vasarhelyi e Jimmy Chin racconta la storia d\u2019amore e la sfida estrema degli alpinisti Jim Morrison e Hilaree Nelson.\\nAl centro, il sogno di affrontare la parete Nord dell\u2019Everest e realizzare una discesa con gli sci mai compiuta prima.\\nUn racconto di ambizione, rischio e perdita, attraverso immagini spettacolari e una forte dimensione umana.<\/p>\n<p>&#8220;,&#8221;postId&#8221;:&#8221;5782c542-7e63-4000-86ca-0cc0a3306614&#8243;,&#8221;postLink&#8221;:{&#8220;title&#8221;:&#8221;&#8221;,&#8221;url&#8221;:&#8221;&#8221;,&#8221;imageSrc&#8221;:&#8221;&#8221;}},{&#8220;timestamp&#8221;:&#8221;2026-09-03T09:53:23.975Z&#8221;,&#8221;timestampUtcIt&#8221;:&#8221;2026-09-03T11:53:23+0200&#8243;,&#8221;altBackground&#8221;:false,&#8221;title&#8221;:&#8221;Barbera: \\&#8221;Bandiera Palestina? Non ci sono margini\\&#8221;&#8221;,&#8221;content&#8221;:&#8221;<\/p>\n<p>Sull&#8217;issare la bandiera palestinese \\&#8221;non ci sono margini, nel senso che la Biennale pu\u00f2 esporre soltanto le bandiere degli Stati riconosciuti dal governo italiano\\&#8221;. Lo dice il direttore della Mostra del Cinema di Venezia Alberto Barbera rispondendo ai giornalisti prima dell&#8217;apertura dell&#8217;Italian Pavilion al Lido. \\&#8221;Il governo italiano \u00e8 uno dei pochi che non ha ancora riconosciuto la Palestina, allora la domanda non va rivolta a noi ma allo Stato italiano. Per quanto riguarda la nostra posizione, la Biennale &#8211; sottolinea &#8211; non fa dichiarazioni politiche, non prende partito direttamente, lo fa attraverso il lavoro che svolge, attraverso i film che propone, attraverso la difesa assoluta e rigorosa della libert\u00e0 di espressione a creazione di un spazio aperto a tutti di discussione e di confronto\\&#8221;.\u00a0<\/p>\n<p>&#8220;,&#8221;postId&#8221;:&#8221;9f09583f-5c69-4b81-a46a-828d58b6245f&#8221;,&#8221;postLink&#8221;:{&#8220;title&#8221;:&#8221;&#8221;,&#8221;url&#8221;:&#8221;&#8221;,&#8221;imageSrc&#8221;:&#8221;&#8221;}},{&#8220;timestamp&#8221;:&#8221;2026-09-03T09:43:05.506Z&#8221;,&#8221;timestampUtcIt&#8221;:&#8221;2026-09-03T11:43:05+0200&#8243;,&#8221;image&#8221;:{&#8220;imgSrc&#8221;:&#8221;https:\/\/www.europesays.com\/it\/wp-content\/uploads\/2026\/09\/GettyImages-2293291702.jpg&#8221;,&#8221;imgAlt&#8221;:&#8221;Laura Dern&#8221;,&#8221;imgCredits&#8221;:&#8221;\u00a9Getty&#8221;,&#8221;imgCaption&#8221;:null},&#8221;altBackground&#8221;:true,&#8221;title&#8221;:&#8221;Laura Dern, ancora protagonista al Lido di Venezia&#8221;,&#8221;content&#8221;:&#8221;<\/p>\n<p>Oggi Laura Dern resta una delle presenze pi\u00f9 significative al Lido, dopo aver consegnato ieri sera il Leone d\u2019Oro alla carriera a George Clooney. I due sono tornati a condividere la scena dopo Jay Kelly, il film di Noah Baumbach presentato in concorso a Venezia nel 2025. Un legame artistico che si intreccia con una lunga storia personale della Dern con la Mostra, dove \u00e8 tornata pi\u00f9 volte nel corso della sua carriera.<\/p>\n<p>&#8220;,&#8221;postId&#8221;:&#8221;50cdc3a3-ac3b-45b7-b108-fde587f97173&#8243;,&#8221;postLink&#8221;:{&#8220;title&#8221;:&#8221;&#8221;,&#8221;url&#8221;:&#8221;&#8221;,&#8221;imageSrc&#8221;:&#8221;&#8221;}},{&#8220;timestamp&#8221;:&#8221;2026-09-03T09:36:00.322Z&#8221;,&#8221;timestampUtcIt&#8221;:&#8221;2026-09-03T11:36:00+0200&#8243;,&#8221;image&#8221;:{&#8220;imgSrc&#8221;:&#8221;https:\/\/www.europesays.com\/it\/wp-content\/uploads\/2026\/09\/GettyImages-2293289002.jpg&#8221;,&#8221;imgAlt&#8221;:&#8221;Foto di gruppo&#8221;,&#8221;imgCredits&#8221;:null,&#8221;imgCaption&#8221;:null},&#8221;altBackground&#8221;:true,&#8221;title&#8221;:&#8221;Carlotta Gamba, Marco Santi, Edoardo Pesce e Barbara Chichiarelli al Lido&#8221;,&#8221;content&#8221;:&#8221;<\/p>\n<p>Marco Santi, Edoardo Pesce, Carlotta Gamba e Barbara Chichiarelli al Lido di Venezia per l\u201983\u00aa Mostra del Cinema.\\nIl regista e gli attori presentano Il grande Giaffa, opera prima di Santi e film d\u2019apertura della Settimana Internazionale della Critica. Nel cast Pesce interpreta Giacomo Falta, un uomo ai margini che cerca di reinventarsi inseguendo l\u2019identit\u00e0 di un altro.<\/p>\n<p>&#8220;,&#8221;postId&#8221;:&#8221;8e282d0f-2f14-46d5-8e55-cddab02ab149&#8243;,&#8221;postLink&#8221;:{&#8220;title&#8221;:&#8221;&#8221;,&#8221;url&#8221;:&#8221;&#8221;,&#8221;imageSrc&#8221;:&#8221;&#8221;}},{&#8220;timestamp&#8221;:&#8221;2026-09-03T09:35:00.078Z&#8221;,&#8221;timestampUtcIt&#8221;:&#8221;2026-09-03T11:35:00+0200&#8243;,&#8221;altBackground&#8221;:false,&#8221;title&#8221;:&#8221;La ragazza con la Leica, la recensione del film di Alina Marazzi su Gerda Taro&#8221;,&#8221;content&#8221;:&#8221;<\/p>\n<p>Il <strong>film<\/strong> La ragazza con la Leica di <strong>Alina Marazzi<\/strong>, liberamente ispirato all&#8217;omonimo romanzo di Helena Janeczek vincitore del Premio Strega nel 2018, ha aperto la sezione <strong>Orizzonti<\/strong> della 83\u00aa edizione della Mostra Internazionale del Cinema di Venezia.<\/p>\n<p>\\n\\n<\/p>\n<p>Girato in Super8 e 16mm e intrecciato a immagini di repertorio, ha il suo perno nell\u2019ultimo giorno parigino di <strong>Gerda Taro<\/strong>, prima fotoreporter donna caduta sul campo di battaglia, ma si muove tra flashback e un presente immaginato. Tra esilio, amore con Robert Capa e la Leica come strumento di lotta, la regista della memoria restituisce alla fotografa un volto e uno sguardo che il mito del compagno aveva lasciato in ombra.<\/p>\n<p>&#8220;,&#8221;postId&#8221;:&#8221;44291ae8-050d-497d-b293-15d05bf5e93d&#8221;,&#8221;postLink&#8221;:{&#8220;title&#8221;:&#8221;Venezia 2026,  La ragazza con la Leica: la recensione del film&#8221;,&#8221;url&#8221;:&#8221;https:\/\/tg24.sky.it\/spettacolo\/cinema\/2026\/09\/02\/la-ragazza-con-la-leica-film-recensione&#8221;,&#8221;imageSrc&#8221;:&#8221;https:\/\/tg24.sky.it\/assets\/images\/b28c6e466a322ea002420a60a4d6d87f5ef0a104\/skytg24\/it\/spettacolo\/cinema\/2026\/09\/02\/la-ragazza-con-la-leica-recensione\/114329-LA_RAGAZZA_CON_LA_LEICA__THE_GIRL_WITH_THE_LEICA__-_Actress_Emilia_Sch__le__Credits_Manuel_Alberto_Claro___1_.jpg?im=Resize,width=1218&#8243;}},{&#8220;timestamp&#8221;:&#8221;2026-09-03T09:28:58.566Z&#8221;,&#8221;timestampUtcIt&#8221;:&#8221;2026-09-03T11:28:58+0200&#8243;,&#8221;video&#8221;:{&#8220;videoId&#8221;:&#8221;1121656&#8243;,&#8221;videoPageUrl&#8221;:&#8221;https:\/\/video.sky.it\/news\/spettacolo\/cinema\/video\/mostra-cinema-venezia-2026-programma-3-settembre-1121656&#8243;},&#8221;altBackground&#8221;:true,&#8221;postId&#8221;:&#8221;3441c2a8-0bec-465b-bfc1-188af45e7aa8&#8243;,&#8221;postLink&#8221;:{&#8220;title&#8221;:&#8221;&#8221;,&#8221;url&#8221;:&#8221;&#8221;,&#8221;imageSrc&#8221;:&#8221;&#8221;}},{&#8220;timestamp&#8221;:&#8221;2026-09-03T09:25:00.963Z&#8221;,&#8221;timestampUtcIt&#8221;:&#8221;2026-09-03T11:25:00+0200&#8243;,&#8221;altBackground&#8221;:false,&#8221;title&#8221;:&#8221;Ink di Danny Boyle inaugura il concorso della Mostra del Cinema di Venezia. La recensione&#8221;,&#8221;content&#8221;:&#8221;<\/p>\n<p><strong>Danny Boyle<\/strong> ha inaugurato il <strong>Concorso<\/strong> della 83\u00aa <strong>edizione della Mostra del Cinema di Venezia<\/strong> con il <strong>film<\/strong> Ink, il ritratto febbrile della trasformazione del Sun e della nascita del tabloid moderno.<\/p>\n<p>\\n\\n<\/p>\n<p>Londra, 1969: il giovane magnate Rupert Murdoch (<strong>Guy Pearce<\/strong>) rileva il giornale e affida a Larry Lamb (<strong>Jack O&#8217;Connell<\/strong>) il compito di scalzare il Daily Mirror in un solo anno. Tratto dalla pi\u00e8ce di James Graham e con <strong>Claire Foy<\/strong>, il film corre come una rapina e trasforma la fabbrica del giornale in un organismo pulsante. Ma dietro i titoli urlati si nasconde una domanda che ci riguarda tutti: quel giornale ha generato l&#8217;informazione di oggi o ne \u00e8 stata la prima, lucida conseguenza?<\/p>\n<p>&#8220;,&#8221;postId&#8221;:&#8221;4dd10446-e05e-4828-8d47-1d6b089e1ba7&#8243;,&#8221;postLink&#8221;:{&#8220;title&#8221;:&#8221;Ink di Danny Boyle alla Mostra del Cinema di Venezia. La recensione&#8221;,&#8221;url&#8221;:&#8221;https:\/\/tg24.sky.it\/spettacolo\/cinema\/2026\/09\/02\/ink-film-recensione&#8221;,&#8221;imageSrc&#8221;:&#8221;https:\/\/tg24.sky.it\/assets\/images\/b1a4bdd00ecf687f756abd4e5a51ba07ddcc4627\/skytg24\/it\/spettacolo\/cinema\/2026\/09\/02\/ink-film-recensione\/114413-INK_-_Guy_Pearce_and_Jack_O_Connel___Credits_Anthony_Dickenson_STUDIOCANAL_SAS___1_.jpg?im=Resize,width=1218&#8243;}},{&#8220;timestamp&#8221;:&#8221;2026-09-03T09:15:00.248Z&#8221;,&#8221;timestampUtcIt&#8221;:&#8221;2026-09-03T11:15:00+0200&#8243;,&#8221;video&#8221;:{&#8220;videoId&#8221;:&#8221;1121595&#8243;,&#8221;videoPageUrl&#8221;:&#8221;https:\/\/video.sky.it\/news\/spettacolo\/video\/george-clooney-come-mastroianni-no-lui-e-il-massimo-1121595&#8243;},&#8221;altBackground&#8221;:true,&#8221;title&#8221;:&#8221;George Clooney: \\&#8221;Come Mastroianni? No, lui \u00e8 il massimo\\&#8221;&#8221;,&#8221;content&#8221;:&#8221;<\/p>\n<p>\\&#8221;Sono come <strong>Marcello Mastroianni<\/strong>? No! Lui \u00e8 il massimo, lui \u00e8 il re\\&#8221;, ha detto <strong>George Clooney <\/strong>ai microfoni di Sky TG24.<\/p>\n<p>&#8220;,&#8221;postId&#8221;:&#8221;b7304063-334e-4564-a0e6-4052b6ae2f9a&#8221;,&#8221;postLink&#8221;:{&#8220;title&#8221;:&#8221;&#8221;,&#8221;url&#8221;:&#8221;&#8221;,&#8221;imageSrc&#8221;:&#8221;&#8221;}},{&#8220;timestamp&#8221;:&#8221;2026-09-03T09:05:00.447Z&#8221;,&#8221;timestampUtcIt&#8221;:&#8221;2026-09-03T11:05:00+0200&#8243;,&#8221;altBackground&#8221;:false,&#8221;title&#8221;:&#8221;Il red carpet della cerimonia di apertura, da Greta Scarano a Bianca Balti&#8221;,&#8221;content&#8221;:&#8221;<\/p>\n<p>Si \u00e8 alzato il sipario sulla 83\u00aa edizione della Mostra Internazionale del Cinema di Venezia, e per la <strong>cerimonia di apertura<\/strong> le star hanno indossato l&#8217;abito da sera. Gli abiti scuri, il pizzo e i drappeggi hanno caratterizzato la maggior parte dei look glamour, da <strong>Jonathan Bailey<\/strong>, a <strong>Nicholas Galitzine<\/strong>, fino a <strong>Damian Hardung<\/strong>.<\/p>\n<p>&#8220;,&#8221;postId&#8221;:&#8221;91278b3f-233a-4a1b-8062-81c0e78a85f1&#8243;,&#8221;postLink&#8221;:{&#8220;title&#8221;:&#8221;Mostra Cinema Venezia 2026, il red carpet della cerimonia di apertura&#8221;,&#8221;url&#8221;:&#8221;https:\/\/tg24.sky.it\/spettacolo\/cinema\/2026\/09\/02\/look-venezia-red-carpet-apertura&#8221;,&#8221;imageSrc&#8221;:&#8221;https:\/\/tg24.sky.it\/assets\/images\/d9a51b446c089bab150bb6e2a52af98a55fed8d1\/skytg24\/it\/spettacolo\/cinema\/2026\/09\/02\/look-venezia-red-carpet-apertura\/look-venezia-red-carpet-apertura-getty24.jpg?im=Resize,width=1218&#8243;}},{&#8220;timestamp&#8221;:&#8221;2026-09-03T09:01:25.525Z&#8221;,&#8221;timestampUtcIt&#8221;:&#8221;2026-09-03T11:01:25+0200&#8243;,&#8221;image&#8221;:{&#8220;imgSrc&#8221;:&#8221;https:\/\/www.europesays.com\/it\/wp-content\/uploads\/2026\/09\/GettyImages-2293290317.jpg&#8221;,&#8221;imgAlt&#8221;:&#8221;Fabio Testi&#8221;,&#8221;imgCredits&#8221;:&#8221;\u00a9Getty&#8221;,&#8221;imgCaption&#8221;:null},&#8221;altBackground&#8221;:true,&#8221;title&#8221;:&#8221;Fabio Testi, il ritorno al Lido di Venezia&#8221;,&#8221;content&#8221;:&#8221;<\/p>\n<p>Fabio Testi \u00e8 arrivato al Lido di Venezia in occasione dell\u201983\u00aa Mostra del Cinema. L\u2019attore, volto storico del cinema italiano, \u00e8 tra gli ospiti della manifestazione. Per lui un ritorno nella citt\u00e0 che da decenni celebra il grande cinema internazionale.<\/p>\n<p>&#8220;,&#8221;postId&#8221;:&#8221;dbf22928-df7b-4e7b-8d40-2cc2eb59f578&#8243;,&#8221;postLink&#8221;:{&#8220;title&#8221;:&#8221;&#8221;,&#8221;url&#8221;:&#8221;&#8221;,&#8221;imageSrc&#8221;:&#8221;&#8221;}},{&#8220;timestamp&#8221;:&#8221;2026-09-03T08:58:43.826Z&#8221;,&#8221;timestampUtcIt&#8221;:&#8221;2026-09-03T10:58:43+0200&#8243;,&#8221;altBackground&#8221;:false,&#8221;title&#8221;:&#8221;Venezia cinema, ancora Clooney protagonista a seconda giornata&#8221;,&#8221;content&#8221;:&#8221;<\/p>\n<p>Dopo il Leone d\u2019Oro alla Carriera ricevuto nella cerimonia inaugurale, George Clooney torna al centro della seconda giornata della Mostra del Cinema di Venezia con una masterclass alla Match Point Arena del Tennis Club Venezia, dove incontrer\u00e0 il pubblico e racconter\u00e0 il suo percorso artistico.<\/p>\n<p>\\n<\/p>\n<p>Sul fronte del concorso, riflettori puntati su Wild Horse Nine di Martin McDonagh, ambientato in Cile e interpretato da un cast che riunisce John Malkovich, Sam Rockwell, Steve Buscemi, Tom Waits e Parker Posey. Attesa anche per Bucking Fastard di Werner Herzog, con Rooney Mara, Kate Mara, Orlando Bloom e Domhnall Gleeson.<\/p>\n<p>\\n<\/p>\n<p>Tra gli appuntamenti italiani spicca invece la prima proiezione fuori concorso di Nessun dolore di Gianni Amelio, con Alessandro Borghi, Valeria Golino e Valerio Mastandrea. La giornata si apre inoltre con l\u2019inaugurazione dell\u2019Italian Pavilion all\u2019Hotel Excelsior, dedicato all\u2019industria cinematografica italiana.<\/p>\n<p>&#8220;,&#8221;postId&#8221;:&#8221;2daa8b4f-80f1-40a2-844a-fb79de4d4d69&#8243;,&#8221;postLink&#8221;:{&#8220;title&#8221;:&#8221;&#8221;,&#8221;url&#8221;:&#8221;&#8221;,&#8221;imageSrc&#8221;:&#8221;&#8221;}},{&#8220;timestamp&#8221;:&#8221;2026-09-03T08:55:00.127Z&#8221;,&#8221;timestampUtcIt&#8221;:&#8221;2026-09-03T10:55:00+0200&#8243;,&#8221;video&#8221;:{&#8220;videoId&#8221;:&#8221;1121621&#8243;,&#8221;videoPageUrl&#8221;:&#8221;https:\/\/video.sky.it\/news\/spettacolo\/video\/venezia-83-al-via-con-clooney-e-boyle-1121621&#8243;},&#8221;altBackground&#8221;:true,&#8221;title&#8221;:&#8221;Il riassunto della prima giornata&#8221;,&#8221;content&#8221;:&#8221;<\/p>\n<p>Il 2 settembre 2026 la <strong>cerimonia di apertura<\/strong> condotta da <strong>Greta Scarano<\/strong> e <strong>Nicolas Maupas<\/strong> ha inaugurato la <strong>83\u00aa edizione della Mostra Internazionale del Cinema di Venezia<\/strong>. Il <strong>film di apertura<\/strong> \u00e8 stato Ink di <strong>Danny Boyle<\/strong>, mentre <strong>George Clooney <\/strong>ha ricevuto la <strong>laudatio di Laura Dern <\/strong>e il <strong>Leone d&#8217;Oro alla Carriera<\/strong>.<\/p>\n<p>&#8220;,&#8221;postId&#8221;:&#8221;bb89dacf-dc27-4d3c-9b79-da162628155f&#8221;,&#8221;postLink&#8221;:{&#8220;title&#8221;:&#8221;&#8221;,&#8221;url&#8221;:&#8221;&#8221;,&#8221;imageSrc&#8221;:&#8221;&#8221;}},{&#8220;timestamp&#8221;:&#8221;2026-09-03T08:45:00.717Z&#8221;,&#8221;timestampUtcIt&#8221;:&#8221;2026-09-03T10:45:00+0200&#8243;,&#8221;altBackground&#8221;:false,&#8221;title&#8221;:&#8221;Gli altri film&#8221;,&#8221;content&#8221;:&#8221;<\/p>\n<p>Nella sezione <strong>Biennale College Cinema<\/strong> c\u2019\u00e8 il <strong>film<\/strong> Demetra in esilio di <strong>Maria Giovanna Cicciari<\/strong>.<\/p>\n<p>\\n\\n<\/p>\n<p>Nella sezione <strong>Venezia Spotlight<\/strong> c\u2019\u00e8 il <strong>film<\/strong> Sumo: Spirit Weighs Nothing di <strong>Erik Shirai<\/strong>.<\/p>\n<p>\\n\\n<\/p>\n<p>Nella sezione <strong>Venezia Classici<\/strong> ci sono i <strong>film<\/strong> Col cuore in gola di <strong>Tinto Brass<\/strong>, Minnie e Moskowitz di <strong>John Cassavetes<\/strong> e Gyoei No Mure (The Catch) di <strong>Shinji Somai<\/strong>.<\/p>\n<p>\\n\\n<\/p>\n<p>Nella sezione <strong>Settimana della Critica<\/strong> ci sono i <strong>film<\/strong> Les M\u00e9tamorphoses, Au F\u00e9minin di <strong>Mar\u00eda Gim\u00e9nez Cavallo<\/strong> e Il grande Giaffa di <strong>Marco Santi<\/strong>.<\/p>\n<p>&#8220;,&#8221;postId&#8221;:&#8221;6a3f7b9f-728c-498b-9b20-8785d58c5486&#8243;,&#8221;postLink&#8221;:{&#8220;title&#8221;:&#8221;&#8221;,&#8221;url&#8221;:&#8221;&#8221;,&#8221;imageSrc&#8221;:&#8221;&#8221;}},{&#8220;timestamp&#8221;:&#8221;2026-09-03T08:35:00.201Z&#8221;,&#8221;timestampUtcIt&#8221;:&#8221;2026-09-03T10:35:00+0200&#8243;,&#8221;image&#8221;:{&#8220;imgSrc&#8221;:&#8221;https:\/\/www.europesays.com\/it\/wp-content\/uploads\/2026\/09\/mostra-cinema-venezia-scarpe-rotte-barbara-ronchi-wp.jpg&#8221;,&#8221;imgAlt&#8221;:&#8221;Mostra del Cinema di Venezia film Scarpe Rotte Barbara Ronchi&#8221;,&#8221;imgCredits&#8221;:&#8221;\u00a9Webphoto&#8221;,&#8221;imgCaption&#8221;:null},&#8221;altBackground&#8221;:true,&#8221;title&#8221;:&#8221;Giornate degli Autori, Scarpe rotte di Roberta Torre e con Barbara Ronchi&#8221;,&#8221;content&#8221;:&#8221;<\/p>\n<p>Nella sezione <strong>Giornate degli Autori <\/strong>c&#8217;\u00e8 il <strong>film <\/strong>Scarpe rottedi <strong>Roberta Torre <\/strong>econ<strong> Barbara Ronchi<\/strong>.<\/p>\n<p>\\n\\n<\/p>\n<p>Roma, durante la Seconda Guerra Mondiale. Clara e Vera trascorrono il tempo in casa: bevono il t\u00e8, mettono in ordine, parlano. Clara e Vera parlano di tutto. Di ci\u00f2 che \u00e8 accaduto all&#8217;una e all&#8217;altra, di chi non c&#8217;\u00e8, di chi manca. Al centro dei loro discorsi \u2013 come un leitmotiv musicale, e come un&#8217;occasione per parlare di ci\u00f2 di cui non si pu\u00f2 parlare \u2013 ci sono le scarpe. Che dovrebbero essere intere, se non addirittura eleganti almeno decenti, e invece sono rotte, piene di spaccature, con la suola che si stacca; ma ci sono solo quelle, bisogna arrangiarsi, esserne orgogliosi e persino \u2013 anche se in tempo di guerra sembra assurdo \u2013 un poco gioirne. Perch\u00e9 allora non organizzare un concorso di scarpe rotte, con tanto di giudice e concorrenti? Scarpe rotte racconta la storia di due donne e del loro legame. Racconta in che modo a volte il sogno ha la capacit\u00e0 di tenere a bada il caos del mondo.<\/p>\n<p>&#8220;,&#8221;postId&#8221;:&#8221;01ca5b75-a04f-4525-8bd7-9016234b908e&#8221;,&#8221;postLink&#8221;:{&#8220;title&#8221;:&#8221;&#8221;,&#8221;url&#8221;:&#8221;&#8221;,&#8221;imageSrc&#8221;:&#8221;&#8221;}},{&#8220;timestamp&#8221;:&#8221;2026-09-03T08:27:39.417Z&#8221;,&#8221;timestampUtcIt&#8221;:&#8221;2026-09-03T10:27:39+0200&#8243;,&#8221;altBackground&#8221;:false,&#8221;title&#8221;:&#8221; George Clooney e la moglie Amal sul red carpet della Mostra del Cinema di Venezia 2026&#8243;,&#8221;content&#8221;:&#8221;<\/p>\n<p>La coppia delle coppie sfila sul red carpet della premi\u00e8re di Ink, andata in scena ieri sera (2 settembre 2026). Elegantissimi nei rispettivi look da sera, lei ha indossato un lungo abito nero Tom Ford, mentre lui ha optato per uno smoking Giorgio Armani. Ecco gli scatti pi\u00f9 belli, in cui emerge chiaramente tutta la loro complicit\u00e0 (ed eleganza, basta guardarli!).<\/p>\n<p>&#8220;,&#8221;postId&#8221;:&#8221;1d29946f-63bd-4a2f-953e-773147c15bad&#8221;,&#8221;postLink&#8221;:{&#8220;title&#8221;:&#8221;George e Amal Clooney sul tappeto della Mostra del Cinema di Venezia&#8221;,&#8221;url&#8221;:&#8221;https:\/\/tg24.sky.it\/spettacolo\/cinema\/2026\/09\/03\/george-clooney-amal-venezia-festival-red-carpet&#8221;,&#8221;imageSrc&#8221;:&#8221;https:\/\/tg24.sky.it\/assets\/images\/5e24b4b8e8bec9f6baa6ee7e93823cc32a73677a\/skytg24\/it\/spettacolo\/cinema\/2026\/09\/03\/george-clooney-amal-venezia-festival-red-carpet\/visore-amal-g.jpg?im=Resize,width=1218&#8243;}},{&#8220;timestamp&#8221;:&#8221;2026-09-03T08:25:00.465Z&#8221;,&#8221;timestampUtcIt&#8221;:&#8221;2026-09-03T10:25:00+0200&#8243;,&#8221;altBackground&#8221;:false,&#8221;title&#8221;:&#8221;Giornate degli Autori, I Plant My Head in the Garden di Hoda Taheri e Boris Hadzija&#8221;,&#8221;content&#8221;:&#8221;<\/p>\n<p>Nella sezione <strong>Giornate degli Autori <\/strong>c&#8217;\u00e8 il <strong>film <\/strong>I Plant My Head in the Garden di <strong>Hoda Taheri<\/strong> e <strong>Boris Hadzija<\/strong>.<\/p>\n<p>\\n\\n<\/p>\n<p>Hoda, una rifugiata iraniana che vive a Berlino, \u00e8 incinta e innamorata di Boris, gay queer originario della Serbia. Insieme decidono di sposarsi e crescere il bambino, immaginando un futuro fondato sulle loro regole. Mentre si preparano al matrimonio e si addentrano sempre pi\u00f9 nei rispettivi mondi, la loro relazione viene messa a dura prova dalla burocrazia, dalle aspettative familiari e da storie che nessuno dei due pu\u00f2 lasciarsi alle spalle.<\/p>\n<p>&#8220;,&#8221;postId&#8221;:&#8221;086c6516-e345-49e2-98c9-121b24276b59&#8243;,&#8221;postLink&#8221;:{&#8220;title&#8221;:&#8221;&#8221;,&#8221;url&#8221;:&#8221;&#8221;,&#8221;imageSrc&#8221;:&#8221;&#8221;}},{&#8220;timestamp&#8221;:&#8221;2026-09-03T08:15:00.139Z&#8221;,&#8221;timestampUtcIt&#8221;:&#8221;2026-09-03T10:15:00+0200&#8243;,&#8221;altBackground&#8221;:false,&#8221;title&#8221;:&#8221;Giornate degli Autori, Al Baraneya di Ashgan El-Hamus&#8221;,&#8221;content&#8221;:&#8221;<\/p>\n<p>Nella sezione <strong>Giornate degli Autori <\/strong>c&#8217;\u00e8 il <strong>film <\/strong>Al Baraneya di<strong> Ashgan El-Hamus<\/strong>.<\/p>\n<p>\\n\\n<\/p>\n<p>Amal \u00e8 incinta e abita con la sua famiglia ad Al Baraneya, un villaggio circondato da campi di gelsomino alle porte del Cairo. La loro \u00e8 una vita caotica e piena d\u2019amore. Un giorno, per\u00f2, cambia tutto perch\u00e9 una persona facoltosa manifesta l\u2019intenzione di acquistare il loro terreno.<\/p>\n<p>&#8220;,&#8221;postId&#8221;:&#8221;6fe50021-3060-4246-bfd9-d8231f1ed193&#8243;,&#8221;postLink&#8221;:{&#8220;title&#8221;:&#8221;&#8221;,&#8221;url&#8221;:&#8221;&#8221;,&#8221;imageSrc&#8221;:&#8221;&#8221;}},{&#8220;timestamp&#8221;:&#8221;2026-09-03T08:08:04.141Z&#8221;,&#8221;timestampUtcIt&#8221;:&#8221;2026-09-03T10:08:04+0200&#8243;,&#8221;altBackground&#8221;:false,&#8221;title&#8221;:&#8221;Venice4Palestine rilancia la richiesta alla Mostra, &#8216;issate la bandiera palestinese'&#8221;,&#8221;content&#8221;:&#8221;<\/p>\n<p>\\&#8221;Dopo il no del direttore Alberto Barbera, Venice4Palestine torna a chiedere alla Biennale di issare la bandiera palestinese per tutta la restante durata della Mostra, sottolineando la presenza in selezione ufficiale di due film indicati dalla stessa manifestazione come palestinesi\\&#8221; si legge in una nota. Il collettivo, \\&#8221;il cui nuovo appello ha gi\u00e0 superato il migliaio di firme, replica alle dichiarazioni di Barbera a Repubblica, secondo cui la bandiera non pu\u00f2 essere esposta perch\u00e9 la Palestina non \u00e8 riconosciuta come Stato dall&#8217;Italia, e invita la Biennale ad andare \\&#8221;oltre i protocolli\\&#8221;, assumendo una posizione pubblica che si traduca in un gesto concreto\\&#8221;. Venice4Palestine \\&#8221;esprime inoltre solidariet\u00e0 agli artisti che si sono esposti pubblicamente sulla Palestina, citando Vanessa Redgrave, Susan Sarandon e Mark Ruffalo, e rilancia l&#8217;appuntamento del 9 settembre a Roma, dalle 13.00 davanti a Montecitorio, per la maratona di protesta e dissenso: \\&#8221;La solidariet\u00e0 non si processa, il dissenso non si silenzia\\&#8221;.\u00a0<\/p>\n<p>&#8220;,&#8221;postId&#8221;:&#8221;ef30032c-bdca-4aef-81b4-53dd9a7b0e84&#8243;,&#8221;postLink&#8221;:{&#8220;title&#8221;:&#8221;&#8221;,&#8221;url&#8221;:&#8221;&#8221;,&#8221;imageSrc&#8221;:&#8221;&#8221;}},{&#8220;timestamp&#8221;:&#8221;2026-09-03T08:05:00.657Z&#8221;,&#8221;timestampUtcIt&#8221;:&#8221;2026-09-03T10:05:00+0200&#8243;,&#8221;image&#8221;:{&#8220;imgSrc&#8221;:&#8221;https:\/\/www.europesays.com\/it\/wp-content\/uploads\/2026\/09\/mostra-del-cinema-di-venezia-waiting-for-ken-loach-wp.jpg&#8221;,&#8221;imgAlt&#8221;:&#8221;Mostra del Cinema di Venezia 2026 film Waiting for Ken Loach&#8221;,&#8221;imgCredits&#8221;:&#8221;\u00a9Webphoto&#8221;,&#8221;imgCaption&#8221;:null},&#8221;altBackground&#8221;:true,&#8221;title&#8221;:&#8221;Giornate degli Autori, Waiting for Ken Loach di Simone Amendola&#8221;,&#8221;content&#8221;:&#8221;<\/p>\n<p>Nella sezione <strong>Giornate degli Autori <\/strong>c&#8217;\u00e8 il <strong>film <\/strong>Waiting for Ken Loachdi<strong> Simone Amendola<\/strong>.<\/p>\n<p>\\n\\n<\/p>\n<p>Sotto il segno del regista inglese, e delle sue narrazioni del riscatto, in Salento un gruppo di teenager scopre il cinema grazie a una prof e scrive una pagina inedita della propria citt\u00e0. \u00c8 la nascita del Piccolo Cinema Ken Loach.<\/p>\n<p>&#8220;,&#8221;postId&#8221;:&#8221;8e192ce8-69ce-4efd-af4c-d05d34064958&#8243;,&#8221;postLink&#8221;:{&#8220;title&#8221;:&#8221;&#8221;,&#8221;url&#8221;:&#8221;&#8221;,&#8221;imageSrc&#8221;:&#8221;&#8221;}},{&#8220;timestamp&#8221;:&#8221;2026-09-03T07:55:00.917Z&#8221;,&#8221;timestampUtcIt&#8221;:&#8221;2026-09-03T09:55:00+0200&#8243;,&#8221;altBackground&#8221;:false,&#8221;title&#8221;:&#8221;Orizzonti, Too Much Sugar di Robert Greene&#8221;,&#8221;content&#8221;:&#8221;<\/p>\n<p>Nella sezione <strong>Orizzonti<\/strong> c&#8217;\u00e8 anche il <strong>film <\/strong>Too Much Sugar di <strong>Robert Greene<\/strong>.<\/p>\n<p>\\n\\n<\/p>\n<p>Ryan \u201cHolli-wood\u201d Holliger \u00e8 un uomo tenace e carismatico, padre di sei figli avuti da cinque donne diverse. Il suo migliore amico AccRite \u00e8 un rapper che si guadagna da vivere con lavori manuali e deve fare i conti con una perdita inimmaginabile. Insieme coltivano il sogno di realizzare un film sulla paternit\u00e0 nella loro cittadina operaia del Missouri. Nel corso di un anno cruciale e imprevedibile, quel film finisce per trasformarsi in qualcosa di completamente diverso: un percorso verso la responsabilit\u00e0, la guarigione e una nuova consapevolezza di s\u00e9, per loro e per le loro famiglie.<\/p>\n<p>&#8220;,&#8221;postId&#8221;:&#8221;79d58ab6-d5b2-4d00-b3bb-c2bd548d4af7&#8243;,&#8221;postLink&#8221;:{&#8220;title&#8221;:&#8221;&#8221;,&#8221;url&#8221;:&#8221;&#8221;,&#8221;imageSrc&#8221;:&#8221;&#8221;}},{&#8220;timestamp&#8221;:&#8221;2026-09-03T07:45:00.717Z&#8221;,&#8221;timestampUtcIt&#8221;:&#8221;2026-09-03T09:45:00+0200&#8243;,&#8221;altBackground&#8221;:false,&#8221;title&#8221;:&#8221;Orizzonti, Moragheb di Mohsen Gharaei&#8221;,&#8221;content&#8221;:&#8221;<\/p>\n<p>Nella sezione <strong>Orizzonti<\/strong> c&#8217;\u00e8 il <strong>film<\/strong> Moragheb (Falling House) di <strong>Mohsen Gharaei<\/strong>.<\/p>\n<p>\\n\\n<\/p>\n<p>Alla periferia di Teheran, una famiglia modesta rischia di perdere la propria casa, destinata a essere demolita per fare spazio a un imponente progetto di riqualificazione urbana. Mentre Rashid, padre di famiglia e guardia carceraria, viene accusato di corruzione, scopre che la figlia maggiore Ensi sta progettando in segreto di lasciare l\u2019Iran per diventare modella. Intanto le ruspe si avvicinano e la tensione tra le mura di casa cresce.<\/p>\n<p>&#8220;,&#8221;postId&#8221;:&#8221;2316cd01-c350-4bab-b26d-16eb97f51224&#8243;,&#8221;postLink&#8221;:{&#8220;title&#8221;:&#8221;&#8221;,&#8221;url&#8221;:&#8221;&#8221;,&#8221;imageSrc&#8221;:&#8221;&#8221;}},{&#8220;timestamp&#8221;:&#8221;2026-09-03T07:35:39.487Z&#8221;,&#8221;timestampUtcIt&#8221;:&#8221;2026-09-03T09:35:39+0200&#8243;,&#8221;image&#8221;:{&#8220;imgSrc&#8221;:&#8221;https:\/\/www.europesays.com\/it\/wp-content\/uploads\/2026\/09\/jack-o-connell-danny-boyle-mostra-cinema-venezia-2026-getty.jpg&#8221;,&#8221;imgAlt&#8221;:&#8221;Jack O&#8217; Connell Danny Boyle Mostra del Cinema di Venezia 2026&#8243;,&#8221;imgCredits&#8221;:&#8221;\u00a9Getty&#8221;,&#8221;imgCaption&#8221;:null},&#8221;altBackground&#8221;:true,&#8221;title&#8221;:&#8221;Avvistati anche Jack O&#8217;Connell e Danny Boyle&#8221;,&#8221;content&#8221;:&#8221;<\/p>\n<p>Avvistati anche un altro attore e il regista del film di apertura di Venezia 83 Ink, rispettivamente <strong>Jack O&#8217; Connell<\/strong> e <strong>Danny Boyle<\/strong>.<\/p>\n<p>&#8220;,&#8221;postId&#8221;:&#8221;adcf7513-2814-447b-bc91-7d01daf43e33&#8243;,&#8221;postLink&#8221;:{&#8220;title&#8221;:&#8221;&#8221;,&#8221;url&#8221;:&#8221;&#8221;,&#8221;imageSrc&#8221;:&#8221;&#8221;}},{&#8220;timestamp&#8221;:&#8221;2026-09-03T07:35:00.839Z&#8221;,&#8221;timestampUtcIt&#8221;:&#8221;2026-09-03T09:35:00+0200&#8243;,&#8221;altBackground&#8221;:false,&#8221;title&#8221;:&#8221;La Masterclass con George Clooney&#8221;,&#8221;content&#8221;:&#8221;<\/p>\n<p>Oggi si terr\u00e0 anche la <strong>Masterclass con George Clooney<\/strong>. Il 2 settembre 2026, durante la <strong>cerimonia di apertura<\/strong>, l&#8217;attore e regista statunitense ha ricevuto la <strong>laudatio di Laura Dern<\/strong> e il <strong>Leone d&#8217;Oro alla Carriera<\/strong>.<\/p>\n<p>&#8220;,&#8221;postId&#8221;:&#8221;e9405a67-26e1-40d3-b1a1-cabd0ab9c9a2&#8243;,&#8221;postLink&#8221;:{&#8220;title&#8221;:&#8221;Mostra del Cinema di Venezia, bagno di folla per Clooney&#8221;,&#8221;url&#8221;:&#8221;https:\/\/tg24.sky.it\/spettacolo\/cinema\/2026\/09\/02\/festival-venezia-cerimonia-apertura-diretta&#8221;,&#8221;imageSrc&#8221;:&#8221;https:\/\/tg24.sky.it\/assets\/images\/fc6462608cc6f5cf8244d5bb47244a3473799d55\/skytg24\/it\/spettacolo\/cinema\/2026\/09\/02\/festival-venezia-cerimonia-apertura-diretta\/clooney-Getty.jpg?im=Resize,width=1218&#8243;}},{&#8220;timestamp&#8221;:&#8221;2026-09-03T07:33:53.192Z&#8221;,&#8221;timestampUtcIt&#8221;:&#8221;2026-09-03T09:33:53+0200&#8243;,&#8221;image&#8221;:{&#8220;imgSrc&#8221;:&#8221;https:\/\/www.europesays.com\/it\/wp-content\/uploads\/2026\/09\/guy-pearce-mostra-cinema-venezia-2026-getty.jpg&#8221;,&#8221;imgAlt&#8221;:&#8221;Mostra del Cinema di Venezia 2026 Guy Pearce&#8221;,&#8221;imgCredits&#8221;:&#8221;\u00a9Getty&#8221;,&#8221;imgCaption&#8221;:null},&#8221;altBackground&#8221;:true,&#8221;title&#8221;:&#8221;Il saluto di Guy Pearce al Lido&#8221;,&#8221;content&#8221;:&#8221;<\/p>\n<p><strong>Guy Pearce<\/strong>, che interpreta Rupert Murdoch nel <strong>film di apertura<\/strong> della 83\u00aa edizione della Mostra Internazionale del Cinema di Venezia, Ink di <strong>Danny Boyle<\/strong>, saluta i fan al Lido.<\/p>\n<p>&#8220;,&#8221;postId&#8221;:&#8221;34efd06d-5aa5-4e0a-b8e5-4fdc21ba339a&#8221;,&#8221;postLink&#8221;:{&#8220;title&#8221;:&#8221;&#8221;,&#8221;url&#8221;:&#8221;&#8221;,&#8221;imageSrc&#8221;:&#8221;&#8221;}},{&#8220;timestamp&#8221;:&#8221;2026-09-03T07:29:55.516Z&#8221;,&#8221;timestampUtcIt&#8221;:&#8221;2026-09-03T09:29:55+0200&#8243;,&#8221;image&#8221;:{&#8220;imgSrc&#8221;:&#8221;https:\/\/www.europesays.com\/it\/wp-content\/uploads\/2026\/09\/mostra-cinema-venezia-2026-orlando-bloom-getty.jpg&#8221;,&#8221;imgAlt&#8221;:&#8221;Mostra del Cinema di Venezia 2026 Orlando Bloom&#8221;,&#8221;imgCredits&#8221;:&#8221;\u00a9Getty&#8221;,&#8221;imgCaption&#8221;:null},&#8221;altBackground&#8221;:true,&#8221;title&#8221;:&#8221;L&#8217;arrivo di Orlando Bloom&#8221;,&#8221;content&#8221;:&#8221;<\/p>\n<p><strong>Orlando Bloom <\/strong>\u00e8 arrivato al Lido. L&#8217;attore uno dei protagonisti del <strong>film<\/strong> Bucking Fastard di <strong>Werner Herzog<\/strong>, oggi in <strong>Concorso<\/strong>, insieme a <strong>Kate Mara<\/strong>, <strong>Rooney Mara <\/strong>e <strong>Domhnall Gleeson<\/strong>.<\/p>\n<p>&#8220;,&#8221;postId&#8221;:&#8221;87b591c7-4730-47c1-9a2d-98176e58bf8a&#8221;,&#8221;postLink&#8221;:{&#8220;title&#8221;:&#8221;&#8221;,&#8221;url&#8221;:&#8221;&#8221;,&#8221;imageSrc&#8221;:&#8221;&#8221;}},{&#8220;timestamp&#8221;:&#8221;2026-09-03T07:25:00.099Z&#8221;,&#8221;timestampUtcIt&#8221;:&#8221;2026-09-03T09:25:00+0200&#8243;,&#8221;image&#8221;:{&#8220;imgSrc&#8221;:&#8221;https:\/\/www.europesays.com\/it\/wp-content\/uploads\/2026\/09\/mostra-cinema-venezia-2026-matilda-de-angelis-balcanica-wp.jpg&#8221;,&#8221;imgAlt&#8221;:&#8221;Mostra del Cinema di Venezia 2026 Balcanica Matilda De Angelis&#8221;,&#8221;imgCredits&#8221;:&#8221;\u00a9Webphoto&#8221;,&#8221;imgCaption&#8221;:null},&#8221;altBackground&#8221;:true,&#8221;title&#8221;:&#8221;Giornate degli Autori, atteso il cast di Balcanica di Nicola Sorcinelli e con Matilda De Angelis&#8221;,&#8221;content&#8221;:&#8221;<\/p>\n<p>Previsti anche l\u2019arrivo del <strong>cast<\/strong> del <strong>film<\/strong> Balcanica di <strong>Nicola Sorcinelli<\/strong> e con <strong>Matilda De Angelis<\/strong> (in gara nella sezione <strong>Giornate degli Autori<\/strong>).<\/p>\n<p>\\n\\n<\/p>\n<p>Quando la musica viene messa al bando in Afghanistan, il direttore d\u2019orchestra Nazar e suo figlio Jalil, giovane suonatore di tuba, sono costretti ad abbandonare tutto ci\u00f2 che conoscono. Intraprendono cos\u00ec un viaggio lungo la rotta balcanica verso l\u2019Italia, un cammino segnato dall\u2019incertezza ma illuminato dalla speranza di trovare un luogo in cui poter tornare a suonare. Durante il percorso incontrano Greta, una dottoressa italiana. Insieme, i tre si troveranno ad affrontare scelte destinate a cambiare per sempre le loro vite.<\/p>\n<p>&#8220;,&#8221;postId&#8221;:&#8221;fa29c9a0-0746-4fbf-a44f-fb060cf1db95&#8243;,&#8221;postLink&#8221;:{&#8220;title&#8221;:&#8221;&#8221;,&#8221;url&#8221;:&#8221;&#8221;,&#8221;imageSrc&#8221;:&#8221;&#8221;}},{&#8220;timestamp&#8221;:&#8221;2026-09-03T07:15:00.393Z&#8221;,&#8221;timestampUtcIt&#8221;:&#8221;2026-09-03T09:15:00+0200&#8243;,&#8221;image&#8221;:{&#8220;imgSrc&#8221;:&#8221;https:\/\/www.europesays.com\/it\/wp-content\/uploads\/2026\/09\/mostra-cinema-venezia-2026-alessandro-borghi-2-getty.jpg&#8221;,&#8221;imgAlt&#8221;:&#8221;Mostra del Cinema di Venezia 2026 Alessandro Borghi&#8221;,&#8221;imgCredits&#8221;:&#8221;\u00a9Getty&#8221;,&#8221;imgCaption&#8221;:null},&#8221;altBackground&#8221;:true,&#8221;title&#8221;:&#8221;Fuori Concorso &#8211; Fiction, il film italiano Nessun dolore di Gianni Amelio e con Alessandro Borghi, Valeria Golino e Valerio Mastandrea&#8221;,&#8221;content&#8221;:&#8221;<\/p>\n<p><strong>Fuori Concorso <\/strong>c&#8217;\u00e8 il <strong>film Fiction italiano<\/strong> Nessun dolore di <strong>Gianni Amelio <\/strong>e con <strong>Alessandro Borghi<\/strong>, <strong>Valeria Golino<\/strong> e <strong>Valerio Mastandrea<\/strong>.<\/p>\n<p>\\n\\n<\/p>\n<p>Davide \u00e8 un trentenne con la passione dei libri: non ne legge tanti ma li vende, in una piazza di Roma. La sua cliente pi\u00f9 fedele, Elsa, \u00e8 anche sua complice, gli fornisce i volumi di seconda mano e lo colma di affetto e tenerezza. Qualcosa per\u00f2 s\u2019incrina in un giorno come tanti: a Davide viene \u201cconsegnato\u201d d\u2019improvviso, per strada, come un pacco, un bambino che viene dal Nordafrica, e che non lo lascia pi\u00f9, lo segue in silenzio come un cagnolino fedele. Un incidente, la corsa in ospedale con il piccolo sconosciuto tra la vita e la morte. E Davide che entra in un inferno personale fatto di reticenze, rimorsi, smarrimento.<\/p>\n<p>&#8220;,&#8221;postId&#8221;:&#8221;206deb20-f685-40db-927b-a918fb6732e5&#8243;,&#8221;postLink&#8221;:{&#8220;title&#8221;:&#8221;&#8221;,&#8221;url&#8221;:&#8221;&#8221;,&#8221;imageSrc&#8221;:&#8221;&#8221;}},{&#8220;timestamp&#8221;:&#8221;2026-09-03T07:05:00.769Z&#8221;,&#8221;timestampUtcIt&#8221;:&#8221;2026-09-03T09:05:00+0200&#8243;,&#8221;altBackground&#8221;:false,&#8221;title&#8221;:&#8221;Fuori Concorso &#8211; Non Fiction, Burgundy di Michael Dweck e Gregory Kershaw&#8221;,&#8221;content&#8221;:&#8221;<\/p>\n<p><strong>Fuori Concorso<\/strong> tra i <strong>film Non Fiction<\/strong> c&#8217;\u00e8 anche Burgundy di <strong>Michael Dweck<\/strong> e <strong>Gregory Kershaw<\/strong>.<\/p>\n<p>\\n\\n<\/p>\n<p>In Borgogna, i vini pi\u00f9 famosi al mondo sono solo un tassello del racconto. Dietro ogni bottiglia si cela un universo plasmato da rituali e memorie, e da chi si dedica a custodirli o trasformarli.<\/p>\n<p>&#8220;,&#8221;postId&#8221;:&#8221;c262abdf-7faf-4423-b18d-7e05e546548c&#8221;,&#8221;postLink&#8221;:{&#8220;title&#8221;:&#8221;&#8221;,&#8221;url&#8221;:&#8221;&#8221;,&#8221;imageSrc&#8221;:&#8221;&#8221;}},{&#8220;timestamp&#8221;:&#8221;2026-09-03T06:55:00.003Z&#8221;,&#8221;timestampUtcIt&#8221;:&#8221;2026-09-03T08:55:00+0200&#8243;,&#8221;image&#8221;:{&#8220;imgSrc&#8221;:&#8221;https:\/\/www.europesays.com\/it\/wp-content\/uploads\/2026\/09\/mostra-cinema-venezia-2026-everest-the-other-side-wp.jpg&#8221;,&#8221;imgAlt&#8221;:&#8221;Mostra del Cinema di Venezia 2026 Everest the Other Side&#8221;,&#8221;imgCredits&#8221;:&#8221;\u00a9Webphoto&#8221;,&#8221;imgCaption&#8221;:null},&#8221;altBackground&#8221;:true,&#8221;title&#8221;:&#8221;Fuori Concorso &#8211; Non Fiction, Everest: The Other Side di Elizabeth Chai Vasarhelyi e Jimmy Chin&#8221;,&#8221;content&#8221;:&#8221;<\/p>\n<p><strong>Fuori Concorso<\/strong> c&#8217;\u00e8 il <strong>film Non Fiction<\/strong> Everest: The Other Side di <strong>Elizabeth Chai Vasarhelyi <\/strong>e <strong>Jimmy Chin<\/strong>.<\/p>\n<p>\\n\\n<\/p>\n<p>Gli scialpinisti di livello mondiale <strong>Jim Morrison<\/strong> e <strong>Hilaree Nelson<\/strong> si sono innamorati mentre raggiungevano i vertici del loro sport. La loro intesa si \u00e8 trasformata in un sogno condiviso: scalare e scendere con gli sci lungo la direttissima della parete nord dell\u2019Everest, l\u2019ascensione pi\u00f9 pericolosa della montagna e la linea di discesa sciistica pi\u00f9 ambita al mondo.<\/p>\n<p>&#8220;,&#8221;postId&#8221;:&#8221;d2d8792d-e1f1-4efa-8bd1-d823abdadea6&#8243;,&#8221;postLink&#8221;:{&#8220;title&#8221;:&#8221;&#8221;,&#8221;url&#8221;:&#8221;&#8221;,&#8221;imageSrc&#8221;:&#8221;&#8221;}},{&#8220;timestamp&#8221;:&#8221;2026-09-03T06:45:00.800Z&#8221;,&#8221;timestampUtcIt&#8221;:&#8221;2026-09-03T08:45:00+0200&#8243;,&#8221;image&#8221;:{&#8220;imgSrc&#8221;:&#8221;https:\/\/www.europesays.com\/it\/wp-content\/uploads\/2026\/09\/mostra-cinema-venezia-2026-wild-horse-nine-wp.jpg&#8221;,&#8221;imgAlt&#8221;:&#8221;Mostra del Cinema di Venezia 2026 film Wild Horse Nine Martin McDonagh&#8221;,&#8221;imgCredits&#8221;:&#8221;\u00a9Webphoto&#8221;,&#8221;imgCaption&#8221;:null},&#8221;altBackground&#8221;:true,&#8221;title&#8221;:&#8221;Concorso, Wild Horse Nine di Martin McDonagh&#8221;,&#8221;content&#8221;:&#8221;<\/p>\n<p>Sempre in <strong>Concorso <\/strong>c\u2019\u00e8 il <strong>film <\/strong>Wild Horse Nine di <strong>Martin McDonagh<\/strong> e con <strong>John Malkovich<\/strong>, <strong>Sam Rockwell <\/strong>e <strong>Steve Buscemi<\/strong>.<\/p>\n<p>\\n\\n<\/p>\n<p>Poco prima del colpo di Stato cileno del 1973, gli agenti della CIA Chris e Lee vengono inviati da Santiago all\u2019Isola di Pasqua dal loro capo, MJ. Il legame stretto da Chris con due studentesse ribelli rischia di far prendere una piega imprevista al soggiorno di tutti.<\/p>\n<p>&#8220;,&#8221;postId&#8221;:&#8221;b89b5ad0-683d-4dd0-9ccb-e16870ade74f&#8221;,&#8221;postLink&#8221;:{&#8220;title&#8221;:&#8221;&#8221;,&#8221;url&#8221;:&#8221;&#8221;,&#8221;imageSrc&#8221;:&#8221;&#8221;}},{&#8220;timestamp&#8221;:&#8221;2026-09-03T06:35:00.789Z&#8221;,&#8221;timestampUtcIt&#8221;:&#8221;2026-09-03T08:35:00+0200&#8243;,&#8221;altBackground&#8221;:false,&#8221;title&#8221;:&#8221;Mostra del Cinema di Venezia 2026, al via la seconda giornata&#8221;,&#8221;content&#8221;:&#8221;<\/p>\n<p>Oggi, <strong>gioved\u00ec 3 settembre 2026<\/strong>, si apre la <strong>seconda giornata<\/strong> dell\u2019<strong>83\u00aa edizione della Mostra Internazionale d\u2019Arte Cinematografica della Biennale di Venezia <\/strong>con la giuria presieduta dall&#8217;attrice e regista statunitense <strong>Maggie Gyllenhaal<\/strong>.<\/p>\n<p>&#8220;,&#8221;postId&#8221;:&#8221;d27146f0-f89f-48b7-92e9-37055a3d46e5&#8243;,&#8221;postLink&#8221;:{&#8220;title&#8221;:&#8221;Mostra del Cinema di Venezia 2026, ecco i membri delle giurie. FOTO&#8221;,&#8221;url&#8221;:&#8221;https:\/\/tg24.sky.it\/spettacolo\/cinema\/2026\/09\/02\/giuria-mostra-del-cinema-di-venezia-2026&#8243;,&#8221;imageSrc&#8221;:&#8221;https:\/\/tg24.sky.it\/assets\/images\/a17065f4781729437ece9470327655a3fd2dd09e\/skytg24\/it\/spettacolo\/cinema\/2026\/09\/02\/giuria-mostra-del-cinema-di-venezia-2026\/visore-juri-ve.jpg?im=Resize,width=1218&#8243;}},{&#8220;timestamp&#8221;:&#8221;2026-09-03T06:25:00.147Z&#8221;,&#8221;timestampUtcIt&#8221;:&#8221;2026-09-03T08:25:00+0200&#8243;,&#8221;altBackground&#8221;:false,&#8221;title&#8221;:&#8221;Concorso, Bucking Fastard di Werner Herzog&#8221;,&#8221;content&#8221;:&#8221;<\/p>\n<p>Tra i <strong>21 film in<\/strong> <strong>Concorso <\/strong>c\u2019\u00e8 Bucking Fastard di <strong>Werner Herzog<\/strong> e con <strong>Kate Mara<\/strong>, <strong>Rooney Mara<\/strong>, <strong>Orlando Bloom<\/strong> e <strong>Domhnall Gleeson<\/strong>.<\/p>\n<p>\\n\\n<\/p>\n<p>Racconta la storia di due sorelle, Jean e Joan Holbrooke, cos\u00ec unite da parlare all\u2019unisono, amare lo stesso uomo e condividere gli stessi sogni.<\/p>\n<p>&#8220;,&#8221;postId&#8221;:&#8221;778880d1-6496-4b46-867a-4e078d9175cc&#8221;,&#8221;postLink&#8221;:{&#8220;title&#8221;:&#8221;Mostra del Cinema di Venezia 2026, tutti i film in concorso&#8221;,&#8221;url&#8221;:&#8221;https:\/\/tg24.sky.it\/spettacolo\/cinema\/2026\/07\/23\/festival-cinema-venezia-2026&#8243;,&#8221;imageSrc&#8221;:&#8221;https:\/\/tg24.sky.it\/assets\/images\/48df310f8c43e581d16c6ce766bee2ad56792f4d\/skytg24\/it\/spettacolo\/cinema\/2026\/07\/23\/festival-cinema-venezia-2026\/festival-del-cinema-venezia-2026.jpg?im=Resize,width=1218&#8243;}}]}&#8221; query='{&#8220;configurationName&#8221;:&#8221;LIVEBLOG_CONTAINER_WIDGET&#8221;,&#8221;liveblogId&#8221;:&#8221;8fc94137-9a82-4fe0-b920-804bed8215d9&#8243;,&#8221;tenant&#8221;:&#8221;tg24&#8243;,&#8221;limit&#8221;:800}&#8217; config='{&#8220;live&#8221;:true,&#8221;isWebView&#8221;:false,&#8221;postsPerPageMobile&#8221;:10,&#8221;postsPerPageDesktop&#8221;:10}&#8217;&gt;<\/p>\n<p>Oggi, <strong>gioved\u00ec 3 settembre 2026<\/strong>, si apre la <strong>seconda giornata<\/strong> dell\u2019<strong>83\u00aa edizione della Mostra Internazionale d\u2019Arte Cinematografica della Biennale di Venezia <\/strong>(<a href=\"https:\/\/tg24.sky.it\/spettacolo\/cinema\/2026\/08\/28\/festival-venezia-2026\" data-intcmp=\"skytg24_liveblog_interlink_text\" rel=\"nofollow noopener\" target=\"_blank\"><strong>IL PROGRAMMA<\/strong><\/a> &#8211; <a href=\"https:\/\/tg24.sky.it\/spettacolo\/cinema\/2026\/09\/02\/look-venezia-red-carpet-apertura\" data-intcmp=\"skytg24_liveblog_interlink_text\" rel=\"nofollow noopener\" target=\"_blank\"><strong>IL RED CARPET DELLA CERIMONIA DI APERTURA<\/strong><\/a>).<\/p>\n<p>Tra i <strong>21 film in<\/strong> <strong>Concorso <\/strong>(<a href=\"https:\/\/tg24.sky.it\/spettacolo\/cinema\/2026\/07\/23\/festival-cinema-venezia-2026\" data-intcmp=\"skytg24_liveblog_interlink_text\" rel=\"nofollow noopener\" target=\"_blank\"><strong>TUTTI I FILM IN CONCORSO<\/strong><\/a>) c\u2019\u00e8 Bucking Fastard di <strong>Werner Herzog<\/strong> e con <strong>Kate Mara<\/strong>, <strong>Rooney Mara<\/strong>, <strong>Orlando Bloom<\/strong> e <strong>Domhnall Gleeson<\/strong>.<\/p>\n<p>Sempre in <strong>Concorso <\/strong>c\u2019\u00e8 il <strong>film <\/strong>Wild Horse Nine di <strong>Martin McDonagh<\/strong> e con <strong>John Malkovich<\/strong>, <strong>Sam Rockwell<\/strong>e <strong>Steve Buscemi<\/strong>.<\/p>\n<p><strong>Fuori Concorso<\/strong> ci sono sia i <strong>film Non Fiction<\/strong> Everest: The Other Side di <strong>Elizabeth Chai Vasarhelyi <\/strong>e <strong>Jimmy Chin<\/strong> e Burgundy di <strong>Michael Dweck<\/strong> e <strong>Gregory Kershaw<\/strong>, sia il film <strong>Fiction<\/strong> <strong>italiano <\/strong>Nessun dolore di <strong>Gianni Amelio <\/strong>e con <strong>Alessandro Borghi<\/strong>, <strong>Valeria Golino<\/strong> e <strong>Valerio Mastandrea<\/strong>.<\/p>\n<p>Previsti anche l\u2019arrivo del <strong>cast<\/strong> del <strong>film<\/strong> Balcanica di <strong>Nicola Sorcinelli<\/strong> e con <strong>Matilda De Angelis<\/strong> (in gara nella sezione <strong>Giornate degli Autori<\/strong>), la <strong>Masterclass con George Clooney<\/strong> e la <strong>conferenza stampa di Venice Immersive<\/strong>.<\/p>\n<p>Nella sezione <strong>Orizzonti<\/strong> ci sono i film Moragheb (Falling House) di <strong>Mohsen Gharaei<\/strong> e Too Much Sugar di <strong>Robert Greene<\/strong>. Al via anche la sezione \u00a0<strong>Orizzonti Corti<\/strong> <strong>\u2013<\/strong> <strong>Fuori Concorso<\/strong>.<\/p>\n<p>Nella sezione <strong>Giornate degli Autori <\/strong>ci sono i <strong>film <\/strong>Waiting for Ken Loachdi<strong> Simone Amendola<\/strong>, Al Baraneya di Ashgan El-Hamus, I Plant My Head in the Garden di <strong>Hoda Taheri<\/strong> e <strong>Boris Hadzija <\/strong>e Scarpe rotte di <strong>Roberta Torre<\/strong> e con <strong>Barbara Ronchi<\/strong>.<\/p>\n<p>Nella sezione <strong>Settimana della Critica<\/strong> ci sono i <strong>film<\/strong> Les M\u00e9tamorphoses, Au F\u00e9minin di <strong>Mar\u00eda Gim\u00e9nez Cavallo<\/strong> e Il grande Giaffa di <strong>Marco Santi<\/strong>.<\/p>\n<p>Leggi di pi\u00f9 <\/p>\n<p>meno di un minuto fa<\/p>\n<p>Martin McDonagh presenta Wilde Horse Nine: il servizio di Sky Tg24<\/p>\n<p>Nel film siamo ci spostiamo poco prima del colpo di Stato cileno del 1973, quando gli agenti della CIA Chris e Lee vengono inviati da Santiago all\u2019Isola di Pasqua dal loro capo, MJ. Tra le emblematiche statue dell\u2019isola, mentre i due compagni di lunga data si confrontano con i propri oscuri trascorsi e con le cospirazioni del presente, il legame stretto da Chris con due studentesse ribelli rischia di far prendere una piega imprevista al soggiorno di tutti in questo remoto paradiso.<strong> Nel video l&#8217;intervista al regista\u00a0<\/strong><\/p>\n<p>A Venezia Martin McDonagh con Wilde Horse Nine<\/p>\n<p>16 minuti fa<\/p>\n<p>Walls of Dolls presenta &#8216;La violenza invisibile&#8217; alla Mostra di Venezia<\/p>\n<p>E&#8217; stato presentato oggi nello Spazio della Regione del Veneto alla Mostra di Venezia, &#8220;La violenza invisibile&#8221;, il decimo docufilm realizzato dall&#8217;associazione Wall of Dolls per raccontare e contrastare la violenza sulle donne. Un nuovo importante capitolo di un percorso che Wall of Dolls persegue da anni attraverso manifestazioni culturali, informazione, sensibilizzazione e sostegno concreto, con l&#8217;obiettivo di accendere i riflettori non soltanto sulle forme pi\u00f9 evidenti della violenza, ma anche su quelle pi\u00f9 subdole, quotidiane e difficili da riconoscere. La violenza invisibile \u00e8 infatti quella che spesso non lascia segni sul corpo, ma pu\u00f2 lasciare ferite profonde: il controllo, la manipolazione, la svalutazione, l&#8217;isolamento, la violenza psicologica ed economica. Una violenza che spesso si consuma nel silenzio e che, proprio per questo, rischia di essere riconosciuta troppo tardi.\u00a0<\/p>\n<p>Il docufilm nasce dalla volont\u00e0 di dare voce a storie, testimonianze e riflessioni capaci di restituire un quadro concreto di un fenomeno ancora drammaticamente presente nella nostra societ\u00e0. A presentare il docufilm l&#8217;artista Jo Squillo e la giornalista Francesca Carollo, impegnate da anni attraverso Wall of Dolls nella sensibilizzazione sul tema della violenza sulle donne. Erano presenti anche Moira Cucchi ed Emanuela Carnini, vittime e sopravvissute alla violenza, che con la loro presenza e le loro testimonianze hanno contribuito a rendere ancora pi\u00f9 forte e concreto il messaggio della giornata: raccontare la violenza significa anche dare voce a chi l&#8217;ha vissuta, rompere il silenzio e trasformare il dolore in consapevolezza e possibilit\u00e0 di rinascita. &#8220;Questo decimo documentario &#8211; \u00e8 stato detto &#8211; \u00e8 uno strumento di informazione potente. Il nostro obiettivo \u00e8 portarlo nelle scuole e nelle manifestazioni, veicolarlo ai giovani, per aprire discussioni e creare consapevolezza. Perch\u00e9 se si riesce aa riconoscere una violenza quando \u00e8 ancora invisibile, si pu\u00f2 fermarla prima che diventi tragedia&#8221;.\u00a0<\/p>\n<p>Leggi di pi\u00f9 <\/p>\n<p>22 minuti fa<\/p>\n<p>Oggi \u00e8 il giorno di Bucking Fastard, nel video l&#8217;intervista al cast <\/p>\n<p>Dai fiumi allucinati di Aguirre alla nave impossibile di Fitzcarraldo, fino all\u2019abbraccio notturno di Nosferatu, il cinema di <a href=\"https:\/\/tg24.sky.it\/spettacolo\/cinema\/2025\/08\/27\/francis-ford-coppola-werner-herzog-leone-d-oro-carriera-mostra-cinema-venezia\" data-intcmp=\"skytg24_liveblog_interlink_text\" rel=\"nofollow noopener\" target=\"_blank\"><strong>Herzog <\/strong><\/a>ha sempre cercato l\u2019estasi nel caos. Il film in gara a Venezia vede nel cast Kate Mara e Rooney Mara. Nel video il servizio di Sky Tg24\u00a0<\/p>\n<p>Herzog torna dopo anni di documentari a una storia di fiction con Bucking Fastard, in cui dirige le sorelle Kate e Rooney Mara in un racconto di amore e ossessione ispirato da una vicenda reale.<\/p>\n<p>34 minuti fa<\/p>\n<p>Natalia Paragoni illumina il Lido<\/p>\n<p>Alla Mostra internazionale del Cinema di Venezia, Natalia Paragoni sfoggia un outfit stilosissimo in black and white, oltre a uno dei suoi sorrisi pi\u00f9 sinceri. Recentemente l\u2019influenceraveva parlato apertamente della sua malattia sui social. Colpita da linfoma di Hodgkin, Paragoni ha voluto condividere con i suoi follower il momento difficile che sta attraversando. <a href=\"https:\/\/tg24.sky.it\/spettacolo\/2026\/07\/20\/natalia-paragoni-malattia\" data-intcmp=\"skytg24_liveblog_interlink_text\" rel=\"nofollow noopener\" target=\"_blank\"><strong>Leggi l&#8217;articolo completo.\u00a0<\/strong><\/a><\/p>\n<p><img decoding=\"async\" src=\"https:\/\/www.europesays.com\/it\/wp-content\/uploads\/2026\/09\/paragoni-Getty.jpg\" alt=\"Natalia Paragoni\" title=\"Natalia Paragoni alla Mostra internazionale del cinema di Venezia\" loading=\"lazy\"\/><\/p>\n<p class=\"lvbg-post-image__credits-v2\">\u00a9Getty<\/p>\n<p class=\"lvbg-post-image__caption-v2\">Natalia Paragoni alla Mostra internazionale del cinema di Venezia<\/p>\n<p>47 minuti fa<\/p>\n<p>Venezia 83, Edoardo Pesce in &#8220;Il grande Giaffa&#8221;<\/p>\n<p>&#8220;Pi\u00f9 che una tragicommedia \u00e8 una favola nera, che abbiamo evocato anche scegliendo come ambientazione un paese molto isolato, chiuso in se stesso, atemporale. Questa \u00e8 una storia che potrebbe svolgersi ai giorni nostri come vent&#8217;anni fa&#8221; spiega il regista sul film a Venezia nella sezione <strong>Giornate degli Autori.<\/strong><\/p>\n<p>Nel video &#8220;Venezia 83, Edoardo Pesce in Il grande Giaffa<\/p>\n<p>53 minuti fa<\/p>\n<p>I selfie stellari di Valeria Marini <\/p>\n<p>Valeria Marini non poteva mancare tra gli ospiti della Mostra del Cinema di Venezia 83, eccola nella foto mentre si diverte a scattare foto regalando baci e selfie stellari.\u00a0<\/p>\n<p><img decoding=\"async\" src=\"https:\/\/www.europesays.com\/it\/wp-content\/uploads\/2026\/09\/valeria-marini-Getty.jpg\" alt=\"Valeria Marini\" title=\"L'arrivo in laguna della showgirl sarda\" loading=\"lazy\"\/><\/p>\n<p class=\"lvbg-post-image__credits-v2\">\u00a9Getty<\/p>\n<p class=\"lvbg-post-image__caption-v2\">L&#8217;arrivo in laguna della showgirl sarda<\/p>\n<p>14:50<\/p>\n<p>Pallaoro vince il Premio Fondazione Mimmo Rotella<\/p>\n<p>E&#8217; Andrea Pallaoro, regista di The Echo Chamber, il vincitore della XXV edizione del Premio Fondazione Mimmo Rotella, il riconoscimento che ogni anno, in occasione della Mostra Internazionale d&#8217;Arte Cinematografica di Venezia, celebra il dialogo tra cinema e arti visive. Un&#8217;edizione particolarmente significativa, che coincide con i vent&#8217;anni dalla scomparsa di Mimmo Rotella e rinnova l&#8217;omaggio a uno dei protagonisti pi\u00f9 originali dell&#8217;arte italiana del Novecento e al profondo legame che ha sempre unito la sua ricerca al cinema. La cerimonia di premiazione si terr\u00e0 domani sera alla Collezione Peggy Guggenheim dove il Giardino delle sculture e la terrazza di Palazzo Venier dei Leoni, storica dimora di Peggy Guggenheim e oggi sede della sua collezione, ne rappresentano ancora una volta la cornice ideale.<\/p>\n<p>Leggi di pi\u00f9 <\/p>\n<p>14:47<\/p>\n<p>Valentina Cabassi incanta il Lido<\/p>\n<p>Tra i protagonisti dei film in gara e fuori concorso, numerosi gli ospiti che fanno il loro arrivo a Venezia 83, in foto tutto il glamour di Valentina Cabassi, compagna di vita del raper Ernia\u00a0<\/p>\n<p><img decoding=\"async\" src=\"https:\/\/www.europesays.com\/it\/wp-content\/uploads\/2026\/09\/valentina-cabassi-Getty.jpg\" alt=\"Valentina Cabassi\" title=\"Valentina Cabassi\" loading=\"lazy\"\/><\/p>\n<p class=\"lvbg-post-image__credits-v2\">\u00a9Getty<\/p>\n<p class=\"lvbg-post-image__caption-v2\">Valentina Cabassi<\/p>\n<p>14:41<\/p>\n<p>Al Lido sbarcano Nicola Sorcinelli e Matilda De Angelis<\/p>\n<p><strong>Nicola Sorcinelli<\/strong> con <strong>Matilda De Angelis<\/strong> (in gara nella sezione <strong>Giornate degli Autori<\/strong>) sorridono al loro arrivo in Laguna<\/p>\n<p><img decoding=\"async\" src=\"https:\/\/www.europesays.com\/it\/wp-content\/uploads\/2026\/09\/2-matilda-Getty.jpg\" alt=\"Nicola Sorcinelli e Matilda De Angelis\" title=\"Nicola Sorcinelli e Matilda De Angelis al loro arrivo a Venezia 83\" loading=\"lazy\"\/><\/p>\n<p class=\"lvbg-post-image__credits-v2\">\u00a9Getty<\/p>\n<p class=\"lvbg-post-image__caption-v2\">Nicola Sorcinelli e Matilda De Angelis al loro arrivo a Venezia 83<\/p>\n<p>14:05<\/p>\n<p>Matilda De Angelis sbarca al Lido<\/p>\n<p><strong>Matilda De Angelis<\/strong> \u00e8 appena arrivata al Lido, accolta da fotografi e fan presenti nell&#8217;area degli sbarchi. L&#8217;attrice ha salutato i presenti prima di dirigersi verso gli appuntamenti della giornata della Mostra.<\/p>\n<p><img decoding=\"async\" src=\"https:\/\/www.europesays.com\/it\/wp-content\/uploads\/2026\/09\/matilda de Angelis getty.jpg\" alt=\"                        \" loading=\"lazy\"\/><\/p>\n<p class=\"lvbg-post-image__credits-v2\">\u00a9Getty<\/p>\n<p>13:39<\/p>\n<p>Buckin Fastard, terminata la conferenza stampa  con Werner Herzog, le sorelle Mara e Orlando Bloom<\/p>\n<p>Presentato alla stampa Buckin Fastard, il nuovo film di Werner Herzog in concorso. Sul palco del Festival erano presenti il regista e il cast composto da Kate Mara, Rooney Mara, Orlando Bloom e Domhnall Gleeson.<\/p>\n<p>Tra i titoli pi\u00f9 attesi di questa terza giornata della Mostra, Buckin Fastard ha gi\u00e0 attirato l&#8217;attenzione di stampa e appassionati, mentre nelle prossime ore il cast sar\u00e0 protagonista anche sul red carpet del Lido.<\/p>\n<p><img decoding=\"async\" src=\"https:\/\/www.europesays.com\/it\/wp-content\/uploads\/2026\/09\/GettyImages-2293315573.jpg\" alt=\"                            \" title=\"Nella foto il regista Werner Herzog insieme agli interpreti del film durante il photocall al Festival di Venezia\" loading=\"lazy\"\/><\/p>\n<p class=\"lvbg-post-image__credits-v2\">\u00a9Getty<\/p>\n<p class=\"lvbg-post-image__caption-v2\">Nella foto il regista Werner Herzog insieme agli interpreti del film durante il photocall al Festival di Venezia<\/p>\n<p>13:26<\/p>\n<p>Ancora stelle sul red carpet del Lido<\/p>\n<p>Prosegue la parata di star alla Mostra del Cinema di Venezia. Tra gli arrivi pi\u00f9 attesi di oggi ci sono Kate e Rooney Mara, Orlando Bloom e Domhnall Gleeson, protagonisti di Buckin Fastard, il nuovo film di Werner Herzog.<\/p>\n<p>Grande attesa anche per il cast di Wild Horse Nine di Martin McDonagh, che porta al Lido nomi del calibro di John Malkovich, Sam Rockwell e Steve Buscemi.<\/p>\n<p>Sul tappeto rosso spazio anche al cinema italiano con Alessandro Borghi, Valeria Golino e Valerio Mastandrea tra i volti annunciati per la giornata.<\/p>\n<p><img decoding=\"async\" src=\"https:\/\/www.europesays.com\/it\/wp-content\/uploads\/2026\/09\/John Malkovich getty.jpg\" alt=\"                                    \" title=\"John Malkovich\" loading=\"lazy\"\/><\/p>\n<p class=\"lvbg-post-image__credits-v2\">\u00a9Getty<\/p>\n<p class=\"lvbg-post-image__caption-v2\">John Malkovich<\/p>\n<p>13:15<\/p>\n<p>Barbera, mostra da record; +14% di pubblico<\/p>\n<p>\u00abLa cerimonia \u00e8 andata molto bene. \u00c8 stata molto bella ed emozionante, con discorsi bellissimi. Non \u00e8 stata troppo lunga, perch\u00e9 ce la siamo cavata in 50 minuti. Mi sembra che il film abbia riscosso un buon successo e quindi credo che ci sia ben poco di cui lamentarsi. \u00c8 stata una buona partenza e spero che sia di buon auspicio per questa edizione della Mostra\u00bb.<\/p>\n<p>A fare il punto, il giorno successivo all&#8217;apertura ufficiale dell&#8217;83\u00aa Mostra Internazionale d&#8217;Arte Cinematografica, \u00e8 il direttore Alberto Barbera. Alla sua quindicesima direzione consecutiva, intercettato nei corridoi dell&#8217;Hotel Excelsior, a pochi minuti dall&#8217;inaugurazione dell&#8217;Italian Pavilion, non si sottrae alle domande dei giornalisti.<\/p>\n<p>\u00abAbbiamo venduto il 14% di biglietti in pi\u00f9 rispetto all&#8217;anno scorso. Non era scontato, viste le difficolt\u00e0 economiche e l&#8217;assenza di molti film americani e di star hollywoodiane\u00bb, ha aggiunto. \u00abEvidentemente la gente viene al Festival non soltanto per i divi, ma per l&#8217;evento, per i film e per condividere un&#8217;esperienza\u00bb.<\/p>\n<p>Un&#8217;edizione che registra dunque un trend di crescita costante e che punta soprattutto sulla vitalit\u00e0 del pubblico e sul ricambio generazionale nelle sale.<\/p>\n<p>\u00abIn 15 anni ho visto cambiare il pubblico con una velocit\u00e0 impressionante\u00bb, sottolinea Barbera. \u00abLa vecchia generazione di critici e cinefili sta scomparendo per motivi anagrafici, ma la cosa straordinaria \u00e8 che c&#8217;\u00e8 un pubblico giovanissimo, tra i 16 e i 25 anni, che ha la stessa curiosit\u00e0 e passione che avevamo noi da ragazzi\u00bb.<\/p>\n<p>Le statistiche confermano che i giovani stanno tornando al cinema, magari attirati inizialmente dai grandi blockbuster, ma pronti poi a tornare in sala per scoprire film pi\u00f9 difficili e impegnativi.<\/p>\n<p><img decoding=\"async\" src=\"https:\/\/www.europesays.com\/it\/wp-content\/uploads\/2026\/09\/IPA_Agency_IPA49130695 (1).jpg\" alt=\"                                \" title=\"Alberto Barbera\" loading=\"lazy\"\/><\/p>\n<p class=\"lvbg-post-image__credits-v2\">\u00a9IPA\/Fotogramma<\/p>\n<p class=\"lvbg-post-image__caption-v2\">Alberto Barbera<\/p>\n<p>13:00<\/p>\n<p>Wild Horse Nine, la conferenza stampa a Venezia<\/p>\n<p>Martin McDonagh presenta al Lido Wild Horse Nine, in concorso all\u201983\u00aa Mostra del Cinema di Venezia. La storia \u00e8 ambientata poco prima del colpo di Stato cileno del 1973, con due agenti della CIA inviati all\u2019Isola di Pasqua. Nel cast John Malkovich, Sam Rockwell, Steve Buscemi, Mariana Di Girolamo, Tom Waits e Parker Posey.<br \/>\nUna commedia nera che intreccia intrighi politici, passato e cospirazioni sullo sfondo di un luogo remoto e simbolico.<\/p>\n<p>12:55<\/p>\n<p>Buttafuoco: &#8220;Venezia \u00e8 un appuntamento per raccontare contesto&#8221;<\/p>\n<p>&#8220;\u00c8 il mondo che si d\u00e0 appuntamento a Venezia per raccontare il contesto, lo Zeitgeist di quel che l\u2019industria cinematografica fa&#8221;. Lo ha sottolineato il presidente della Fondazione La Biennale di Venezia, Pietrangelo Buttafuoco, intervenendo all\u2019inaugurazione dell\u2019Italian Pavilion al Lido di Venezia.<\/p>\n<p>Nel delineare la centralit\u00e0 della Biennale, Buttafuoco ha ricordato la &#8220;meritoria, meravigliosa, importante, potente direzione di Alberto Barbera&#8221; e il ruolo di Venezia nell\u2019offrire al mondo &#8220;l\u2019identit\u00e0 speciale d\u2019Italia&#8221; attraverso il cinema.<\/p>\n<p>Un grande racconto italiano che arriva fino ai giorni nostri e che, secondo Buttafuoco, rappresenta &#8220;l\u2019unico ambito in cui non risultiamo pittoreschi, ma geniali&#8221;.<\/p>\n<p>Leggi di pi\u00f9 <\/p>\n<p>12:52<\/p>\n<p>Giuli: &#8220;Mostra di Venezia un luogo dove prevale il dialogo sullo spirito di parte&#8221;<\/p>\n<p>&#8220;Mi piace pensare che si arrivi a questo straordinario appuntamento della Biennale cinematografica di Venezia con uno stil novo, cio\u00e8 la capacit\u00e0 di far prevalere il dialogo sullo spirito di parte. Questo \u00e8 fondamentale per tutti, per la politica, per la coscienza civile di tutti noi, ma anche perch\u00e9 non bisogna mai dimenticare quale \u00e8 il contesto in tutto ci\u00f2 avviene&#8221;. Lo ha detto il ministro della Cultura Alessandro Giuli all&#8217;inaugurazione dello spazio Italian Pavilion, organizzato da Cinecitt\u00e0 a Lido per la direzione generale Cinema e Audiovisivo del ministero della Cultura. &#8220;Il contesto \u00e8 un mondo attraversato da guerre, da nuove cortine di ferro, da terribili nuovi fabbisogni di vita, di chi la sta perdendo, di libert\u00e0 &#8211; ha sottolineato -, di fabbisogno culturale. Bisogna sempre ricordarsi che noi facciamo parte del mondo libero. La critica, l&#8217;autocritica il confronto anche aspro tra persone che si stimano, si vogliono bene e tra persone che hanno visioni del mondo a volte anche irriducibili le une con le altre pu\u00f2 avvenire soltanto nel mondo libero. Da una disfatta militare ci si pu\u00f2 riprendere, si rinasce fin dall&#8217;antichit\u00e0, da una disfatta culturale non ci si riprender\u00e0 mai e noi dobbiamo continuare con le nostre mille benedette contraddizioni a rappresentare la libert\u00e0&#8221;.\u00a0<\/p>\n<p>Leggi di pi\u00f9 <\/p>\n<p>12:27<\/p>\n<p>Matilda De Angelis e Nicola Sorcinelli al Lido<\/p>\n<p>Matilda De Angelis e Nicola Sorcinelli al Lido di Venezia in occasione dell\u201983\u00aa Mostra del Cinema.<br \/>\nL\u2019attrice e il regista presentano Balcanica, opera prima di Sorcinelli e unico film italiano in concorso alle Giornate degli Autori.<br \/>\nDe Angelis \u00e8 protagonista e produttrice associata del film, che racconta la fuga di un padre e un figlio dall\u2019Afghanistan lungo la rotta balcanica.<\/p>\n<p><img decoding=\"async\" src=\"https:\/\/www.europesays.com\/it\/wp-content\/uploads\/2026\/09\/GettyImages-2293306865.jpg\" alt=\"Matilda De Angelis e Nicola Sorcinelli\" loading=\"lazy\"\/><\/p>\n<p class=\"lvbg-post-image__credits-v2\">\u00a9Getty<\/p>\n<p>12:24<\/p>\n<p>Matilda De Angelis, l\u2019arrivo al Lido di Venezia<\/p>\n<p>Matilda De Angelis arriva al Lido di Venezia in occasione dell\u201983\u00aa Mostra del Cinema. L\u2019attrice \u00e8 protagonista di uno degli appuntamenti della giornata dedicati al cinema italiano. A Venezia presenta anche il nuovo progetto Balcanica di Nicola Sorcinelli, atteso tra gli eventi della Mostra.<\/p>\n<p><img decoding=\"async\" src=\"https:\/\/www.europesays.com\/it\/wp-content\/uploads\/2026\/09\/GettyImages-2293305615.jpg\" alt=\"Matilda De Angelis\" loading=\"lazy\"\/><\/p>\n<p class=\"lvbg-post-image__credits-v2\">\u00a9Getty<\/p>\n<p>12:18<\/p>\n<p>Everest: The Other Side, la conferenza stampa a Venezia<\/p>\n<p>Alla Mostra di Venezia la conferenza stampa di Everest: The Other Side, presentato <strong>fuori concorso nella sezione Venezia Open<\/strong>.<br \/>\nIl documentario di Elizabeth Chai Vasarhelyi e Jimmy Chin racconta la storia d\u2019amore e la sfida estrema degli alpinisti Jim Morrison e Hilaree Nelson.<br \/>\nAl centro, il sogno di affrontare la parete Nord dell\u2019Everest e realizzare una discesa con gli sci mai compiuta prima.<br \/>\nUn racconto di ambizione, rischio e perdita, attraverso immagini spettacolari e una forte dimensione umana.<\/p>\n<p>Leggi di pi\u00f9 <\/p>\n<p>11:53<\/p>\n<p>Barbera: &#8220;Bandiera Palestina? Non ci sono margini&#8221;<\/p>\n<p>Sull&#8217;issare la bandiera palestinese &#8220;non ci sono margini, nel senso che la Biennale pu\u00f2 esporre soltanto le bandiere degli Stati riconosciuti dal governo italiano&#8221;. Lo dice il direttore della Mostra del Cinema di Venezia Alberto Barbera rispondendo ai giornalisti prima dell&#8217;apertura dell&#8217;Italian Pavilion al Lido. &#8220;Il governo italiano \u00e8 uno dei pochi che non ha ancora riconosciuto la Palestina, allora la domanda non va rivolta a noi ma allo Stato italiano. Per quanto riguarda la nostra posizione, la Biennale &#8211; sottolinea &#8211; non fa dichiarazioni politiche, non prende partito direttamente, lo fa attraverso il lavoro che svolge, attraverso i film che propone, attraverso la difesa assoluta e rigorosa della libert\u00e0 di espressione a creazione di un spazio aperto a tutti di discussione e di confronto&#8221;.\u00a0<\/p>\n<p>Leggi di pi\u00f9 <\/p>\n<p>11:43<\/p>\n<p>Laura Dern, ancora protagonista al Lido di Venezia<\/p>\n<p>Oggi Laura Dern resta una delle presenze pi\u00f9 significative al Lido, dopo aver consegnato ieri sera il Leone d\u2019Oro alla carriera a George Clooney. I due sono tornati a condividere la scena dopo Jay Kelly, il film di Noah Baumbach presentato in concorso a Venezia nel 2025. Un legame artistico che si intreccia con una lunga storia personale della Dern con la Mostra, dove \u00e8 tornata pi\u00f9 volte nel corso della sua carriera.<\/p>\n<p><img decoding=\"async\" src=\"https:\/\/www.europesays.com\/it\/wp-content\/uploads\/2026\/09\/GettyImages-2293291702.jpg\" alt=\"Laura Dern\" loading=\"lazy\"\/><\/p>\n<p class=\"lvbg-post-image__credits-v2\">\u00a9Getty<\/p>\n<p>11:36<\/p>\n<p>Carlotta Gamba, Marco Santi, Edoardo Pesce e Barbara Chichiarelli al Lido<\/p>\n<p>Marco Santi, Edoardo Pesce, Carlotta Gamba e Barbara Chichiarelli al Lido di Venezia per l\u201983\u00aa Mostra del Cinema.<br \/>\nIl regista e gli attori presentano Il grande Giaffa, opera prima di Santi e film d\u2019apertura della Settimana Internazionale della Critica. Nel cast Pesce interpreta Giacomo Falta, un uomo ai margini che cerca di reinventarsi inseguendo l\u2019identit\u00e0 di un altro.<\/p>\n<p><img decoding=\"async\" src=\"https:\/\/www.europesays.com\/it\/wp-content\/uploads\/2026\/09\/GettyImages-2293289002.jpg\" alt=\"Foto di gruppo\" loading=\"lazy\"\/><\/p>\n<p>11:35<\/p>\n<p>La ragazza con la Leica, la recensione del film di Alina Marazzi su Gerda Taro<\/p>\n<p>Il <strong>film<\/strong> La ragazza con la Leica di <strong>Alina Marazzi<\/strong>, liberamente ispirato all&#8217;omonimo romanzo di Helena Janeczek vincitore del Premio Strega nel 2018, ha aperto la sezione <strong>Orizzonti<\/strong> della 83\u00aa edizione della Mostra Internazionale del Cinema di Venezia.<\/p>\n<p>Girato in Super8 e 16mm e intrecciato a immagini di repertorio, ha il suo perno nell\u2019ultimo giorno parigino di <strong>Gerda Taro<\/strong>, prima fotoreporter donna caduta sul campo di battaglia, ma si muove tra flashback e un presente immaginato. Tra esilio, amore con Robert Capa e la Leica come strumento di lotta, la regista della memoria restituisce alla fotografa un volto e uno sguardo che il mito del compagno aveva lasciato in ombra.<\/p>\n<p><a href=\"https:\/\/tg24.sky.it\/spettacolo\/cinema\/2026\/09\/02\/la-ragazza-con-la-leica-film-recensione\" title=\"Venezia 2026,  La ragazza con la Leica: la recensione del film\" class=\"lvbg-post-link\" data-intcmp=\"skytg24_liveblog_liveblog-preview_null\" data-analytics-element=\"liveblog-preview\" rel=\"nofollow noopener\" target=\"_blank\"><img alt=\"Venezia 2026,  La ragazza con la Leica: la recensione del film\" style=\"opacity:0;transition:opacity 0.3s\" class=\"lvbg-post-link__image\"\/>Venezia 2026,  La ragazza con la Leica: la recensione del filmVai al contenuto <\/a><\/p>\n<p>11:25<\/p>\n<p>Ink di Danny Boyle inaugura il concorso della Mostra del Cinema di Venezia. La recensione<\/p>\n<p><strong>Danny Boyle<\/strong> ha inaugurato il <strong>Concorso<\/strong> della 83\u00aa <strong>edizione della Mostra del Cinema di Venezia<\/strong> con il <strong>film<\/strong> Ink, il ritratto febbrile della trasformazione del Sun e della nascita del tabloid moderno.<\/p>\n<p>Londra, 1969: il giovane magnate Rupert Murdoch (<strong>Guy Pearce<\/strong>) rileva il giornale e affida a Larry Lamb (<strong>Jack O&#8217;Connell<\/strong>) il compito di scalzare il Daily Mirror in un solo anno. Tratto dalla pi\u00e8ce di James Graham e con <strong>Claire Foy<\/strong>, il film corre come una rapina e trasforma la fabbrica del giornale in un organismo pulsante. Ma dietro i titoli urlati si nasconde una domanda che ci riguarda tutti: quel giornale ha generato l&#8217;informazione di oggi o ne \u00e8 stata la prima, lucida conseguenza?<\/p>\n<p><a href=\"https:\/\/tg24.sky.it\/spettacolo\/cinema\/2026\/09\/02\/ink-film-recensione\" title=\"Ink di Danny Boyle alla Mostra del Cinema di Venezia. La recensione\" class=\"lvbg-post-link\" data-intcmp=\"skytg24_liveblog_liveblog-preview_null\" data-analytics-element=\"liveblog-preview\" rel=\"nofollow noopener\" target=\"_blank\"><img alt=\"Ink di Danny Boyle alla Mostra del Cinema di Venezia. La recensione\" style=\"opacity:0;transition:opacity 0.3s\" class=\"lvbg-post-link__image\"\/>Ink di Danny Boyle alla Mostra del Cinema di Venezia. La recensioneVai al contenuto <\/a><\/p>\n<p>11:15<\/p>\n<p>George Clooney: &#8220;Come Mastroianni? No, lui \u00e8 il massimo&#8221;<\/p>\n<p>&#8220;Sono come <strong>Marcello Mastroianni<\/strong>? No! Lui \u00e8 il massimo, lui \u00e8 il re&#8221;, ha detto <strong>George Clooney <\/strong>ai microfoni di Sky TG24.<\/p>\n<p>11:05<\/p>\n<p>Il red carpet della cerimonia di apertura, da Greta Scarano a Bianca Balti<\/p>\n<p>Si \u00e8 alzato il sipario sulla 83\u00aa edizione della Mostra Internazionale del Cinema di Venezia, e per la <strong>cerimonia di apertura<\/strong> le star hanno indossato l&#8217;abito da sera. Gli abiti scuri, il pizzo e i drappeggi hanno caratterizzato la maggior parte dei look glamour, da <strong>Jonathan Bailey<\/strong>, a <strong>Nicholas Galitzine<\/strong>, fino a <strong>Damian Hardung<\/strong>.<\/p>\n<p><a href=\"https:\/\/tg24.sky.it\/spettacolo\/cinema\/2026\/09\/02\/look-venezia-red-carpet-apertura\" title=\"Mostra Cinema Venezia 2026, il red carpet della cerimonia di apertura\" class=\"lvbg-post-link\" data-intcmp=\"skytg24_liveblog_liveblog-preview_null\" data-analytics-element=\"liveblog-preview\" rel=\"nofollow noopener\" target=\"_blank\"><img alt=\"Mostra Cinema Venezia 2026, il red carpet della cerimonia di apertura\" style=\"opacity:0;transition:opacity 0.3s\" class=\"lvbg-post-link__image\"\/>Mostra Cinema Venezia 2026, il red carpet della cerimonia di aperturaVai al contenuto <\/a><\/p>\n<p>11:01<\/p>\n<p>Fabio Testi, il ritorno al Lido di Venezia<\/p>\n<p>Fabio Testi \u00e8 arrivato al Lido di Venezia in occasione dell\u201983\u00aa Mostra del Cinema. L\u2019attore, volto storico del cinema italiano, \u00e8 tra gli ospiti della manifestazione. Per lui un ritorno nella citt\u00e0 che da decenni celebra il grande cinema internazionale.<\/p>\n<p><img decoding=\"async\" src=\"https:\/\/www.europesays.com\/it\/wp-content\/uploads\/2026\/09\/GettyImages-2293290317.jpg\" alt=\"Fabio Testi\" loading=\"lazy\"\/><\/p>\n<p class=\"lvbg-post-image__credits-v2\">\u00a9Getty<\/p>\n<p>10:58<\/p>\n<p>Venezia cinema, ancora Clooney protagonista a seconda giornata<\/p>\n<p>Dopo il Leone d\u2019Oro alla Carriera ricevuto nella cerimonia inaugurale, George Clooney torna al centro della seconda giornata della Mostra del Cinema di Venezia con una masterclass alla Match Point Arena del Tennis Club Venezia, dove incontrer\u00e0 il pubblico e racconter\u00e0 il suo percorso artistico.<\/p>\n<p>Sul fronte del concorso, riflettori puntati su Wild Horse Nine di Martin McDonagh, ambientato in Cile e interpretato da un cast che riunisce John Malkovich, Sam Rockwell, Steve Buscemi, Tom Waits e Parker Posey. Attesa anche per Bucking Fastard di Werner Herzog, con Rooney Mara, Kate Mara, Orlando Bloom e Domhnall Gleeson.<\/p>\n<p>Tra gli appuntamenti italiani spicca invece la prima proiezione fuori concorso di Nessun dolore di Gianni Amelio, con Alessandro Borghi, Valeria Golino e Valerio Mastandrea. La giornata si apre inoltre con l\u2019inaugurazione dell\u2019Italian Pavilion all\u2019Hotel Excelsior, dedicato all\u2019industria cinematografica italiana.<\/p>\n<p>Leggi di pi\u00f9 <\/p>\n<p>10:55<\/p>\n<p>Il riassunto della prima giornata<\/p>\n<p>Il 2 settembre 2026 la <strong>cerimonia di apertura<\/strong> condotta da <strong>Greta Scarano<\/strong> e <strong>Nicolas Maupas<\/strong> ha inaugurato la <strong>83\u00aa edizione della Mostra Internazionale del Cinema di Venezia<\/strong>. Il <strong>film di apertura<\/strong> \u00e8 stato Ink di <strong>Danny Boyle<\/strong>, mentre <strong>George Clooney <\/strong>ha ricevuto la <strong>laudatio di Laura Dern <\/strong>e il <strong>Leone d&#8217;Oro alla Carriera<\/strong>.<\/p>\n<p>10:45<\/p>\n<p>Gli altri film<\/p>\n<p>Nella sezione <strong>Biennale College Cinema<\/strong> c\u2019\u00e8 il <strong>film<\/strong> Demetra in esilio di <strong>Maria Giovanna Cicciari<\/strong>.<\/p>\n<p>Nella sezione <strong>Venezia Spotlight<\/strong> c\u2019\u00e8 il <strong>film<\/strong> Sumo: Spirit Weighs Nothing di <strong>Erik Shirai<\/strong>.<\/p>\n<p>Nella sezione <strong>Venezia Classici<\/strong> ci sono i <strong>film<\/strong> Col cuore in gola di <strong>Tinto Brass<\/strong>, Minnie e Moskowitz di <strong>John Cassavetes<\/strong> e Gyoei No Mure (The Catch) di <strong>Shinji Somai<\/strong>.<\/p>\n<p>Nella sezione <strong>Settimana della Critica<\/strong> ci sono i <strong>film<\/strong> Les M\u00e9tamorphoses, Au F\u00e9minin di <strong>Mar\u00eda Gim\u00e9nez Cavallo<\/strong> e Il grande Giaffa di <strong>Marco Santi<\/strong>.<\/p>\n<p>10:35<\/p>\n<p>Giornate degli Autori, Scarpe rotte di Roberta Torre e con Barbara Ronchi<\/p>\n<p>Nella sezione <strong>Giornate degli Autori <\/strong>c&#8217;\u00e8 il <strong>film <\/strong>Scarpe rottedi <strong>Roberta Torre <\/strong>econ<strong> Barbara Ronchi<\/strong>.<\/p>\n<p>Roma, durante la Seconda Guerra Mondiale. Clara e Vera trascorrono il tempo in casa: bevono il t\u00e8, mettono in ordine, parlano. Clara e Vera parlano di tutto. Di ci\u00f2 che \u00e8 accaduto all&#8217;una e all&#8217;altra, di chi non c&#8217;\u00e8, di chi manca. Al centro dei loro discorsi \u2013 come un leitmotiv musicale, e come un&#8217;occasione per parlare di ci\u00f2 di cui non si pu\u00f2 parlare \u2013 ci sono le scarpe. Che dovrebbero essere intere, se non addirittura eleganti almeno decenti, e invece sono rotte, piene di spaccature, con la suola che si stacca; ma ci sono solo quelle, bisogna arrangiarsi, esserne orgogliosi e persino \u2013 anche se in tempo di guerra sembra assurdo \u2013 un poco gioirne. Perch\u00e9 allora non organizzare un concorso di scarpe rotte, con tanto di giudice e concorrenti? Scarpe rotte racconta la storia di due donne e del loro legame. Racconta in che modo a volte il sogno ha la capacit\u00e0 di tenere a bada il caos del mondo.<\/p>\n<p><img decoding=\"async\" src=\"https:\/\/www.europesays.com\/it\/wp-content\/uploads\/2026\/09\/mostra-cinema-venezia-scarpe-rotte-barbara-ronchi-wp.jpg\" alt=\"Mostra del Cinema di Venezia film Scarpe Rotte Barbara Ronchi\" loading=\"lazy\"\/><\/p>\n<p class=\"lvbg-post-image__credits-v2\">\u00a9Webphoto<\/p>\n<p>10:27<\/p>\n<p> George Clooney e la moglie Amal sul red carpet della Mostra del Cinema di Venezia 2026<\/p>\n<p>La coppia delle coppie sfila sul red carpet della premi\u00e8re di Ink, andata in scena ieri sera (2 settembre 2026). Elegantissimi nei rispettivi look da sera, lei ha indossato un lungo abito nero Tom Ford, mentre lui ha optato per uno smoking Giorgio Armani. Ecco gli scatti pi\u00f9 belli, in cui emerge chiaramente tutta la loro complicit\u00e0 (ed eleganza, basta guardarli!).<\/p>\n<p><a href=\"https:\/\/tg24.sky.it\/spettacolo\/cinema\/2026\/09\/03\/george-clooney-amal-venezia-festival-red-carpet\" title=\"George e Amal Clooney sul tappeto della Mostra del Cinema di Venezia\" class=\"lvbg-post-link\" data-intcmp=\"skytg24_liveblog_liveblog-preview_null\" data-analytics-element=\"liveblog-preview\" rel=\"nofollow noopener\" target=\"_blank\"><img alt=\"George e Amal Clooney sul tappeto della Mostra del Cinema di Venezia\" style=\"opacity:0;transition:opacity 0.3s\" class=\"lvbg-post-link__image\"\/>George e Amal Clooney sul tappeto della Mostra del Cinema di VeneziaVai al contenuto <\/a><\/p>\n<p>10:25<\/p>\n<p>Giornate degli Autori, I Plant My Head in the Garden di Hoda Taheri e Boris Hadzija<\/p>\n<p>Nella sezione <strong>Giornate degli Autori <\/strong>c&#8217;\u00e8 il <strong>film <\/strong>I Plant My Head in the Garden di <strong>Hoda Taheri<\/strong> e <strong>Boris Hadzija<\/strong>.<\/p>\n<p>Hoda, una rifugiata iraniana che vive a Berlino, \u00e8 incinta e innamorata di Boris, gay queer originario della Serbia. Insieme decidono di sposarsi e crescere il bambino, immaginando un futuro fondato sulle loro regole. Mentre si preparano al matrimonio e si addentrano sempre pi\u00f9 nei rispettivi mondi, la loro relazione viene messa a dura prova dalla burocrazia, dalle aspettative familiari e da storie che nessuno dei due pu\u00f2 lasciarsi alle spalle.<\/p>\n<p>Leggi di pi\u00f9 <\/p>\n<p>10:15<\/p>\n<p>Giornate degli Autori, Al Baraneya di Ashgan El-Hamus<\/p>\n<p>Nella sezione <strong>Giornate degli Autori <\/strong>c&#8217;\u00e8 il <strong>film <\/strong>Al Baraneya di<strong> Ashgan El-Hamus<\/strong>.<\/p>\n<p>Amal \u00e8 incinta e abita con la sua famiglia ad Al Baraneya, un villaggio circondato da campi di gelsomino alle porte del Cairo. La loro \u00e8 una vita caotica e piena d\u2019amore. Un giorno, per\u00f2, cambia tutto perch\u00e9 una persona facoltosa manifesta l\u2019intenzione di acquistare il loro terreno.<\/p>\n<p>10:08<\/p>\n<p>Venice4Palestine rilancia la richiesta alla Mostra, &#8216;issate la bandiera palestinese&#8217;<\/p>\n<p>&#8220;Dopo il no del direttore Alberto Barbera, Venice4Palestine torna a chiedere alla Biennale di issare la bandiera palestinese per tutta la restante durata della Mostra, sottolineando la presenza in selezione ufficiale di due film indicati dalla stessa manifestazione come palestinesi&#8221; si legge in una nota. Il collettivo, &#8220;il cui nuovo appello ha gi\u00e0 superato il migliaio di firme, replica alle dichiarazioni di Barbera a Repubblica, secondo cui la bandiera non pu\u00f2 essere esposta perch\u00e9 la Palestina non \u00e8 riconosciuta come Stato dall&#8217;Italia, e invita la Biennale ad andare &#8220;oltre i protocolli&#8221;, assumendo una posizione pubblica che si traduca in un gesto concreto&#8221;. Venice4Palestine &#8220;esprime inoltre solidariet\u00e0 agli artisti che si sono esposti pubblicamente sulla Palestina, citando Vanessa Redgrave, Susan Sarandon e Mark Ruffalo, e rilancia l&#8217;appuntamento del 9 settembre a Roma, dalle 13.00 davanti a Montecitorio, per la maratona di protesta e dissenso: &#8220;La solidariet\u00e0 non si processa, il dissenso non si silenzia&#8221;.\u00a0<\/p>\n<p>Leggi di pi\u00f9 <\/p>\n<p>10:05<\/p>\n<p>Giornate degli Autori, Waiting for Ken Loach di Simone Amendola<\/p>\n<p>Nella sezione <strong>Giornate degli Autori <\/strong>c&#8217;\u00e8 il <strong>film <\/strong>Waiting for Ken Loachdi<strong> Simone Amendola<\/strong>.<\/p>\n<p>Sotto il segno del regista inglese, e delle sue narrazioni del riscatto, in Salento un gruppo di teenager scopre il cinema grazie a una prof e scrive una pagina inedita della propria citt\u00e0. \u00c8 la nascita del Piccolo Cinema Ken Loach.<\/p>\n<p><img decoding=\"async\" src=\"https:\/\/www.europesays.com\/it\/wp-content\/uploads\/2026\/09\/mostra-del-cinema-di-venezia-waiting-for-ken-loach-wp.jpg\" alt=\"Mostra del Cinema di Venezia 2026 film Waiting for Ken Loach\" loading=\"lazy\"\/><\/p>\n<p class=\"lvbg-post-image__credits-v2\">\u00a9Webphoto<\/p>\n<p>09:55<\/p>\n<p>Orizzonti, Too Much Sugar di Robert Greene<\/p>\n<p>Nella sezione <strong>Orizzonti<\/strong> c&#8217;\u00e8 anche il <strong>film <\/strong>Too Much Sugar di <strong>Robert Greene<\/strong>.<\/p>\n<p>Ryan \u201cHolli-wood\u201d Holliger \u00e8 un uomo tenace e carismatico, padre di sei figli avuti da cinque donne diverse. Il suo migliore amico AccRite \u00e8 un rapper che si guadagna da vivere con lavori manuali e deve fare i conti con una perdita inimmaginabile. Insieme coltivano il sogno di realizzare un film sulla paternit\u00e0 nella loro cittadina operaia del Missouri. Nel corso di un anno cruciale e imprevedibile, quel film finisce per trasformarsi in qualcosa di completamente diverso: un percorso verso la responsabilit\u00e0, la guarigione e una nuova consapevolezza di s\u00e9, per loro e per le loro famiglie.<\/p>\n<p>Leggi di pi\u00f9 <\/p>\n<p>09:45<\/p>\n<p>Orizzonti, Moragheb di Mohsen Gharaei<\/p>\n<p>Nella sezione <strong>Orizzonti<\/strong> c&#8217;\u00e8 il <strong>film<\/strong> Moragheb (Falling House) di <strong>Mohsen Gharaei<\/strong>.<\/p>\n<p>Alla periferia di Teheran, una famiglia modesta rischia di perdere la propria casa, destinata a essere demolita per fare spazio a un imponente progetto di riqualificazione urbana. Mentre Rashid, padre di famiglia e guardia carceraria, viene accusato di corruzione, scopre che la figlia maggiore Ensi sta progettando in segreto di lasciare l\u2019Iran per diventare modella. Intanto le ruspe si avvicinano e la tensione tra le mura di casa cresce.<\/p>\n<p>Leggi di pi\u00f9 <\/p>\n<p>09:35<\/p>\n<p>Avvistati anche Jack O&#8217;Connell e Danny Boyle<\/p>\n<p>Avvistati anche un altro attore e il regista del film di apertura di Venezia 83 Ink, rispettivamente <strong>Jack O&#8217; Connell<\/strong> e <strong>Danny Boyle<\/strong>.<\/p>\n<p><img decoding=\"async\" src=\"https:\/\/www.europesays.com\/it\/wp-content\/uploads\/2026\/09\/jack-o-connell-danny-boyle-mostra-cinema-venezia-2026-getty.jpg\" alt=\"Jack O' Connell Danny Boyle Mostra del Cinema di Venezia 2026\" loading=\"lazy\"\/><\/p>\n<p class=\"lvbg-post-image__credits-v2\">\u00a9Getty<\/p>\n<p>09:35<\/p>\n<p>La Masterclass con George Clooney<\/p>\n<p>Oggi si terr\u00e0 anche la <strong>Masterclass con George Clooney<\/strong>. Il 2 settembre 2026, durante la <strong>cerimonia di apertura<\/strong>, l&#8217;attore e regista statunitense ha ricevuto la <strong>laudatio di Laura Dern<\/strong> e il <strong>Leone d&#8217;Oro alla Carriera<\/strong>.<\/p>\n<p><a href=\"https:\/\/tg24.sky.it\/spettacolo\/cinema\/2026\/09\/02\/festival-venezia-cerimonia-apertura-diretta\" title=\"Mostra del Cinema di Venezia, bagno di folla per Clooney\" class=\"lvbg-post-link\" data-intcmp=\"skytg24_liveblog_liveblog-preview_null\" data-analytics-element=\"liveblog-preview\" rel=\"nofollow noopener\" target=\"_blank\"><img alt=\"Mostra del Cinema di Venezia, bagno di folla per Clooney\" style=\"opacity:0;transition:opacity 0.3s\" class=\"lvbg-post-link__image\"\/>Mostra del Cinema di Venezia, bagno di folla per ClooneyVai al contenuto <\/a><\/p>\n<p>09:33<\/p>\n<p>Il saluto di Guy Pearce al Lido<\/p>\n<p><strong>Guy Pearce<\/strong>, che interpreta Rupert Murdoch nel <strong>film di apertura<\/strong> della 83\u00aa edizione della Mostra Internazionale del Cinema di Venezia, Ink di <strong>Danny Boyle<\/strong>, saluta i fan al Lido.<\/p>\n<p><img decoding=\"async\" src=\"https:\/\/www.europesays.com\/it\/wp-content\/uploads\/2026\/09\/guy-pearce-mostra-cinema-venezia-2026-getty.jpg\" alt=\"Mostra del Cinema di Venezia 2026 Guy Pearce\" loading=\"lazy\"\/><\/p>\n<p class=\"lvbg-post-image__credits-v2\">\u00a9Getty<\/p>\n<p>09:29<\/p>\n<p>L&#8217;arrivo di Orlando Bloom<\/p>\n<p><strong>Orlando Bloom <\/strong>\u00e8 arrivato al Lido. L&#8217;attore uno dei protagonisti del <strong>film<\/strong> Bucking Fastard di <strong>Werner Herzog<\/strong>, oggi in <strong>Concorso<\/strong>, insieme a <strong>Kate Mara<\/strong>, <strong>Rooney Mara <\/strong>e <strong>Domhnall Gleeson<\/strong>.<\/p>\n<p><img decoding=\"async\" src=\"https:\/\/www.europesays.com\/it\/wp-content\/uploads\/2026\/09\/mostra-cinema-venezia-2026-orlando-bloom-getty.jpg\" alt=\"Mostra del Cinema di Venezia 2026 Orlando Bloom\" loading=\"lazy\"\/><\/p>\n<p class=\"lvbg-post-image__credits-v2\">\u00a9Getty<\/p>\n<p>09:25<\/p>\n<p>Giornate degli Autori, atteso il cast di Balcanica di Nicola Sorcinelli e con Matilda De Angelis<\/p>\n<p>Previsti anche l\u2019arrivo del <strong>cast<\/strong> del <strong>film<\/strong> Balcanica di <strong>Nicola Sorcinelli<\/strong> e con <strong>Matilda De Angelis<\/strong> (in gara nella sezione <strong>Giornate degli Autori<\/strong>).<\/p>\n<p>Quando la musica viene messa al bando in Afghanistan, il direttore d\u2019orchestra Nazar e suo figlio Jalil, giovane suonatore di tuba, sono costretti ad abbandonare tutto ci\u00f2 che conoscono. Intraprendono cos\u00ec un viaggio lungo la rotta balcanica verso l\u2019Italia, un cammino segnato dall\u2019incertezza ma illuminato dalla speranza di trovare un luogo in cui poter tornare a suonare. Durante il percorso incontrano Greta, una dottoressa italiana. Insieme, i tre si troveranno ad affrontare scelte destinate a cambiare per sempre le loro vite.<\/p>\n<p><img decoding=\"async\" src=\"https:\/\/www.europesays.com\/it\/wp-content\/uploads\/2026\/09\/mostra-cinema-venezia-2026-matilda-de-angelis-balcanica-wp.jpg\" alt=\"Mostra del Cinema di Venezia 2026 Balcanica Matilda De Angelis\" loading=\"lazy\"\/><\/p>\n<p class=\"lvbg-post-image__credits-v2\">\u00a9Webphoto<\/p>\n<p>09:15<\/p>\n<p>Fuori Concorso &#8211; Fiction, il film italiano Nessun dolore di Gianni Amelio e con Alessandro Borghi, Valeria Golino e Valerio Mastandrea<\/p>\n<p><strong>Fuori Concorso <\/strong>c&#8217;\u00e8 il <strong>film Fiction italiano<\/strong> Nessun dolore di <strong>Gianni Amelio <\/strong>e con <strong>Alessandro Borghi<\/strong>, <strong>Valeria Golino<\/strong> e <strong>Valerio Mastandrea<\/strong>.<\/p>\n<p>Davide \u00e8 un trentenne con la passione dei libri: non ne legge tanti ma li vende, in una piazza di Roma. La sua cliente pi\u00f9 fedele, Elsa, \u00e8 anche sua complice, gli fornisce i volumi di seconda mano e lo colma di affetto e tenerezza. Qualcosa per\u00f2 s\u2019incrina in un giorno come tanti: a Davide viene \u201cconsegnato\u201d d\u2019improvviso, per strada, come un pacco, un bambino che viene dal Nordafrica, e che non lo lascia pi\u00f9, lo segue in silenzio come un cagnolino fedele. Un incidente, la corsa in ospedale con il piccolo sconosciuto tra la vita e la morte. E Davide che entra in un inferno personale fatto di reticenze, rimorsi, smarrimento.<\/p>\n<p><img decoding=\"async\" src=\"https:\/\/www.europesays.com\/it\/wp-content\/uploads\/2026\/09\/mostra-cinema-venezia-2026-alessandro-borghi-2-getty.jpg\" alt=\"Mostra del Cinema di Venezia 2026 Alessandro Borghi\" loading=\"lazy\"\/><\/p>\n<p class=\"lvbg-post-image__credits-v2\">\u00a9Getty<\/p>\n<p>09:05<\/p>\n<p>Fuori Concorso &#8211; Non Fiction, Burgundy di Michael Dweck e Gregory Kershaw<\/p>\n<p><strong>Fuori Concorso<\/strong> tra i <strong>film Non Fiction<\/strong> c&#8217;\u00e8 anche Burgundy di <strong>Michael Dweck<\/strong> e <strong>Gregory Kershaw<\/strong>.<\/p>\n<p>In Borgogna, i vini pi\u00f9 famosi al mondo sono solo un tassello del racconto. Dietro ogni bottiglia si cela un universo plasmato da rituali e memorie, e da chi si dedica a custodirli o trasformarli.<\/p>\n<p>08:55<\/p>\n<p>Fuori Concorso &#8211; Non Fiction, Everest: The Other Side di Elizabeth Chai Vasarhelyi e Jimmy Chin<\/p>\n<p><strong>Fuori Concorso<\/strong> c&#8217;\u00e8 il <strong>film Non Fiction<\/strong> Everest: The Other Side di <strong>Elizabeth Chai Vasarhelyi <\/strong>e <strong>Jimmy Chin<\/strong>.<\/p>\n<p>Gli scialpinisti di livello mondiale <strong>Jim Morrison<\/strong> e <strong>Hilaree Nelson<\/strong> si sono innamorati mentre raggiungevano i vertici del loro sport. La loro intesa si \u00e8 trasformata in un sogno condiviso: scalare e scendere con gli sci lungo la direttissima della parete nord dell\u2019Everest, l\u2019ascensione pi\u00f9 pericolosa della montagna e la linea di discesa sciistica pi\u00f9 ambita al mondo.<\/p>\n<p><img decoding=\"async\" src=\"https:\/\/www.europesays.com\/it\/wp-content\/uploads\/2026\/09\/mostra-cinema-venezia-2026-everest-the-other-side-wp.jpg\" alt=\"Mostra del Cinema di Venezia 2026 Everest the Other Side\" loading=\"lazy\"\/><\/p>\n<p class=\"lvbg-post-image__credits-v2\">\u00a9Webphoto<\/p>\n<p>08:45<\/p>\n<p>Concorso, Wild Horse Nine di Martin McDonagh<\/p>\n<p>Sempre in <strong>Concorso <\/strong>c\u2019\u00e8 il <strong>film <\/strong>Wild Horse Nine di <strong>Martin McDonagh<\/strong> e con <strong>John Malkovich<\/strong>, <strong>Sam Rockwell <\/strong>e <strong>Steve Buscemi<\/strong>.<\/p>\n<p>Poco prima del colpo di Stato cileno del 1973, gli agenti della CIA Chris e Lee vengono inviati da Santiago all\u2019Isola di Pasqua dal loro capo, MJ. Il legame stretto da Chris con due studentesse ribelli rischia di far prendere una piega imprevista al soggiorno di tutti.<\/p>\n<p><img decoding=\"async\" src=\"https:\/\/www.europesays.com\/it\/wp-content\/uploads\/2026\/09\/mostra-cinema-venezia-2026-wild-horse-nine-wp.jpg\" alt=\"Mostra del Cinema di Venezia 2026 film Wild Horse Nine Martin McDonagh\" loading=\"lazy\"\/><\/p>\n<p class=\"lvbg-post-image__credits-v2\">\u00a9Webphoto<\/p>\n<p>08:35<\/p>\n<p>Mostra del Cinema di Venezia 2026, al via la seconda giornata<\/p>\n<p>Oggi, <strong>gioved\u00ec 3 settembre 2026<\/strong>, si apre la <strong>seconda giornata<\/strong> dell\u2019<strong>83\u00aa edizione della Mostra Internazionale d\u2019Arte Cinematografica della Biennale di Venezia <\/strong>con la giuria presieduta dall&#8217;attrice e regista statunitense <strong>Maggie Gyllenhaal<\/strong>.<\/p>\n<p><a href=\"https:\/\/tg24.sky.it\/spettacolo\/cinema\/2026\/09\/02\/giuria-mostra-del-cinema-di-venezia-2026\" title=\"Mostra del Cinema di Venezia 2026, ecco i membri delle giurie. FOTO\" class=\"lvbg-post-link\" data-intcmp=\"skytg24_liveblog_liveblog-preview_null\" data-analytics-element=\"liveblog-preview\" rel=\"nofollow noopener\" target=\"_blank\"><img alt=\"Mostra del Cinema di Venezia 2026, ecco i membri delle giurie. FOTO\" style=\"opacity:0;transition:opacity 0.3s\" class=\"lvbg-post-link__image\"\/>Mostra del Cinema di Venezia 2026, ecco i membri delle giurie. FOTOVai al contenuto <\/a><\/p>\n<p>08:25<\/p>\n<p>Concorso, Bucking Fastard di Werner Herzog<\/p>\n<p>Tra i <strong>21 film in<\/strong> <strong>Concorso <\/strong>c\u2019\u00e8 Bucking Fastard di <strong>Werner Herzog<\/strong> e con <strong>Kate Mara<\/strong>, <strong>Rooney Mara<\/strong>, <strong>Orlando Bloom<\/strong> e <strong>Domhnall Gleeson<\/strong>.<\/p>\n<p>Racconta la storia di due sorelle, Jean e Joan Holbrooke, cos\u00ec unite da parlare all\u2019unisono, amare lo stesso uomo e condividere gli stessi sogni.<\/p>\n<p><a href=\"https:\/\/tg24.sky.it\/spettacolo\/cinema\/2026\/07\/23\/festival-cinema-venezia-2026\" title=\"Mostra del Cinema di Venezia 2026, tutti i film in concorso\" class=\"lvbg-post-link\" data-intcmp=\"skytg24_liveblog_liveblog-preview_null\" data-analytics-element=\"liveblog-preview\" rel=\"nofollow noopener\" target=\"_blank\"><img alt=\"Mostra del Cinema di Venezia 2026, tutti i film in concorso\" style=\"opacity:0;transition:opacity 0.3s\" class=\"lvbg-post-link__image\"\/>Mostra del Cinema di Venezia 2026, tutti i film in concorsoVai al contenuto <\/a><\/p>\n","protected":false},"excerpt":{"rendered":"Oggi, gioved\u00ec 3 settembre 2026, si apre la seconda giornata dell\u201983\u00aa edizione della Mostra Internazionale d\u2019Arte Cinematografica della&hellip;\n","protected":false},"author":3,"featured_media":662942,"comment_status":"","ping_status":"","sticky":false,"template":"","format":"standard","meta":{"footnotes":"","_share_on_mastodon":"0"},"categories":[174],"tags":[637,28119,203,53874,454,204,1537,90,89],"class_list":["post-662941","post","type-post","status-publish","format-standard","has-post-thumbnail","category-intrattenimento","tag-attori","tag-attrici","tag-entertainment","tag-festival-di-venezia","tag-film","tag-intrattenimento","tag-it","tag-italia","tag-italy"],"share_on_mastodon":{"url":"https:\/\/pubeurope.com\/@it\/117207499810485436","error":""},"_links":{"self":[{"href":"https:\/\/www.europesays.com\/it\/wp-json\/wp\/v2\/posts\/662941","targetHints":{"allow":["GET"]}}],"collection":[{"href":"https:\/\/www.europesays.com\/it\/wp-json\/wp\/v2\/posts"}],"about":[{"href":"https:\/\/www.europesays.com\/it\/wp-json\/wp\/v2\/types\/post"}],"author":[{"embeddable":true,"href":"https:\/\/www.europesays.com\/it\/wp-json\/wp\/v2\/users\/3"}],"replies":[{"embeddable":true,"href":"https:\/\/www.europesays.com\/it\/wp-json\/wp\/v2\/comments?post=662941"}],"version-history":[{"count":0,"href":"https:\/\/www.europesays.com\/it\/wp-json\/wp\/v2\/posts\/662941\/revisions"}],"wp:featuredmedia":[{"embeddable":true,"href":"https:\/\/www.europesays.com\/it\/wp-json\/wp\/v2\/media\/662942"}],"wp:attachment":[{"href":"https:\/\/www.europesays.com\/it\/wp-json\/wp\/v2\/media?parent=662941"}],"wp:term":[{"taxonomy":"category","embeddable":true,"href":"https:\/\/www.europesays.com\/it\/wp-json\/wp\/v2\/categories?post=662941"},{"taxonomy":"post_tag","embeddable":true,"href":"https:\/\/www.europesays.com\/it\/wp-json\/wp\/v2\/tags?post=662941"}],"curies":[{"name":"wp","href":"https:\/\/api.w.org\/{rel}","templated":true}]}}