{"id":662962,"date":"2026-09-03T14:31:17","date_gmt":"2026-09-03T14:31:17","guid":{"rendered":"https:\/\/www.europesays.com\/it\/662962\/"},"modified":"2026-09-03T14:31:17","modified_gmt":"2026-09-03T14:31:17","slug":"sottovalutati-nelle-aste-del-fantacalcio-ecco-cinque-nomi-per-la-vostra-difesa","status":"publish","type":"post","link":"https:\/\/www.europesays.com\/it\/662962\/","title":{"rendered":"Sottovalutati nelle aste del fantacalcio: ecco cinque nomi per la vostra difesa"},"content":{"rendered":"<p class=\"font-bold md:hidden text-ink leading-[22px]\">\n            1 di 6\n        <\/p>\n<p>                    <a href=\"https:\/\/www.sosfanta.com\/news\/difensori-sottovalutati-asta-fantacalcio\/2\/\" class=\"flex justify-center items-center w-12 h-12 rounded-full cursor-pointer md:px-4 md:w-auto md:h-12 bg-primary-light md:gap-[11px] hover:bg-primary\" aria-label=\"Scheda successiva\" rel=\"nofollow noopener\" target=\"_blank\"><\/p>\n<p>                   Prossima scheda 1 di 6<\/p>\n<p>            <\/a><\/p>\n<p>        PAVARD<\/p>\n<p>\nBenjamin <strong>Pavard<\/strong> \u00e8 rimasto all&#8217;Inter, pronto a giocarsi le sue carte. E Chivu sembra pronto a dargli fiducia, non \u00e8 andato a voto nella prima partita ma \u00e8 partito da titolare alla seconda giornata. E occhio al suo prezzo all&#8217;asta: grazie ai PMA di FantaLab possiamo vedere che in questo momento costa&#8230; un solo credito. Il nostro consiglio \u00e8 di non spingervi troppo in avanti ma il francese vuole assicurarsi un posto da titolare nella difesa dell&#8217;Inter e potreste fare un ottimo affare. Potete scoprire il nostro prezzo suggerito sulle nostre fasce con <a href=\"http:\/\/fantalab.it\/sos\" rel=\"nofollow noopener\" target=\"_blank\">FantaLab premium<\/a> e il nostro codice sconto SOS.\n<\/p>\n<p>        <img src=\"https:\/\/www.europesays.com\/it\/wp-content\/uploads\/2026\/09\/IMG_8575-7135c6642b8d-1200x675.jpg\"   width=\"711\" height=\"400\" alt=\"IMG_8575\" title=\"IMG_8575\" loading=\"eager\" fetchpriority=\"high\" decoding=\"sync\" class=\"w-full h-auto aspect-3\/2 object-cover object-top rounded-lg\"\/><\/p>\n<p class=\"font-bold md:hidden text-ink leading-[22px]\">\n            1 di 6\n        <\/p>\n<p>                    <a href=\"https:\/\/www.sosfanta.com\/news\/difensori-sottovalutati-asta-fantacalcio\/2\/\" class=\"flex justify-center items-center w-12 h-12 rounded-full cursor-pointer md:px-4 md:w-auto md:h-12 bg-primary-light md:gap-[11px] hover:bg-primary\" aria-label=\"Scheda successiva\" rel=\"nofollow noopener\" target=\"_blank\"><\/p>\n<p>                   Prossima scheda 1 di 6<\/p>\n<p>            <\/a><\/p>\n","protected":false},"excerpt":{"rendered":"1 di 6 Prossima scheda 1 di 6 PAVARD Benjamin Pavard \u00e8 rimasto all&#8217;Inter, pronto a giocarsi le&hellip;\n","protected":false},"author":3,"featured_media":662963,"comment_status":"","ping_status":"","sticky":false,"template":"","format":"standard","meta":{"footnotes":"","_share_on_mastodon":"0"},"categories":[176],"tags":[154392,8235,30861,14819,43259,1034,18332,33569,30588,767,720,57251,2498,564,1976,299522,350,1537,90,89,33581,33582,329306,6410,179909,8040,14283,1290,12901,4734,125882,365473,245,244],"class_list":["post-662962","post","type-post","status-publish","format-standard","has-post-thumbnail","category-sport","tag-approfittarne","tag-assist","tag-asta","tag-aste","tag-belghali","tag-buon","tag-cifre","tag-cost","tag-crediti","tag-difesa","tag-fantacalcio","tag-fantalab","tag-forma","tag-giocatore","tag-gol","tag-gzn_page_title","tag-inter","tag-it","tag-italia","tag-italy","tag-low","tag-low-cost","tag-mangas","tag-medio","tag-obrador","tag-occhio","tag-pagare","tag-partita","tag-potete","tag-prezzo","tag-prezzo-medio","tag-spingervi","tag-sport","tag-sports"],"share_on_mastodon":{"url":"https:\/\/pubeurope.com\/@it\/117207597052703762","error":""},"_links":{"self":[{"href":"https:\/\/www.europesays.com\/it\/wp-json\/wp\/v2\/posts\/662962","targetHints":{"allow":["GET"]}}],"collection":[{"href":"https:\/\/www.europesays.com\/it\/wp-json\/wp\/v2\/posts"}],"about":[{"href":"https:\/\/www.europesays.com\/it\/wp-json\/wp\/v2\/types\/post"}],"author":[{"embeddable":true,"href":"https:\/\/www.europesays.com\/it\/wp-json\/wp\/v2\/users\/3"}],"replies":[{"embeddable":true,"href":"https:\/\/www.europesays.com\/it\/wp-json\/wp\/v2\/comments?post=662962"}],"version-history":[{"count":0,"href":"https:\/\/www.europesays.com\/it\/wp-json\/wp\/v2\/posts\/662962\/revisions"}],"wp:featuredmedia":[{"embeddable":true,"href":"https:\/\/www.europesays.com\/it\/wp-json\/wp\/v2\/media\/662963"}],"wp:attachment":[{"href":"https:\/\/www.europesays.com\/it\/wp-json\/wp\/v2\/media?parent=662962"}],"wp:term":[{"taxonomy":"category","embeddable":true,"href":"https:\/\/www.europesays.com\/it\/wp-json\/wp\/v2\/categories?post=662962"},{"taxonomy":"post_tag","embeddable":true,"href":"https:\/\/www.europesays.com\/it\/wp-json\/wp\/v2\/tags?post=662962"}],"curies":[{"name":"wp","href":"https:\/\/api.w.org\/{rel}","templated":true}]}}